{"id":2853,"date":"2023-08-26T10:31:32","date_gmt":"2023-08-26T13:31:32","guid":{"rendered":"https:\/\/www.catedracosgaya.com.ar\/tipoblog\/2023\/?p=2853"},"modified":"2023-08-26T10:31:32","modified_gmt":"2023-08-26T13:31:32","slug":"__trashed-9","status":"publish","type":"post","link":"https:\/\/www.catedracosgaya.com.ar\/tipoblog\/2023\/__trashed-9\/","title":{"rendered":"\u00bfUna buena forma de impactar a mis clientes?"},"content":{"rendered":"\n<figure class=\"wp-block-gallery has-nested-images columns-default is-cropped wp-block-gallery-1 is-layout-flex wp-block-gallery-is-layout-flex\"><\/figure>\n\n\n\n<p>Para el an\u00e1lisis pedido elegimos como interfaz digital un sitio web de una dise\u00f1adora freelance llamada Elvina Prasad de la ciudad de Vancouver, Canad\u00e1. Fue creada recientemente, en el a\u00f1o 2022, teniendo como funci\u00f3n principal ser un portfolio profesional, presentando algunos de sus tantos trabajos que ha realizado en los a\u00f1os, de esta manera la p\u00e1gina web est\u00e1 destinada exponer sus trabajos realizados y que futuros clientes tengan tanto como acceso para que puedan ver sus capacidades dise\u00f1ando en varias \u00e1reas del dise\u00f1o, como contacto directo para contratar sus servicios.<\/p>\n\n\n\n<p>A partir del eje compositivo estudiaremos la totalidad de la interfaz desde una mirada tipogr\u00e1fica y visual. Comenzando por los elementos, vemos que la pantalla principal est\u00e1 compuesta por plenos de color blanco y negro, omitiendo por completo los colores y generando un alto contraste visual. Por otro lado, tenemos la tipograf\u00eda, tres palabras con un cuerpo de texto a gran escala alineados tanto a la izquierda como a la derecha. Tambi\u00e9n, se observa a medida que uno scrollea la p\u00e1gina web im\u00e1genes de sus trabajos aportando algo de color a la interfaz. Sin embargo, la propuesta est\u00e9tica sigue siendo el color como elemento secundario, teniendo a la tipograf\u00eda como el principal. Se utilizan pocas miscel\u00e1neas, son l\u00edneas de poco grosor y estructuran la composici\u00f3n y gu\u00edan a la navegaci\u00f3n por la web.<\/p>\n\n\n\n<figure class=\"wp-block-image size-large\"><img loading=\"lazy\" decoding=\"async\" width=\"1024\" height=\"540\" src=\"https:\/\/www.catedracosgaya.com.ar\/tipoblog\/2023\/wp-content\/uploads\/2023\/08\/WhatsApp-Image-2023-08-25-at-23.00.17-1024x540.jpeg\" alt=\"\" class=\"wp-image-2864\" srcset=\"https:\/\/www.catedracosgaya.com.ar\/tipoblog\/2023\/wp-content\/uploads\/2023\/08\/WhatsApp-Image-2023-08-25-at-23.00.17-1024x540.jpeg 1024w, https:\/\/www.catedracosgaya.com.ar\/tipoblog\/2023\/wp-content\/uploads\/2023\/08\/WhatsApp-Image-2023-08-25-at-23.00.17-300x158.jpeg 300w, https:\/\/www.catedracosgaya.com.ar\/tipoblog\/2023\/wp-content\/uploads\/2023\/08\/WhatsApp-Image-2023-08-25-at-23.00.17-768x405.jpeg 768w, https:\/\/www.catedracosgaya.com.ar\/tipoblog\/2023\/wp-content\/uploads\/2023\/08\/WhatsApp-Image-2023-08-25-at-23.00.17-1200x633.jpeg 1200w, https:\/\/www.catedracosgaya.com.ar\/tipoblog\/2023\/wp-content\/uploads\/2023\/08\/WhatsApp-Image-2023-08-25-at-23.00.17.jpeg 1440w\" sizes=\"auto, (max-width: 1024px) 100vw, 1024px\" \/><\/figure>\n\n\n\n<p>La tipograf\u00eda seleccionada fue la Helv\u00e9tica, una sans serif con excelente legibilidad y sin ornamentos que puedan interferir en la lectura. Entrando m\u00e1s en la historia de la helv\u00e9tica, nos traslada al estilo tipogr\u00e1fico internacional, donde dicha tipograf\u00eda fue dise\u00f1ada en los a\u00f1os \u00b460, ya que encontramos relaci\u00f3n en la disposici\u00f3n de los elementos, sin cargar mucho la pieza total, la objetividad y la facilidad de lectura para cualquier persona, el claro uso de una grilla donde a partir de la tipograf\u00eda como elemento principal organiza la totalidad de la pieza.<\/p>\n\n\n\n<p>Ya que la tipograf\u00eda es lo principal, la dise\u00f1adora aprovecha al momento de jerarquizar tama\u00f1os de cuerpo grandes para diferenciar secciones o el men\u00fa. Observamos que la densidad de informaci\u00f3n es pr\u00e1cticamente baja, est\u00e1 relacionado a como usa estrat\u00e9gicamente la tipograf\u00eda y al empleo de im\u00e1genes, lo tomamos como algo positivo para el destinatario para que no se distraiga y logrando una comunicaci\u00f3n sea clara.&nbsp;<\/p>\n\n\n\n<p>El sitio presenta una peque\u00f1a animaci\u00f3n en la pantalla principal descubriendo la tipograf\u00eda. En un primer ingreso a la p\u00e1gina, las palabras se encuentran alineadas a la derecha y tambi\u00e9n a la izquierda, a medida que el usuario scrollea hacia abajo se observa c\u00f3mo las palabras van desplaz\u00e1ndose hacia el centro, en este caso la decisi\u00f3n est\u00e1 bien justificada ya que estas palabras explican una idea de centro. Siguiendo con las animaciones, al clickear uno de sus trabajos, en la secci\u00f3n de proyectos, se despliega una peque\u00f1a previsualizaci\u00f3n de los dise\u00f1os que ha realizado.<\/p>\n\n\n\n<p>Es interesante c\u00f3mo utiliza la tipograf\u00eda para presentarse ante los destinatarios, sintetiza en palabras lo que m\u00e1s la identifica, en tama\u00f1os de cuerpo grande y para destacar una palabra en especifica la escribe en variable bold.&nbsp;<\/p>\n\n\n\n<p>El dinamismo con la interacci\u00f3n del usuario es fundamental, se presentan en gr\u00e1fica, el cursor adopta un lugar en el sitio, siendo un c\u00edrculo negro que a medida que se recorre la tipograf\u00eda, interviene en contraste por donde el usuario va moviendo su cursor, y generando la variable en bold para indicar que ese texto funciona como link a otra p\u00e1gina del sitio.<\/p>\n\n\n\n<p>Concluimos que no hay una gran innovaci\u00f3n desde un punto de vista tipogr\u00e1fico, sin embargo, vemos que es perfectamente funcional y cumple su objetivo de impacto para que su portfolio sea atractivo y, a partir de las herramientas que proporciona el dise\u00f1o, se mantiene un tono profesional\/formal a lo largo de toda&nbsp; la interfaz, aportando un dinamismo y a su vez, una imagen personal aportada por la voz que toma en alguno de sus textos, mencionando en su contenido aspectos que la construyen a nivel personal.<\/p>\n\n\n\n<figure class=\"wp-block-image size-large\"><img loading=\"lazy\" decoding=\"async\" width=\"1024\" height=\"540\" src=\"https:\/\/www.catedracosgaya.com.ar\/tipoblog\/2023\/wp-content\/uploads\/2023\/08\/WhatsApp-Image-2023-08-25-at-23.00.17-1-1024x540.jpeg\" alt=\"\" class=\"wp-image-2865\" srcset=\"https:\/\/www.catedracosgaya.com.ar\/tipoblog\/2023\/wp-content\/uploads\/2023\/08\/WhatsApp-Image-2023-08-25-at-23.00.17-1-1024x540.jpeg 1024w, https:\/\/www.catedracosgaya.com.ar\/tipoblog\/2023\/wp-content\/uploads\/2023\/08\/WhatsApp-Image-2023-08-25-at-23.00.17-1-300x158.jpeg 300w, https:\/\/www.catedracosgaya.com.ar\/tipoblog\/2023\/wp-content\/uploads\/2023\/08\/WhatsApp-Image-2023-08-25-at-23.00.17-1-768x405.jpeg 768w, https:\/\/www.catedracosgaya.com.ar\/tipoblog\/2023\/wp-content\/uploads\/2023\/08\/WhatsApp-Image-2023-08-25-at-23.00.17-1-1200x633.jpeg 1200w, https:\/\/www.catedracosgaya.com.ar\/tipoblog\/2023\/wp-content\/uploads\/2023\/08\/WhatsApp-Image-2023-08-25-at-23.00.17-1.jpeg 1440w\" sizes=\"auto, (max-width: 1024px) 100vw, 1024px\" \/><\/figure>\n\n\n\n<figure class=\"wp-block-image size-large\"><img loading=\"lazy\" decoding=\"async\" width=\"1024\" height=\"540\" src=\"https:\/\/www.catedracosgaya.com.ar\/tipoblog\/2023\/wp-content\/uploads\/2023\/08\/WhatsApp-Image-2023-08-25-at-23.00.17-2-1024x540.jpeg\" alt=\"\" class=\"wp-image-2866\" srcset=\"https:\/\/www.catedracosgaya.com.ar\/tipoblog\/2023\/wp-content\/uploads\/2023\/08\/WhatsApp-Image-2023-08-25-at-23.00.17-2-1024x540.jpeg 1024w, https:\/\/www.catedracosgaya.com.ar\/tipoblog\/2023\/wp-content\/uploads\/2023\/08\/WhatsApp-Image-2023-08-25-at-23.00.17-2-300x158.jpeg 300w, https:\/\/www.catedracosgaya.com.ar\/tipoblog\/2023\/wp-content\/uploads\/2023\/08\/WhatsApp-Image-2023-08-25-at-23.00.17-2-768x405.jpeg 768w, https:\/\/www.catedracosgaya.com.ar\/tipoblog\/2023\/wp-content\/uploads\/2023\/08\/WhatsApp-Image-2023-08-25-at-23.00.17-2-1200x633.jpeg 1200w, https:\/\/www.catedracosgaya.com.ar\/tipoblog\/2023\/wp-content\/uploads\/2023\/08\/WhatsApp-Image-2023-08-25-at-23.00.17-2.jpeg 1440w\" sizes=\"auto, (max-width: 1024px) 100vw, 1024px\" \/><\/figure>\n\n\n\n<figure class=\"wp-block-image size-large\"><img loading=\"lazy\" decoding=\"async\" width=\"1024\" height=\"540\" src=\"https:\/\/www.catedracosgaya.com.ar\/tipoblog\/2023\/wp-content\/uploads\/2023\/08\/WhatsApp-Image-2023-08-25-at-23.00.17-3-1024x540.jpeg\" alt=\"\" class=\"wp-image-2869\" srcset=\"https:\/\/www.catedracosgaya.com.ar\/tipoblog\/2023\/wp-content\/uploads\/2023\/08\/WhatsApp-Image-2023-08-25-at-23.00.17-3-1024x540.jpeg 1024w, https:\/\/www.catedracosgaya.com.ar\/tipoblog\/2023\/wp-content\/uploads\/2023\/08\/WhatsApp-Image-2023-08-25-at-23.00.17-3-300x158.jpeg 300w, https:\/\/www.catedracosgaya.com.ar\/tipoblog\/2023\/wp-content\/uploads\/2023\/08\/WhatsApp-Image-2023-08-25-at-23.00.17-3-768x405.jpeg 768w, https:\/\/www.catedracosgaya.com.ar\/tipoblog\/2023\/wp-content\/uploads\/2023\/08\/WhatsApp-Image-2023-08-25-at-23.00.17-3-1200x633.jpeg 1200w, https:\/\/www.catedracosgaya.com.ar\/tipoblog\/2023\/wp-content\/uploads\/2023\/08\/WhatsApp-Image-2023-08-25-at-23.00.17-3.jpeg 1440w\" sizes=\"auto, (max-width: 1024px) 100vw, 1024px\" \/><\/figure>\n","protected":false},"excerpt":{"rendered":"<p>Para el an\u00e1lisis pedido elegimos como interfaz digital un sitio web de una dise\u00f1adora freelance llamada Elvina Prasad de la ciudad de Vancouver, Canad\u00e1. Fue creada recientemente, en el a\u00f1o 2022, teniendo como funci\u00f3n principal ser un portfolio profesional, presentando algunos de sus tantos trabajos que ha realizado en los a\u00f1os, de esta manera la [&hellip;]<\/p>\n","protected":false},"author":91,"featured_media":2861,"comment_status":"open","ping_status":"open","sticky":false,"template":"","format":"standard","meta":{"_acf_changed":false,"footnotes":""},"categories":[1],"tags":[],"comision":[14],"eje":[4],"class_list":["post-2853","post","type-post","status-publish","format-standard","has-post-thumbnail","hentry","category-sin-categoria","comision-aku-nika","eje-composicion"],"acf":[],"_links":{"self":[{"href":"https:\/\/www.catedracosgaya.com.ar\/tipoblog\/2023\/wp-json\/wp\/v2\/posts\/2853","targetHints":{"allow":["GET"]}}],"collection":[{"href":"https:\/\/www.catedracosgaya.com.ar\/tipoblog\/2023\/wp-json\/wp\/v2\/posts"}],"about":[{"href":"https:\/\/www.catedracosgaya.com.ar\/tipoblog\/2023\/wp-json\/wp\/v2\/types\/post"}],"author":[{"embeddable":true,"href":"https:\/\/www.catedracosgaya.com.ar\/tipoblog\/2023\/wp-json\/wp\/v2\/users\/91"}],"replies":[{"embeddable":true,"href":"https:\/\/www.catedracosgaya.com.ar\/tipoblog\/2023\/wp-json\/wp\/v2\/comments?post=2853"}],"version-history":[{"count":5,"href":"https:\/\/www.catedracosgaya.com.ar\/tipoblog\/2023\/wp-json\/wp\/v2\/posts\/2853\/revisions"}],"predecessor-version":[{"id":2870,"href":"https:\/\/www.catedracosgaya.com.ar\/tipoblog\/2023\/wp-json\/wp\/v2\/posts\/2853\/revisions\/2870"}],"wp:featuredmedia":[{"embeddable":true,"href":"https:\/\/www.catedracosgaya.com.ar\/tipoblog\/2023\/wp-json\/wp\/v2\/media\/2861"}],"wp:attachment":[{"href":"https:\/\/www.catedracosgaya.com.ar\/tipoblog\/2023\/wp-json\/wp\/v2\/media?parent=2853"}],"wp:term":[{"taxonomy":"category","embeddable":true,"href":"https:\/\/www.catedracosgaya.com.ar\/tipoblog\/2023\/wp-json\/wp\/v2\/categories?post=2853"},{"taxonomy":"post_tag","embeddable":true,"href":"https:\/\/www.catedracosgaya.com.ar\/tipoblog\/2023\/wp-json\/wp\/v2\/tags?post=2853"},{"taxonomy":"comision","embeddable":true,"href":"https:\/\/www.catedracosgaya.com.ar\/tipoblog\/2023\/wp-json\/wp\/v2\/comision?post=2853"},{"taxonomy":"eje","embeddable":true,"href":"https:\/\/www.catedracosgaya.com.ar\/tipoblog\/2023\/wp-json\/wp\/v2\/eje?post=2853"}],"curies":[{"name":"wp","href":"https:\/\/api.w.org\/{rel}","templated":true}]}}