{"id":1260,"date":"2023-08-25T18:28:36","date_gmt":"2023-08-25T21:28:36","guid":{"rendered":"https:\/\/www.catedracosgaya.com.ar\/tipoblog\/2023\/?p=1260"},"modified":"2023-08-25T18:49:17","modified_gmt":"2023-08-25T21:49:17","slug":"del-papel-a-la-pantalla","status":"publish","type":"post","link":"https:\/\/www.catedracosgaya.com.ar\/tipoblog\/2023\/del-papel-a-la-pantalla\/","title":{"rendered":"Del papel a la pantalla"},"content":{"rendered":"\n<p><strong>El desafio compositivo en la transicion de la industria editorial a la era digital<em>.<\/em><\/strong><\/p>\n\n\n\n<figure class=\"wp-block-image size-large\"><img loading=\"lazy\" decoding=\"async\" width=\"1024\" height=\"495\" src=\"https:\/\/www.catedracosgaya.com.ar\/tipoblog\/2023\/wp-content\/uploads\/2023\/08\/Captura-de-Pantalla-2023-08-25-a-las-15.19.32-1-1024x495.png\" alt=\"\" class=\"wp-image-1366\" srcset=\"https:\/\/www.catedracosgaya.com.ar\/tipoblog\/2023\/wp-content\/uploads\/2023\/08\/Captura-de-Pantalla-2023-08-25-a-las-15.19.32-1-1024x495.png 1024w, https:\/\/www.catedracosgaya.com.ar\/tipoblog\/2023\/wp-content\/uploads\/2023\/08\/Captura-de-Pantalla-2023-08-25-a-las-15.19.32-1-300x145.png 300w, https:\/\/www.catedracosgaya.com.ar\/tipoblog\/2023\/wp-content\/uploads\/2023\/08\/Captura-de-Pantalla-2023-08-25-a-las-15.19.32-1-768x371.png 768w, https:\/\/www.catedracosgaya.com.ar\/tipoblog\/2023\/wp-content\/uploads\/2023\/08\/Captura-de-Pantalla-2023-08-25-a-las-15.19.32-1-1536x742.png 1536w, https:\/\/www.catedracosgaya.com.ar\/tipoblog\/2023\/wp-content\/uploads\/2023\/08\/Captura-de-Pantalla-2023-08-25-a-las-15.19.32-1-2048x989.png 2048w, https:\/\/www.catedracosgaya.com.ar\/tipoblog\/2023\/wp-content\/uploads\/2023\/08\/Captura-de-Pantalla-2023-08-25-a-las-15.19.32-1-1200x580.png 1200w, https:\/\/www.catedracosgaya.com.ar\/tipoblog\/2023\/wp-content\/uploads\/2023\/08\/Captura-de-Pantalla-2023-08-25-a-las-15.19.32-1-1980x956.png 1980w\" sizes=\"auto, (max-width: 1024px) 100vw, 1024px\" \/><\/figure>\n\n\n\n<p>La revista Dazed and Confused fue creada en 1991 en Londres, Inglaterra. Es un medio de comunicaci\u00f3n contracultural que difunde la cultura de vanguardia y juvenil que tiene como fin visibilizar artistas emergentes y crear tendencias alternativas. Destinada al p\u00fablico underground de creadores, artistas, dise\u00f1adores y m\u00fasicos, de cualquier g\u00e9nero, d\u00e1ndole lugar a la comunidad LGBTIQ+, la revista responde a la problem\u00e1tica de la monopolizaci\u00f3n de la cultura de masas.&nbsp;<\/p>\n\n\n\n<p>La versi\u00f3n web que analizaremos fue lanzada en 2008, en un contexto donde, si bien exist\u00eda internet desde hace un tiempo, se dio el boom de facebook, que caus\u00f3&nbsp; una proliferaci\u00f3n de p\u00e1ginas webs. Entre ellas, la digitalizaci\u00f3n de publicaciones impresas. Gracias al postscript y a la comercializaci\u00f3n de tipograf\u00edas, comenz\u00f3 a democratizarse internet y la tecnolog\u00eda, dando lugar a que la tipograf\u00eda sea m\u00e1s accesible que nunca.&nbsp;<\/p>\n\n\n\n<p>En la interfaz, podemos observar que la revista propone una est\u00e9tica relacionada a las tendencias de los a\u00f1os 90s, en donde el maximalismo propuesto en la versi\u00f3n f\u00edsica se traslada a la interfaz de modo minimalista haciendo uso de tipograf\u00edas geom\u00e9tricas, pesadas y expandidas, as\u00ed tambi\u00e9n de colores llamativos y ne\u00f3n. La tipograf\u00eda cumple un rol sustancial a nivel identitario y compositivo: con el uso de tipograf\u00edas nobles geom\u00e9tricas y expandidas, en caja alta y variables pesadas, se genera un lenguaje que responde a lo que quiere comunicar la revista y, a su vez, se alinea con las tendencias de dise\u00f1o contempor\u00e1neas. Gracias a la composici\u00f3n, responde a la est\u00e9tica que propone y al mismo tiempo se identifica y lee f\u00e1cilmente la informaci\u00f3n. El uso de variables es consistente: aunque s\u00f3lo usa dos, se entiende f\u00e1cilmente la funci\u00f3n de cada variable: min\u00fascula regular para lectura, may\u00fascula black para los t\u00edtulos. De esta manera, la tipograf\u00eda ordena visualmente el espacio: acent\u00faa la decisi\u00f3n de que la pantalla est\u00e9 estructurada por ejes paralelos con columnas y filas, a diferencia de la revista impresa en donde esa estructura tambi\u00e9n la delimita las im\u00e1genes, no solo la tipograf\u00eda. En conclusi\u00f3n, la tipograf\u00eda responde a la grilla y la evidencia.<\/p>\n\n\n\n<p><\/p>\n\n\n\n<figure class=\"wp-block-image size-large\"><img loading=\"lazy\" decoding=\"async\" width=\"1024\" height=\"511\" src=\"https:\/\/www.catedracosgaya.com.ar\/tipoblog\/2023\/wp-content\/uploads\/2023\/08\/dazed-texto-1024x511.png\" alt=\"\" class=\"wp-image-2006\" srcset=\"https:\/\/www.catedracosgaya.com.ar\/tipoblog\/2023\/wp-content\/uploads\/2023\/08\/dazed-texto-1024x511.png 1024w, https:\/\/www.catedracosgaya.com.ar\/tipoblog\/2023\/wp-content\/uploads\/2023\/08\/dazed-texto-300x150.png 300w, https:\/\/www.catedracosgaya.com.ar\/tipoblog\/2023\/wp-content\/uploads\/2023\/08\/dazed-texto-768x384.png 768w, https:\/\/www.catedracosgaya.com.ar\/tipoblog\/2023\/wp-content\/uploads\/2023\/08\/dazed-texto-1536x767.png 1536w, https:\/\/www.catedracosgaya.com.ar\/tipoblog\/2023\/wp-content\/uploads\/2023\/08\/dazed-texto-2048x1023.png 2048w, https:\/\/www.catedracosgaya.com.ar\/tipoblog\/2023\/wp-content\/uploads\/2023\/08\/dazed-texto-1200x599.png 1200w, https:\/\/www.catedracosgaya.com.ar\/tipoblog\/2023\/wp-content\/uploads\/2023\/08\/dazed-texto-1980x989.png 1980w\" sizes=\"auto, (max-width: 1024px) 100vw, 1024px\" \/><\/figure>\n\n\n\n<p>A diferencia de la p\u00e1gina web, donde se presenta una arquitectura de la informaci\u00f3n evidente, modulada y con un orden claro, la revista impresa propone diversas formas de componer su contenido, donde el protagonismo no solo lo tiene la tipograf\u00eda sino tambi\u00e9n el uso de im\u00e1genes y otros componentes gr\u00e1ficos. Se puede observar el uso de diferentes familias tipogr\u00e1ficas con un amplio empleo de variables y un constante juego entre tama\u00f1os y jerarqu\u00edas. Adem\u00e1s, se utilizan modulaciones variadas y diversas paletas crom\u00e1ticas: se propone una composici\u00f3n mucho menos convencional.&nbsp;<\/p>\n\n\n\n<p>En conclusi\u00f3n: la edici\u00f3n impresa tiene una exploraci\u00f3n compositiva mucho m\u00e1s rica, explotando al m\u00e1ximo los recursos gr\u00e1ficos y tipogr\u00e1ficos. En contraposici\u00f3n, la interfaz se apoya notablemente en el uso de la tipograf\u00eda de forma sistem\u00e1tica y repetitiva para generar una identidad y una experiencia de usuario m\u00e1s amigable, proponiendo principalmente una lectura r\u00e1pida e intuitiva, respondiendo de esta manera a las condiciones que se presentan en la actualidad, donde los consumos son ef\u00edmeros y la instantaneidad es esencial. Entonces, el traslado del contenido se hace de forma acotada: permitiendo al usuario su consumo, a diferencia de la posibilidad de lecturas inmersivas que se proponen en la versi\u00f3n impresa. La interfaz de la revista se vuelve entonces un especie de blog con pocos recursos, contenido claro, corto y conciso, dejando atr\u00e1s la complejidad de la revista impresa.<\/p>\n\n\n\n<figure class=\"wp-block-image size-large\"><img loading=\"lazy\" decoding=\"async\" width=\"1024\" height=\"562\" src=\"https:\/\/www.catedracosgaya.com.ar\/tipoblog\/2023\/wp-content\/uploads\/2023\/08\/Captura-de-Pantalla-2023-08-25-a-las-16.52.33-1-1024x562.png\" alt=\"\" class=\"wp-image-1971\" srcset=\"https:\/\/www.catedracosgaya.com.ar\/tipoblog\/2023\/wp-content\/uploads\/2023\/08\/Captura-de-Pantalla-2023-08-25-a-las-16.52.33-1-1024x562.png 1024w, https:\/\/www.catedracosgaya.com.ar\/tipoblog\/2023\/wp-content\/uploads\/2023\/08\/Captura-de-Pantalla-2023-08-25-a-las-16.52.33-1-300x165.png 300w, https:\/\/www.catedracosgaya.com.ar\/tipoblog\/2023\/wp-content\/uploads\/2023\/08\/Captura-de-Pantalla-2023-08-25-a-las-16.52.33-1-768x422.png 768w, https:\/\/www.catedracosgaya.com.ar\/tipoblog\/2023\/wp-content\/uploads\/2023\/08\/Captura-de-Pantalla-2023-08-25-a-las-16.52.33-1-1536x843.png 1536w, https:\/\/www.catedracosgaya.com.ar\/tipoblog\/2023\/wp-content\/uploads\/2023\/08\/Captura-de-Pantalla-2023-08-25-a-las-16.52.33-1-2048x1124.png 2048w, https:\/\/www.catedracosgaya.com.ar\/tipoblog\/2023\/wp-content\/uploads\/2023\/08\/Captura-de-Pantalla-2023-08-25-a-las-16.52.33-1-1200x659.png 1200w, https:\/\/www.catedracosgaya.com.ar\/tipoblog\/2023\/wp-content\/uploads\/2023\/08\/Captura-de-Pantalla-2023-08-25-a-las-16.52.33-1-1980x1087.png 1980w\" sizes=\"auto, (max-width: 1024px) 100vw, 1024px\" \/><figcaption class=\"wp-element-caption\">Imagen de doble pagina de la edici\u00f3n impresa. A\u00f1o 2016<\/figcaption><\/figure>\n\n\n\n<p><\/p>\n","protected":false},"excerpt":{"rendered":"<p>El desafio compositivo en la transicion de la industria editorial a la era digital. La revista Dazed and Confused fue creada en 1991 en Londres, Inglaterra. Es un medio de comunicaci\u00f3n contracultural que difunde la cultura de vanguardia y juvenil que tiene como fin visibilizar artistas emergentes y crear tendencias alternativas. Destinada al p\u00fablico underground [&hellip;]<\/p>\n","protected":false},"author":63,"featured_media":0,"comment_status":"open","ping_status":"open","sticky":false,"template":"","format":"standard","meta":{"_acf_changed":false,"footnotes":""},"categories":[1],"tags":[101,100,74,17,99,20],"comision":[12],"eje":[4],"class_list":["post-1260","post","type-post","status-publish","format-standard","hentry","category-sin-categoria","tag-arte","tag-cultura","tag-diseno-grafico","tag-interfaz","tag-revista-digital","tag-tipografia","comision-juan-juli","eje-composicion"],"acf":[],"_links":{"self":[{"href":"https:\/\/www.catedracosgaya.com.ar\/tipoblog\/2023\/wp-json\/wp\/v2\/posts\/1260","targetHints":{"allow":["GET"]}}],"collection":[{"href":"https:\/\/www.catedracosgaya.com.ar\/tipoblog\/2023\/wp-json\/wp\/v2\/posts"}],"about":[{"href":"https:\/\/www.catedracosgaya.com.ar\/tipoblog\/2023\/wp-json\/wp\/v2\/types\/post"}],"author":[{"embeddable":true,"href":"https:\/\/www.catedracosgaya.com.ar\/tipoblog\/2023\/wp-json\/wp\/v2\/users\/63"}],"replies":[{"embeddable":true,"href":"https:\/\/www.catedracosgaya.com.ar\/tipoblog\/2023\/wp-json\/wp\/v2\/comments?post=1260"}],"version-history":[{"count":15,"href":"https:\/\/www.catedracosgaya.com.ar\/tipoblog\/2023\/wp-json\/wp\/v2\/posts\/1260\/revisions"}],"predecessor-version":[{"id":2131,"href":"https:\/\/www.catedracosgaya.com.ar\/tipoblog\/2023\/wp-json\/wp\/v2\/posts\/1260\/revisions\/2131"}],"wp:attachment":[{"href":"https:\/\/www.catedracosgaya.com.ar\/tipoblog\/2023\/wp-json\/wp\/v2\/media?parent=1260"}],"wp:term":[{"taxonomy":"category","embeddable":true,"href":"https:\/\/www.catedracosgaya.com.ar\/tipoblog\/2023\/wp-json\/wp\/v2\/categories?post=1260"},{"taxonomy":"post_tag","embeddable":true,"href":"https:\/\/www.catedracosgaya.com.ar\/tipoblog\/2023\/wp-json\/wp\/v2\/tags?post=1260"},{"taxonomy":"comision","embeddable":true,"href":"https:\/\/www.catedracosgaya.com.ar\/tipoblog\/2023\/wp-json\/wp\/v2\/comision?post=1260"},{"taxonomy":"eje","embeddable":true,"href":"https:\/\/www.catedracosgaya.com.ar\/tipoblog\/2023\/wp-json\/wp\/v2\/eje?post=1260"}],"curies":[{"name":"wp","href":"https:\/\/api.w.org\/{rel}","templated":true}]}}