{"id":2672,"date":"2021-10-01T16:10:01","date_gmt":"2021-10-01T19:10:01","guid":{"rendered":"https:\/\/www.catedracosgaya.com.ar\/tipoblog\/2021\/?p=2672"},"modified":"2021-10-26T16:06:46","modified_gmt":"2021-10-26T19:06:46","slug":"el-mundial-genocida","status":"publish","type":"post","link":"https:\/\/www.catedracosgaya.com.ar\/tipoblog\/2021\/el-mundial-genocida\/","title":{"rendered":"El mundial genocida"},"content":{"rendered":"\n<h5 class=\"wp-block-heading\"><strong>En 1978, durante la \u00faltima dictadura militar, Argentina fue sede de la Copa Mundial de F\u00fatbol. En ese contexto, tanto nacional como internacionalmente, se realizaban acciones para repudiar dicho evento.\u00a0<\/strong><\/h5>\n\n\n\n<p><\/p>\n\n\n\n<p>En Francia se origin\u00f3 el Comit\u00e9 Organizador del boicot a la Copa del Mundo en Argentina, que imprim\u00eda piezas gr\u00e1ficas en repudio su realizaci\u00f3n. El movimiento se extendi\u00f3 por otros pa\u00edses de Europa. <strong>Denunciaban las violaciones a los derechos humanos en el pa\u00eds<\/strong>, y c\u00f3mo se intentaba ocultar la situaci\u00f3n con el campeonato. Ve\u00edan en este evento similitudes con los Juegos Ol\u00edmpicos de Berl\u00edn en 1936, que resultaron en una propaganda eficaz para Hitler.<\/p>\n\n\n\n<figure class=\"wp-block-gallery aligncenter columns-2 is-cropped wp-block-gallery-1 is-layout-flex wp-block-gallery-is-layout-flex\"><ul class=\"blocks-gallery-grid\"><li class=\"blocks-gallery-item\"><figure><img loading=\"lazy\" decoding=\"async\" width=\"900\" height=\"775\" src=\"https:\/\/www.catedracosgaya.com.ar\/tipoblog\/2021\/wp-content\/uploads\/2021\/10\/tiren-papelitos-el-mundial-78-entre-la-fiesta-y-el-horror-333584-2.jpg\" alt=\"\" data-id=\"2725\" data-full-url=\"https:\/\/www.catedracosgaya.com.ar\/tipoblog\/2021\/wp-content\/uploads\/2021\/10\/tiren-papelitos-el-mundial-78-entre-la-fiesta-y-el-horror-333584-2.jpg\" data-link=\"https:\/\/www.catedracosgaya.com.ar\/tipoblog\/2021\/?attachment_id=2725\" class=\"wp-image-2725\" srcset=\"https:\/\/www.catedracosgaya.com.ar\/tipoblog\/2021\/wp-content\/uploads\/2021\/10\/tiren-papelitos-el-mundial-78-entre-la-fiesta-y-el-horror-333584-2.jpg 900w, https:\/\/www.catedracosgaya.com.ar\/tipoblog\/2021\/wp-content\/uploads\/2021\/10\/tiren-papelitos-el-mundial-78-entre-la-fiesta-y-el-horror-333584-2-300x258.jpg 300w, https:\/\/www.catedracosgaya.com.ar\/tipoblog\/2021\/wp-content\/uploads\/2021\/10\/tiren-papelitos-el-mundial-78-entre-la-fiesta-y-el-horror-333584-2-768x661.jpg 768w\" sizes=\"auto, (max-width: 900px) 100vw, 900px\" \/><\/figure><\/li><li class=\"blocks-gallery-item\"><figure><img loading=\"lazy\" decoding=\"async\" width=\"757\" height=\"500\" src=\"https:\/\/www.catedracosgaya.com.ar\/tipoblog\/2021\/wp-content\/uploads\/2021\/10\/0006-2.jpg\" alt=\"\" data-id=\"2728\" data-full-url=\"https:\/\/www.catedracosgaya.com.ar\/tipoblog\/2021\/wp-content\/uploads\/2021\/10\/0006-2.jpg\" data-link=\"https:\/\/www.catedracosgaya.com.ar\/tipoblog\/2021\/?attachment_id=2728\" class=\"wp-image-2728\" srcset=\"https:\/\/www.catedracosgaya.com.ar\/tipoblog\/2021\/wp-content\/uploads\/2021\/10\/0006-2.jpg 757w, https:\/\/www.catedracosgaya.com.ar\/tipoblog\/2021\/wp-content\/uploads\/2021\/10\/0006-2-300x198.jpg 300w\" sizes=\"auto, (max-width: 757px) 100vw, 757px\" \/><\/figure><\/li><\/ul><figcaption class=\"blocks-gallery-caption\"><em>Piezas gr\u00e1ficas del boicot franc\u00e9s<\/em> <\/figcaption><\/figure>\n\n\n\n<p>En Argentina, el boicot tuvo lugar en diferentes formas de intervenci\u00f3n p\u00fablica: graffitis urbanos, participaci\u00f3n de artistas en manifestaciones, y mediante <strong>carteles pol\u00edticos hechos en imprentas clandestinas.\u00a0<\/strong><\/p>\n\n\n\n<p><strong>El afiche elegido resignifica el logotipo original del mundial.<\/strong> Se mantiene el \u00abArgentina \u201878\u00bb, se reemplaza la pelota de f\u00fatbol por la cara de una persona, y se sugiere que est\u00e1 encarcelada. <strong>La postura ideol\u00f3gica de la pieza es sumamente evidente<\/strong>, y es su aspecto central. La leyenda que aparece debajo juega con el hecho de que Argentina era la sede del evento.<\/p>\n\n\n\n<figure class=\"wp-block-image size-full is-resized\"><img loading=\"lazy\" decoding=\"async\" src=\"https:\/\/www.catedracosgaya.com.ar\/tipoblog\/2021\/wp-content\/uploads\/2021\/10\/2621ff702ee4db9bfa018106926129e9.jpg\" alt=\"\" class=\"wp-image-2751\" width=\"285\" height=\"303\" srcset=\"https:\/\/www.catedracosgaya.com.ar\/tipoblog\/2021\/wp-content\/uploads\/2021\/10\/2621ff702ee4db9bfa018106926129e9.jpg 550w, https:\/\/www.catedracosgaya.com.ar\/tipoblog\/2021\/wp-content\/uploads\/2021\/10\/2621ff702ee4db9bfa018106926129e9-283x300.jpg 283w\" sizes=\"auto, (max-width: 285px) 100vw, 285px\" \/><figcaption><em>Logotipo original del mundial, dise\u00f1o de Juan Riera (1973)<\/em><\/figcaption><\/figure>\n\n\n\n<p><strong>La pieza expl\u00edcitamente invoca al lector con un pedido:<\/strong> \u00absu repudio puede salvar una vida\u00bb. Debajo se encuentra la traducci\u00f3n al ingl\u00e9s. Teniendo en cuenta el alcance mundial del boicot, el car\u00e1cter biling\u00fce dispara la pregunta sobre el destinatario al que apunta la pieza: <em>\u00bfEs internacional o nacional? \u00bfA qui\u00e9n se le pide el repudio?<\/em> M\u00e1s all\u00e1 de la respuesta, se busca impactar e incomodar al lector, impulsarlo a la acci\u00f3n, y al mismo tiempo provocar al gobierno de facto.<\/p>\n\n\n\n<p>En los 70, muchos dise\u00f1adores dibujaban sus tipograf\u00edas a mano. <strong>Las irregularidades que surgen de esta t\u00e9cnica le dan expresividad<\/strong> tanto al t\u00edtulo (cuya estructura se modifica levemente) como a la imagen. Estas evidencian el car\u00e1cter econ\u00f3mico y clandestino de la pieza. La composici\u00f3n centrada no s\u00f3lo surge del logo original, sino que es caracter\u00edstica del afiche y le da protagonismo al contenido. La tipograf\u00eda y la imagen funcionan simult\u00e1neamente. La elecci\u00f3n tipogr\u00e1fica del t\u00edtulo se utiliza como veh\u00edculo para el mensaje, ya que, al igual que la imagen, toma las caracter\u00edsticas del famoso logo. La tipograf\u00eda utilizada en el logo original (<strong>Helv\u00e9tica<\/strong> o similar) es tomada como base para la construcci\u00f3n del \u00abArgentina \u201878\u00bb.<\/p>\n\n\n\n<p>Las otras tipograf\u00edas utilizadas diferencian los niveles de lectura de la pieza. Su elecci\u00f3n seguramente fue influenciada por la disponibilidad en la imprenta, ya que est\u00e1n <strong>impresas con tipos m\u00f3viles<\/strong>. Debido a esto la l\u00ednea de base es irregular y la interpalabra es tan amplia que llega a afectar negativamente la lectura de la pieza. En el segundo nivel de lectura, con el contenido m\u00e1s impactante, la tipograf\u00eda es <strong>Franklin Gothic<\/strong> condensada, una sans serif grotesca que aporta pregnancia. En el texto m\u00e1s peque\u00f1o se utiliza <strong>Flanker Garaldus<\/strong>, una serif romana antigua, en it\u00e1lica y may\u00fascula.<\/p>\n\n\n\n<p class=\"has-normal-font-size\"><strong>Aunque la campa\u00f1a no logr\u00f3 impedir el Mundial, fue exitosa en difundir la denuncia sobre los cr\u00edmenes de la dictadura en el pa\u00eds.<\/strong><\/p>\n\n\n\n<hr class=\"wp-block-separator aligncenter is-style-wide\" \/>\n\n\n\n<p style=\"font-size:17px\"><strong>Cr\u00e9ditos de las im\u00e1genes:<\/strong><\/p>\n\n\n\n<p style=\"font-size:17px\"><em>Argentina &#8217;78: Sede Mundial De La Tortura Y La Violacion De Los Derechos Humanos: Su Repudio Puede Salvar Una Vida. Librer\u00eda del Congreso de Estados Unidos <\/em><a href=\"https:\/\/www.loc.gov\/item\/2016651140\/\">https:\/\/www.loc.gov\/item\/2016651140\/<\/a>\u00a0<\/p>\n\n\n\n<p style=\"font-size:17px\">Piezas gr\u00e1ficas del boicot franc\u00e9s <a href=\"http:\/\/mimateriahoy.blogspot.com\/2014\/06\/afiches-contra-el-mundial-de-argentina.html\">http:\/\/mimateriahoy.blogspot.com\/2014\/06\/afiches-contra-el-mundial-de-argentina.html<\/a> <a href=\"https:\/\/www.perfil.com\/noticias\/arte\/el-terrorismo-de-estado-y-la-celebracion-del-futbol-en-una-muestra-sobre-el-mundial-78.phtml\">https:\/\/www.perfil.com\/noticias\/arte\/el-terrorismo-de-estado-y-la-celebracion-del-futbol-en-una-muestra-sobre-el-mundial-78.phtml<\/a><\/p>\n\n\n\n<p style=\"font-size:17px\"><strong>Fuentes:<\/strong><\/p>\n\n\n\n<p style=\"font-size:17px\"><em>La \u00abcampa\u00f1a antiargentina<\/em>\u00bb <a href=\"https:\/\/www.espn.com.ar\/noticias\/nota?s=futbol\/mundiales&amp;id=1867623&amp;type=story\">https:\/\/www.espn.com.ar\/noticias\/nota?s=futbol\/mundiales&amp;id=1867623&amp;type=story<\/a><\/p>\n\n\n\n<p style=\"font-size:17px\"><em>Temas pendientes: la Izquierda francesa y alemana frente al Campeonato Mundial de F\u00fatbol Argentina 78<\/em> <a href=\"http:\/\/www.iaa.fadu.uba.ar\/ojs\/index.php\/anales\/rt\/printerFriendly\/100\/html_57\">http:\/\/www.iaa.fadu.uba.ar\/ojs\/index.php\/anales\/rt\/printerFriendly\/100\/html_57<\/a><\/p>\n\n\n\n<p style=\"font-size:17px\"><em>Dictadura, deporte y memoria <\/em><a href=\"https:\/\/www.argentina.gob.ar\/sites\/default\/files\/cuadernillo_mundial_78.pdf\">https:\/\/www.argentina.gob.ar\/sites\/default\/files\/cuadernillo_mundial_78.pdf<\/a>\u00a0<\/p>\n\n\n\n<p style=\"font-size:17px\"><em>Par\u00eds, el centro de las campa\u00f1as del boicot al Mundial de la Argentina<\/em> <a href=\"https:\/\/www.telam.com.ar\/notas\/202006\/471714-mundial-78-argentina-boicot.html\">https:\/\/www.telam.com.ar\/notas\/202006\/471714-mundial-78-argentina-boicot.html<\/a><\/p>\n\n\n\n<p style=\"font-size:17px\"><em>Las pesadillas de Videla en el Mundial 78: la resistencia de las \u00ablocas de la Plaza<\/em>\u00bb<em> y el desaf\u00edo de los papelitos de Clemente<\/em> <a href=\"https:\/\/www.infobae.com\/sociedad\/2021\/05\/15\/las-pesadillas-de-videla-en-el-mundial-78-la-resistencia-de-las-locas-de-la-plaza-y-el-desafio-de-los-papelitos-de-clemente\/\">https:\/\/www.infobae.com\/sociedad\/2021\/05\/15\/las-pesadillas-de-videla-en-el-mundial-78-la-resistencia-de-las-locas-de-la-plaza-y-el-desafio-de-los-papelitos-de-clemente\/<\/a><\/p>\n\n\n\n<p style=\"font-size:17px\"><em>El boicot al Mundial 78: un fracaso que fue todo un \u00e9xito <\/em><a href=\"https:\/\/papelitos.com.ar\/nota\/el-boicot-al-mundial\">https:\/\/papelitos.com.ar\/nota\/el-boicot-al-mundial<\/a><\/p>\n\n\n\n<p style=\"font-size:17px\"><em>Helv\u00e9tica: la tipograf\u00eda <\/em><a href=\"https:\/\/tiposconcaracter.es\/helvetica-la-tipografia\/\">https:\/\/tiposconcaracter.es\/helvetica-la-tipografia\/<\/a>\u00a0<\/p>\n\n\n\n<p style=\"font-size:17px\"><em>Archivo tipogr\u00e1fico: Garaldus <\/em><a href=\"http:\/\/www.archiviotipografico.it\/en-GB\/collection\/types\/garaldus\">http:\/\/www.archiviotipografico.it\/en-GB\/collection\/types\/garaldus<\/a><\/p>\n\n\n\n<p><\/p>\n<div class=\"remoji_bar\"><div class=\"remoji_add_container\" data-remoji-id=\"2672\" data-remoji-type=\"post\"><div class=\"remoji_add_icon\"><\/div><\/div><div class=\"remoji_error_bar\" data-remoji-id=\"2672\" data-remoji-type=\"post\" style=\"display: none;\">Error happened.<\/div><\/div>","protected":false},"excerpt":{"rendered":"<p>En 1978, durante la \u00faltima dictadura militar, Argentina fue sede de la Copa Mundial de F\u00fatbol. En ese contexto, tanto nacional como internacionalmente, se realizaban acciones para repudiar dicho evento.\u00a0 En Francia se origin\u00f3 el Comit\u00e9 Organizador del boicot a la Copa del Mundo en Argentina, que imprim\u00eda piezas gr\u00e1ficas en repudio su realizaci\u00f3n. El [&hellip;]<\/p>\n","protected":false},"author":86,"featured_media":2731,"comment_status":"open","ping_status":"closed","sticky":false,"template":"","format":"standard","meta":{"_acf_changed":false,"footnotes":""},"categories":[1],"tags":[],"calif":[29],"comision":[12],"eje":[14],"pieza":[],"class_list":["post-2672","post","type-post","status-publish","format-standard","has-post-thumbnail","hentry","category-sin-categoria","calif-29","comision-pato-may","eje-concepto-mensaje"],"acf":[],"_links":{"self":[{"href":"https:\/\/www.catedracosgaya.com.ar\/tipoblog\/2021\/wp-json\/wp\/v2\/posts\/2672","targetHints":{"allow":["GET"]}}],"collection":[{"href":"https:\/\/www.catedracosgaya.com.ar\/tipoblog\/2021\/wp-json\/wp\/v2\/posts"}],"about":[{"href":"https:\/\/www.catedracosgaya.com.ar\/tipoblog\/2021\/wp-json\/wp\/v2\/types\/post"}],"author":[{"embeddable":true,"href":"https:\/\/www.catedracosgaya.com.ar\/tipoblog\/2021\/wp-json\/wp\/v2\/users\/86"}],"replies":[{"embeddable":true,"href":"https:\/\/www.catedracosgaya.com.ar\/tipoblog\/2021\/wp-json\/wp\/v2\/comments?post=2672"}],"version-history":[{"count":19,"href":"https:\/\/www.catedracosgaya.com.ar\/tipoblog\/2021\/wp-json\/wp\/v2\/posts\/2672\/revisions"}],"predecessor-version":[{"id":3145,"href":"https:\/\/www.catedracosgaya.com.ar\/tipoblog\/2021\/wp-json\/wp\/v2\/posts\/2672\/revisions\/3145"}],"wp:featuredmedia":[{"embeddable":true,"href":"https:\/\/www.catedracosgaya.com.ar\/tipoblog\/2021\/wp-json\/wp\/v2\/media\/2731"}],"wp:attachment":[{"href":"https:\/\/www.catedracosgaya.com.ar\/tipoblog\/2021\/wp-json\/wp\/v2\/media?parent=2672"}],"wp:term":[{"taxonomy":"category","embeddable":true,"href":"https:\/\/www.catedracosgaya.com.ar\/tipoblog\/2021\/wp-json\/wp\/v2\/categories?post=2672"},{"taxonomy":"post_tag","embeddable":true,"href":"https:\/\/www.catedracosgaya.com.ar\/tipoblog\/2021\/wp-json\/wp\/v2\/tags?post=2672"},{"taxonomy":"calif","embeddable":true,"href":"https:\/\/www.catedracosgaya.com.ar\/tipoblog\/2021\/wp-json\/wp\/v2\/calif?post=2672"},{"taxonomy":"comision","embeddable":true,"href":"https:\/\/www.catedracosgaya.com.ar\/tipoblog\/2021\/wp-json\/wp\/v2\/comision?post=2672"},{"taxonomy":"eje","embeddable":true,"href":"https:\/\/www.catedracosgaya.com.ar\/tipoblog\/2021\/wp-json\/wp\/v2\/eje?post=2672"},{"taxonomy":"pieza","embeddable":true,"href":"https:\/\/www.catedracosgaya.com.ar\/tipoblog\/2021\/wp-json\/wp\/v2\/pieza?post=2672"}],"curies":[{"name":"wp","href":"https:\/\/api.w.org\/{rel}","templated":true}]}}