{"id":812,"date":"2020-11-05T22:57:22","date_gmt":"2020-11-06T01:57:22","guid":{"rendered":"http:\/\/www.catedracosgaya.com.ar\/tipoblog\/2020\/?p=812"},"modified":"2020-11-20T00:11:39","modified_gmt":"2020-11-20T03:11:39","slug":"una-conversacion-sobre-el-antirracismo-que-esta-en-curso","status":"publish","type":"post","link":"https:\/\/www.catedracosgaya.com.ar\/tipoblog\/2020\/una-conversacion-sobre-el-antirracismo-que-esta-en-curso\/","title":{"rendered":"Una conversaci\u00f3n sobre el antirracismo que est\u00e1 en curso"},"content":{"rendered":"\n<h3 class=\"has-text-align-center wp-block-heading\">Qu\u00e9 es y c\u00f3mo se ve en la pr\u00e1ctica&nbsp;<\/h3>\n\n\n\n<p>Dados los \u00faltimos acontecimientos que ocurrieron en Estados Unidos, esto ha tenido a todos a los afrodescendientes y a nivel internacional, una revoluci\u00f3n en la que se han suscitado en el marco de la pandemia, se han aumentado las denuncias hist\u00f3ricas de las personas negras y por las que han tenido que luchar desde siempre.&nbsp;<\/p>\n\n\n\n<p>El contexto del confinamiento de la pandemia mundial ha puesto sobre la mesa la desigualdad, el racismo, la discriminaci\u00f3n, los discurso de odio y el asesinato deliberado de mujeres y hombres afro con el racismo estructural e institucional como sus complices. Esta realidad ha movilizado a personas cautas e incautas, en gran parte de la poblaci\u00f3n no negra, donde hay un deseo de acompa\u00f1ar a la lucha afro y en alg\u00fan punto, a auto reconocerse antirracista.<\/p>\n\n\n\n<p>Sin embargo, el \u00bfc\u00f3mo?, \u00bfcu\u00e1ndo? y desde \u00bfdonde hacerlo? son algunas de las interrogantes que surgen para muchos en estos contextos al momento de involucrarse. Es por eso que a partir de este texto se busca que nuevas personas contribuyan a conciencia, con esta causa.<\/p>\n\n\n\n<h5 class=\"wp-block-heading\">En el d\u00eda a d\u00eda<\/h5>\n\n\n\n<ul class=\"wp-block-list\"><li>Como parte de la poblaci\u00f3n negra o no, hay que identificar su lugar en la lucha afro.<\/li><li>El racismo siempre ha estado en la sociedad, nunca ha dejado de existir, es solo que ahora hay m\u00e1s posibilidades, gracias a que todo se puede documentar, filmar, denunciar y exponer.&nbsp;<\/li><li>Cuando te encontr\u00e9s con historias que te pueden involucrar, sumate al reclamo, tu voz tambi\u00e9n es escuchada y tiene valor.&nbsp;<\/li><li>No participes y mucho menos, guardes silencio ante bromas y comentarios racistas.<\/li><li>Busc\u00e1 aprender m\u00e1s, informate, compr\u00e1 libros, eleg\u00ed programas de TV o pel\u00edculas que aporten al conocimiento sobre el por qu\u00e9 se apoya esta causa. Demostr\u00e1 a las dem\u00e1s personas sobre los prejuicios conscientes e inconscientes que son producidos por las personas no negras&nbsp; y que perjudican de manera directa, a la comunidad afro.<\/li><\/ul>\n\n\n\n<h5 class=\"wp-block-heading\">Deconstru\u00ed tu conocimiento en lo personal<\/h5>\n\n\n\n<ul class=\"wp-block-list\"><li>Compr\u00e1, lee y compart\u00ed literatura negra.<\/li><li>Difund\u00ed textos que muestren la historia afro desde la narrativa de sus protagonistas. La historia negra no naci\u00f3 con la trata de esclavos, sin embargo, ese es un mito que se ha propagado y enriquecido en gran parte de la sociedad, por eso debe ser cuestionado y erradicado.<\/li><\/ul>\n\n\n\n<h5 class=\"wp-block-heading\">En el \u00e1mbito acad\u00e9mico<\/h5>\n\n\n\n<ul class=\"wp-block-list\"><li>Contempl\u00e1 la cantidad de obras escritas por gente negra. Las personas africanas y las que luchan contra el racismo, han escrito sobre los muchos caminos hacia la verdadera equidad e igualdad. Donde la mejor manera de demostrar el compromiso con la comunidad negra ha sido la interacci\u00f3n genuina con la gente. Empezando con los libros, en los cuales se encuentran muchas de las preguntas sobre las experiencias negras, respondidas por ellos mismos.<\/li><li>Si sos educador, ten\u00e9s derecho a exigir al Estado, Ministerio de Educaci\u00f3n y a las autoridades correspondientes de las instituciones en las que se desempe\u00f1a la labor, material educativo donde se refleje todas y cada una de las versiones de la historia. Promoviendo que esta se ense\u00f1e correctamente, hablando sobre la esclavitud, la segregaci\u00f3n y los derechos civiles.&nbsp;<\/li><li>Particip\u00e1 en defensa para que las voces sean tenidas en cuenta en el estudio de la historia.<\/li><li>Implement\u00e1 tem\u00e1ticas afro en los programas acad\u00e9micos, teniendo en cuenta la contribuci\u00f3n de la poblaci\u00f3n negra.<\/li><\/ul>\n\n\n\n<h6 class=\"wp-block-heading\">En el \u00e1mbito empresarial<\/h6>\n\n\n\n<ul class=\"wp-block-list\"><li>Propon\u00e9 trabajar con personas afrodescendientes.<\/li><li>Apoy\u00e1 los emprendimientos de la comunidad negra.<\/li><\/ul>\n\n\n\n<h5 class=\"wp-block-heading\">Desde lo pol\u00edtico e institucional<\/h5>\n\n\n\n<ul class=\"wp-block-list\"><li>Anim\u00e1 a tu entorno a llamar o escribir a personas de poder nacional, provincial y gobernadores para que se promueva y apoye las acciones afirmativas en pro de la poblaci\u00f3n afro.<\/li><li>Escrib\u00ed a instituciones educativas y\/o culturales sobre la implementaci\u00f3n de pol\u00edticas p\u00fablicas que promuevan la diversidad racial, \u00e9tnica y socioecon\u00f3mica en estos espacios.<\/li><li>Denunci\u00e1 los prejuicios raciales de personas comunicadoras (periodistas, locutores, comunicadores, influencers) y en general; us\u00e1 las redes sociales y la comunicaci\u00f3n directa con medios para denunciarlos p\u00fablicamente.<\/li><\/ul>\n\n\n\n<p>En conclusi\u00f3n, existen una serie de herramientas para combatir el racismo y contribuir en la causa de miles de personas afro que luchan d\u00eda a d\u00eda para erradicar los antiguos pensamientos que fueron impuestos. \u00a1Si pod\u00e9s animate y sumate a la revoluci\u00f3n!<\/p>\n\n\n\n<figure class=\"wp-block-gallery alignwide columns-2 is-cropped wp-block-gallery-1 is-layout-flex wp-block-gallery-is-layout-flex\"><ul class=\"blocks-gallery-grid\"><li class=\"blocks-gallery-item\"><figure><img loading=\"lazy\" decoding=\"async\" width=\"1024\" height=\"323\" src=\"https:\/\/www.catedracosgaya.com.ar\/tipoblog\/2020\/wp-content\/uploads\/2020\/11\/Captura-de-Pantalla-2020-10-30-a-las-02.52.29-1024x323.png\" alt=\"\" data-id=\"943\" data-link=\"https:\/\/www.catedracosgaya.com.ar\/tipoblog\/2020\/?attachment_id=943\" class=\"wp-image-943\" srcset=\"https:\/\/www.catedracosgaya.com.ar\/tipoblog\/2020\/wp-content\/uploads\/2020\/11\/Captura-de-Pantalla-2020-10-30-a-las-02.52.29-1024x323.png 1024w, https:\/\/www.catedracosgaya.com.ar\/tipoblog\/2020\/wp-content\/uploads\/2020\/11\/Captura-de-Pantalla-2020-10-30-a-las-02.52.29-300x95.png 300w, https:\/\/www.catedracosgaya.com.ar\/tipoblog\/2020\/wp-content\/uploads\/2020\/11\/Captura-de-Pantalla-2020-10-30-a-las-02.52.29-768x242.png 768w, https:\/\/www.catedracosgaya.com.ar\/tipoblog\/2020\/wp-content\/uploads\/2020\/11\/Captura-de-Pantalla-2020-10-30-a-las-02.52.29-1536x485.png 1536w, https:\/\/www.catedracosgaya.com.ar\/tipoblog\/2020\/wp-content\/uploads\/2020\/11\/Captura-de-Pantalla-2020-10-30-a-las-02.52.29-2048x646.png 2048w, https:\/\/www.catedracosgaya.com.ar\/tipoblog\/2020\/wp-content\/uploads\/2020\/11\/Captura-de-Pantalla-2020-10-30-a-las-02.52.29-1200x379.png 1200w, https:\/\/www.catedracosgaya.com.ar\/tipoblog\/2020\/wp-content\/uploads\/2020\/11\/Captura-de-Pantalla-2020-10-30-a-las-02.52.29-1980x625.png 1980w\" sizes=\"auto, (max-width: 1024px) 100vw, 1024px\" \/><figcaption class=\"blocks-gallery-item__caption\">Ilustraci\u00f3n por: <a href=\"https:\/\/www.instagram.com\/afroup\/\" data-type=\"URL\" data-id=\"https:\/\/www.instagram.com\/afroup\/\" target=\"_blank\" rel=\"noreferrer noopener\">@afroup<\/a> &#8211; Colombia  <\/figcaption><\/figure><\/li><li class=\"blocks-gallery-item\"><figure><img loading=\"lazy\" decoding=\"async\" width=\"1024\" height=\"345\" src=\"https:\/\/www.catedracosgaya.com.ar\/tipoblog\/2020\/wp-content\/uploads\/2020\/11\/Captura-de-Pantalla-2020-10-30-a-las-12.57.28-1024x345.png\" alt=\"\" data-id=\"946\" data-link=\"https:\/\/www.catedracosgaya.com.ar\/tipoblog\/2020\/?attachment_id=946\" class=\"wp-image-946\" srcset=\"https:\/\/www.catedracosgaya.com.ar\/tipoblog\/2020\/wp-content\/uploads\/2020\/11\/Captura-de-Pantalla-2020-10-30-a-las-12.57.28-1024x345.png 1024w, https:\/\/www.catedracosgaya.com.ar\/tipoblog\/2020\/wp-content\/uploads\/2020\/11\/Captura-de-Pantalla-2020-10-30-a-las-12.57.28-300x101.png 300w, https:\/\/www.catedracosgaya.com.ar\/tipoblog\/2020\/wp-content\/uploads\/2020\/11\/Captura-de-Pantalla-2020-10-30-a-las-12.57.28-768x259.png 768w, https:\/\/www.catedracosgaya.com.ar\/tipoblog\/2020\/wp-content\/uploads\/2020\/11\/Captura-de-Pantalla-2020-10-30-a-las-12.57.28-1200x404.png 1200w, https:\/\/www.catedracosgaya.com.ar\/tipoblog\/2020\/wp-content\/uploads\/2020\/11\/Captura-de-Pantalla-2020-10-30-a-las-12.57.28.png 1206w\" sizes=\"auto, (max-width: 1024px) 100vw, 1024px\" \/><figcaption class=\"blocks-gallery-item__caption\">Ilustraci\u00f3n por: <a href=\"https:\/\/www.instagram.com\/afroup\/\" data-type=\"URL\" data-id=\"https:\/\/www.instagram.com\/afroup\/\" target=\"_blank\" rel=\"noreferrer noopener\">@afroup <\/a>&#8211; Colombia<a href=\"https:\/\/www.instagram.com\/afroup\/\" data-type=\"URL\" data-id=\"https:\/\/www.instagram.com\/afroup\/\"> <\/a><\/figcaption><\/figure><\/li><li class=\"blocks-gallery-item\"><figure><img loading=\"lazy\" decoding=\"async\" width=\"1024\" height=\"342\" src=\"https:\/\/www.catedracosgaya.com.ar\/tipoblog\/2020\/wp-content\/uploads\/2020\/11\/Captura-de-Pantalla-2020-10-30-a-las-12.57.18-1024x342.png\" alt=\"\" data-id=\"945\" data-link=\"https:\/\/www.catedracosgaya.com.ar\/tipoblog\/2020\/?attachment_id=945\" class=\"wp-image-945\" srcset=\"https:\/\/www.catedracosgaya.com.ar\/tipoblog\/2020\/wp-content\/uploads\/2020\/11\/Captura-de-Pantalla-2020-10-30-a-las-12.57.18-1024x342.png 1024w, https:\/\/www.catedracosgaya.com.ar\/tipoblog\/2020\/wp-content\/uploads\/2020\/11\/Captura-de-Pantalla-2020-10-30-a-las-12.57.18-300x100.png 300w, https:\/\/www.catedracosgaya.com.ar\/tipoblog\/2020\/wp-content\/uploads\/2020\/11\/Captura-de-Pantalla-2020-10-30-a-las-12.57.18-768x257.png 768w, https:\/\/www.catedracosgaya.com.ar\/tipoblog\/2020\/wp-content\/uploads\/2020\/11\/Captura-de-Pantalla-2020-10-30-a-las-12.57.18-1200x401.png 1200w, https:\/\/www.catedracosgaya.com.ar\/tipoblog\/2020\/wp-content\/uploads\/2020\/11\/Captura-de-Pantalla-2020-10-30-a-las-12.57.18.png 1202w\" sizes=\"auto, (max-width: 1024px) 100vw, 1024px\" \/><figcaption class=\"blocks-gallery-item__caption\">Ilustraci\u00f3n por: <a href=\"https:\/\/www.instagram.com\/afroup\/\" data-type=\"URL\" data-id=\"https:\/\/www.instagram.com\/afroup\/\" target=\"_blank\" rel=\"noreferrer noopener\">@afroup<\/a> &#8211; Colombia<\/figcaption><\/figure><\/li><li class=\"blocks-gallery-item\"><figure><img loading=\"lazy\" decoding=\"async\" width=\"1024\" height=\"344\" src=\"https:\/\/www.catedracosgaya.com.ar\/tipoblog\/2020\/wp-content\/uploads\/2020\/11\/Captura-de-Pantalla-2020-11-05-a-las-22.18.40-1-1024x344.png\" alt=\"\" data-id=\"947\" data-full-url=\"https:\/\/www.catedracosgaya.com.ar\/tipoblog\/2020\/wp-content\/uploads\/2020\/11\/Captura-de-Pantalla-2020-11-05-a-las-22.18.40-1.png\" data-link=\"https:\/\/www.catedracosgaya.com.ar\/tipoblog\/2020\/?attachment_id=947\" class=\"wp-image-947\" srcset=\"https:\/\/www.catedracosgaya.com.ar\/tipoblog\/2020\/wp-content\/uploads\/2020\/11\/Captura-de-Pantalla-2020-11-05-a-las-22.18.40-1-1024x344.png 1024w, https:\/\/www.catedracosgaya.com.ar\/tipoblog\/2020\/wp-content\/uploads\/2020\/11\/Captura-de-Pantalla-2020-11-05-a-las-22.18.40-1-300x101.png 300w, https:\/\/www.catedracosgaya.com.ar\/tipoblog\/2020\/wp-content\/uploads\/2020\/11\/Captura-de-Pantalla-2020-11-05-a-las-22.18.40-1-768x258.png 768w, https:\/\/www.catedracosgaya.com.ar\/tipoblog\/2020\/wp-content\/uploads\/2020\/11\/Captura-de-Pantalla-2020-11-05-a-las-22.18.40-1-1200x403.png 1200w, https:\/\/www.catedracosgaya.com.ar\/tipoblog\/2020\/wp-content\/uploads\/2020\/11\/Captura-de-Pantalla-2020-11-05-a-las-22.18.40-1.png 1202w\" sizes=\"auto, (max-width: 1024px) 100vw, 1024px\" \/><figcaption class=\"blocks-gallery-item__caption\">Ilustraci\u00f3n por: <a href=\"https:\/\/www.instagram.com\/afroup\/\" data-type=\"URL\" data-id=\"https:\/\/www.instagram.com\/afroup\/\" target=\"_blank\" rel=\"noreferrer noopener\">@afroup <\/a>&#8211; Colombia<\/figcaption><\/figure><\/li><\/ul><\/figure>\n\n\n\n<p><\/p>\n<div class=\"remoji_bar\"><div class=\"remoji_add_container\" data-remoji-id=\"812\" data-remoji-type=\"post\"><div class=\"remoji_add_icon\"><\/div><\/div><div class=\"remoji_error_bar\" data-remoji-id=\"812\" data-remoji-type=\"post\" style=\"display: none;\">Error happened.<\/div><\/div>","protected":false},"excerpt":{"rendered":"<p>Qu\u00e9 es y c\u00f3mo se ve en la pr\u00e1ctica&nbsp; Dados los \u00faltimos acontecimientos que ocurrieron en Estados Unidos, esto ha tenido a todos a los afrodescendientes y a nivel internacional, una revoluci\u00f3n en la que se han suscitado en el marco de la pandemia, se han aumentado las denuncias hist\u00f3ricas de las personas negras y [&hellip;]<\/p>\n","protected":false},"author":49,"featured_media":934,"comment_status":"open","ping_status":"closed","sticky":false,"template":"","format":"standard","meta":{"_acf_changed":false,"footnotes":""},"categories":[1],"tags":[53,50],"class_list":["post-812","post","type-post","status-publish","format-standard","has-post-thumbnail","hentry","category-sin-categoria","tag-pieza-informal-para-redes","tag-post-de-instagram"],"acf":[],"_links":{"self":[{"href":"https:\/\/www.catedracosgaya.com.ar\/tipoblog\/2020\/wp-json\/wp\/v2\/posts\/812","targetHints":{"allow":["GET"]}}],"collection":[{"href":"https:\/\/www.catedracosgaya.com.ar\/tipoblog\/2020\/wp-json\/wp\/v2\/posts"}],"about":[{"href":"https:\/\/www.catedracosgaya.com.ar\/tipoblog\/2020\/wp-json\/wp\/v2\/types\/post"}],"author":[{"embeddable":true,"href":"https:\/\/www.catedracosgaya.com.ar\/tipoblog\/2020\/wp-json\/wp\/v2\/users\/49"}],"replies":[{"embeddable":true,"href":"https:\/\/www.catedracosgaya.com.ar\/tipoblog\/2020\/wp-json\/wp\/v2\/comments?post=812"}],"version-history":[{"count":3,"href":"https:\/\/www.catedracosgaya.com.ar\/tipoblog\/2020\/wp-json\/wp\/v2\/posts\/812\/revisions"}],"predecessor-version":[{"id":996,"href":"https:\/\/www.catedracosgaya.com.ar\/tipoblog\/2020\/wp-json\/wp\/v2\/posts\/812\/revisions\/996"}],"wp:featuredmedia":[{"embeddable":true,"href":"https:\/\/www.catedracosgaya.com.ar\/tipoblog\/2020\/wp-json\/wp\/v2\/media\/934"}],"wp:attachment":[{"href":"https:\/\/www.catedracosgaya.com.ar\/tipoblog\/2020\/wp-json\/wp\/v2\/media?parent=812"}],"wp:term":[{"taxonomy":"category","embeddable":true,"href":"https:\/\/www.catedracosgaya.com.ar\/tipoblog\/2020\/wp-json\/wp\/v2\/categories?post=812"},{"taxonomy":"post_tag","embeddable":true,"href":"https:\/\/www.catedracosgaya.com.ar\/tipoblog\/2020\/wp-json\/wp\/v2\/tags?post=812"}],"curies":[{"name":"wp","href":"https:\/\/api.w.org\/{rel}","templated":true}]}}