{"id":791,"date":"2020-11-06T00:36:31","date_gmt":"2020-11-06T03:36:31","guid":{"rendered":"http:\/\/www.catedracosgaya.com.ar\/tipoblog\/2020\/?p=791"},"modified":"2020-11-16T19:29:30","modified_gmt":"2020-11-16T22:29:30","slug":"un-silencio-ensordecedor","status":"publish","type":"post","link":"https:\/\/www.catedracosgaya.com.ar\/tipoblog\/2020\/un-silencio-ensordecedor\/","title":{"rendered":"Un silencio ensordecedor"},"content":{"rendered":"\n<p><strong>En el contexto de aislamiento en el que nos encontramos, muchas mujeres pasan m\u00e1s horas conviviendo con sus agresores.<\/strong><br><strong> Haciendo frente a esta problem\u00e1tica, el siguiente spot nos incita a elevar la voz y desnaturalizar la creciente violencia de g\u00e9nero.<\/strong><\/p>\n\n\n\n<figure class=\"wp-block-image size-large is-style-default\"><img loading=\"lazy\" decoding=\"async\" width=\"969\" height=\"912\" src=\"https:\/\/www.catedracosgaya.com.ar\/tipoblog\/2020\/wp-content\/uploads\/2020\/11\/144.jpeg\" alt=\"\" class=\"wp-image-1023\" srcset=\"https:\/\/www.catedracosgaya.com.ar\/tipoblog\/2020\/wp-content\/uploads\/2020\/11\/144.jpeg 969w, https:\/\/www.catedracosgaya.com.ar\/tipoblog\/2020\/wp-content\/uploads\/2020\/11\/144-300x282.jpeg 300w, https:\/\/www.catedracosgaya.com.ar\/tipoblog\/2020\/wp-content\/uploads\/2020\/11\/144-768x723.jpeg 768w\" sizes=\"auto, (max-width: 969px) 100vw, 969px\" \/><figcaption>Linea 144. <a href=\"https:\/\/www.facebook.com\/watch\/?v=526591298052365\" data-type=\"URL\" data-id=\"https:\/\/www.facebook.com\/watch\/?v=526591298052365\">https:\/\/www.facebook.com\/watch\/?v=526591298052365<\/a><\/figcaption><\/figure>\n\n\n\n<p class=\"has-normal-font-size\">En la incomodidad del silencio, el verdadero sonido resalta con fuerza y vive en el binomio opuesto-complementario de su relaci\u00f3n. Este elemento es tan v\u00edvido como el sonido que lo antecede o sucede.<br>En nuestro d\u00eda a d\u00eda, el silencio es un bien muy escaso, por lo que callar otorga la posibilidad de escuchar al otro. Y en la vor\u00e1gine de informaci\u00f3n en que nos vemos inmersos por el uso de las m\u00faltiples plataformas que nos rodean, en su conjunci\u00f3n con el acelerado ritmo de vida que llevamos, no solemos detenernos a ver qu\u00e9 pasa a nuestro alrededor. Esto mismo sucede con la violencia de g\u00e9nero que irrumpe en nuestra cotidianidad.<\/p>\n\n\n\n<p>Teniendo en cuenta esto, la composici\u00f3n de la pieza y su espacialidad refuerzan el mensaje y la estructuran en gran medida desde lo tipogr\u00e1fico, recurso que se potencia discursivamente gracias a su fuerte eje central. Presenta fuertes relaciones vinculares y crom\u00e1ticas que invitan a denunciar casos de violencia de g\u00e9nero mediante la ausencia del sonido y una estrategia discursiva que act\u00faa como medio de expresi\u00f3n cuando las palabras no bastan.<\/p>\n\n\n\n<p>Creemos que el peso que tiene el silencio desde lo emocional se relaciona paralelamente al peso visual gracias a su puesta estructural y a c\u00f3mo organiza la informaci\u00f3n, generando una tensi\u00f3n entre lo discursivo y su respuesta a criterios funcionales de r\u00e1pida lectura, que resulta indispensable al tratarse de un spot multi-plataforma.<br>Adem\u00e1s, la pieza elegida presenta un partido conceptual evidente: el mensaje es el protagonista y los elementos visuales ayudan a producir cierta sensaci\u00f3n de aturdimiento a\u00fan sin o\u00edr sonidos, ver variables estil\u00edsticas ni mostrar informaci\u00f3n banal.<br>Su dimensionalidad pasa a ser una caracter\u00edstica de lo espacial. Teniendo en cuenta la posici\u00f3n y proporci\u00f3n de la composici\u00f3n respecto de la caja, se logra una fuerte relaci\u00f3n de tensiones y equilibrios. La noci\u00f3n de espacio est\u00e1 ligada a las de tiempo y percepci\u00f3n. Cada espacio vac\u00edo conforma una totalidad visual, y por esta raz\u00f3n resulta imprescindible considerar al blanco como un elemento m\u00e1s.<br>El manejo crom\u00e1tico es muy claro: el texto se presenta en color negro sobre fondo blanco para reforzar el mensaje y su elemento conceptual, el silencio. <br>La tipograf\u00eda clarifica este mensaje ya que en ella prevalece un criterio funcional que busca comunicar la problem\u00e1tica presentando un trazo gradual, un sutil contraste entre finos y gruesos que vuelve funcional su uso en destacados, encabezados y t\u00edtulos concisos. Convive con la pieza manteniendo su funcionalidad primaria de comunicaci\u00f3n, mostr\u00e1ndose neutra y adapt\u00e1ndose bien a las pantallas, factor que potencia su rendimiento.<br>El uso de la variable Bold le brinda legibilidad y le otorga firmeza a la composici\u00f3n. Gracias a un peque\u00f1o ajuste en su interletra se vuelve reconocible como bloque total y gana contundencia en su lectura y reproducci\u00f3n.<\/p>\n\n\n\n<p>En conclusi\u00f3n, el comienzo de la escucha es la base misma de la atenci\u00f3n al sonido. Es decir, el imaginarlo u o\u00edrlo radica en el sector m\u00e1s \u00edntimo de nuestras mentes. En palabras de Walter Murch -importante editor cinematogr\u00e1fico y dise\u00f1ador de sonido-, \u00e9ste fluct\u00faa seg\u00fan la experiencia de cada persona y resulta de una muy alta fidelidad porque no es traducido por ninguna clase de medio. Dejemos de invisibilizar la violencia machista. Aunque tengamos la sensaci\u00f3n de que todo est\u00e1 paralizado, este tipo de violencia nunca dej\u00f3 de existir,\u00a0sigue ocurriendo y cada vez m\u00e1s abruma nuestro presente.<br><\/p>\n\n\n\n<p style=\"font-size:17px\">Cortes Coss, Dina Elizabeth. Alfano, Lidia Rodr\u00edguez. (2018). El uso del silencio en mujeres residentes del \u00e1rea metropolitana de Nuevo Le\u00f3n. <em>Universidad Aut\u00f3noma de Nuevo Le\u00f3n, Nuevo Le\u00f3n, M\u00e9xico. <\/em>Recuperado a partir de<br><a href=\"http:\/\/scielo.sld.cu\/pdf\/reds\/v6n3\/2308-0132-reds-6-03-e08.pdf\" data-type=\"URL\" data-id=\"http:\/\/scielo.sld.cu\/pdf\/reds\/v6n3\/2308-0132-reds-6-03-e08.pdf\">http:\/\/scielo.sld.cu\/pdf\/reds\/v6n3\/2308-0132-reds-6-03-e08.pdf <\/a><\/p>\n<div class=\"remoji_bar\"><div class=\"remoji_add_container\" data-remoji-id=\"791\" data-remoji-type=\"post\"><div class=\"remoji_add_icon\"><\/div><\/div><div class=\"remoji_error_bar\" data-remoji-id=\"791\" data-remoji-type=\"post\" style=\"display: none;\">Error happened.<\/div><\/div>","protected":false},"excerpt":{"rendered":"<p>En el contexto de aislamiento en el que nos encontramos, muchas mujeres pasan m\u00e1s horas conviviendo con sus agresores. Haciendo frente a esta problem\u00e1tica, el siguiente spot nos incita a elevar la voz y desnaturalizar la creciente violencia de g\u00e9nero. En la incomodidad del silencio, el verdadero sonido resalta con fuerza y vive en el [&hellip;]<\/p>\n","protected":false},"author":48,"featured_media":0,"comment_status":"open","ping_status":"closed","sticky":false,"template":"","format":"standard","meta":{"_acf_changed":false,"footnotes":""},"categories":[1],"tags":[83],"class_list":["post-791","post","type-post","status-publish","format-standard","hentry","category-sin-categoria","tag-spot-de-concientizacion"],"acf":[],"_links":{"self":[{"href":"https:\/\/www.catedracosgaya.com.ar\/tipoblog\/2020\/wp-json\/wp\/v2\/posts\/791","targetHints":{"allow":["GET"]}}],"collection":[{"href":"https:\/\/www.catedracosgaya.com.ar\/tipoblog\/2020\/wp-json\/wp\/v2\/posts"}],"about":[{"href":"https:\/\/www.catedracosgaya.com.ar\/tipoblog\/2020\/wp-json\/wp\/v2\/types\/post"}],"author":[{"embeddable":true,"href":"https:\/\/www.catedracosgaya.com.ar\/tipoblog\/2020\/wp-json\/wp\/v2\/users\/48"}],"replies":[{"embeddable":true,"href":"https:\/\/www.catedracosgaya.com.ar\/tipoblog\/2020\/wp-json\/wp\/v2\/comments?post=791"}],"version-history":[{"count":3,"href":"https:\/\/www.catedracosgaya.com.ar\/tipoblog\/2020\/wp-json\/wp\/v2\/posts\/791\/revisions"}],"predecessor-version":[{"id":1101,"href":"https:\/\/www.catedracosgaya.com.ar\/tipoblog\/2020\/wp-json\/wp\/v2\/posts\/791\/revisions\/1101"}],"wp:attachment":[{"href":"https:\/\/www.catedracosgaya.com.ar\/tipoblog\/2020\/wp-json\/wp\/v2\/media?parent=791"}],"wp:term":[{"taxonomy":"category","embeddable":true,"href":"https:\/\/www.catedracosgaya.com.ar\/tipoblog\/2020\/wp-json\/wp\/v2\/categories?post=791"},{"taxonomy":"post_tag","embeddable":true,"href":"https:\/\/www.catedracosgaya.com.ar\/tipoblog\/2020\/wp-json\/wp\/v2\/tags?post=791"}],"curies":[{"name":"wp","href":"https:\/\/api.w.org\/{rel}","templated":true}]}}