{"id":552,"date":"2020-11-05T20:09:07","date_gmt":"2020-11-05T23:09:07","guid":{"rendered":"http:\/\/www.catedracosgaya.com.ar\/tipoblog\/2020\/?p=552"},"modified":"2020-11-17T20:53:49","modified_gmt":"2020-11-17T23:53:49","slug":"cuando-el-diseno-y-la-problematica-se-unen","status":"publish","type":"post","link":"https:\/\/www.catedracosgaya.com.ar\/tipoblog\/2020\/cuando-el-diseno-y-la-problematica-se-unen\/","title":{"rendered":"Cuando el dise\u00f1o y la problem\u00e1tica se unen"},"content":{"rendered":"\n<p class=\"has-normal-font-size\">El afiche se origina buscando tratar la problem\u00e1tica de las adicciones m\u00e1s espec\u00edficamente la adicci\u00f3n al paco. Esta campa\u00f1a surge para la prevenci\u00f3n de adicciones encabezada por la defensor\u00eda del pueblo de la ciudad de Buenos aires, junto a Movimiento Madres en Lucha, organizaciones como artistas asociados (Am\u00e1sA) y el Colectivo Grafico (Onaire).<\/p>\n\n\n\n<p>La pieza grafica analizada se caracteriza por el lenguaje del collage, anclando ilustraciones con fragmentos de imagen fotogr\u00e1fica,&nbsp; y la ilustraci\u00f3n funcionando como una unidad gr\u00e1fica. A su vez podemos apreciar en la ilustraci\u00f3n acciones cotidianas tales como, la familia, los amigos, los sue\u00f1os, juegos, etc. Que dentro del contexto de las adicciones es algo que se deja de lado o toma menos relevancia ya que el sujeto afectado por esta enfermedad&nbsp; pierde gran parte del contacto con su entorno.<\/p>\n\n\n\n<figure class=\"wp-block-gallery columns-1 is-cropped wp-block-gallery-1 is-layout-flex wp-block-gallery-is-layout-flex\"><ul class=\"blocks-gallery-grid\"><li class=\"blocks-gallery-item\"><figure><img loading=\"lazy\" decoding=\"async\" width=\"480\" height=\"480\" src=\"https:\/\/www.catedracosgaya.com.ar\/tipoblog\/2020\/wp-content\/uploads\/2020\/11\/onaire-comp.jpg\" alt=\"\" data-id=\"668\" data-full-url=\"https:\/\/www.catedracosgaya.com.ar\/tipoblog\/2020\/wp-content\/uploads\/2020\/11\/onaire-comp.jpg\" data-link=\"https:\/\/www.catedracosgaya.com.ar\/tipoblog\/2020\/?attachment_id=668\" class=\"wp-image-668\" srcset=\"https:\/\/www.catedracosgaya.com.ar\/tipoblog\/2020\/wp-content\/uploads\/2020\/11\/onaire-comp.jpg 480w, https:\/\/www.catedracosgaya.com.ar\/tipoblog\/2020\/wp-content\/uploads\/2020\/11\/onaire-comp-300x300.jpg 300w, https:\/\/www.catedracosgaya.com.ar\/tipoblog\/2020\/wp-content\/uploads\/2020\/11\/onaire-comp-150x150.jpg 150w\" sizes=\"auto, (max-width: 480px) 100vw, 480px\" \/><figcaption class=\"blocks-gallery-item__caption\"><em>Composici\u00f3n<\/em><\/figcaption><\/figure><\/li><\/ul><\/figure>\n\n\n\n<p>Los mensajes que trata son de car\u00e1cter positivo como lo son: \u201cConstruyendo Vida\u201d, \u201cRecuperando Futuro\u201d,&nbsp; \u201cCambiando la historia\u201d y \u201cVida\u201d. El afiche en cuanto a lo tipogr\u00e1fico, se presenta como un recurso visual de car\u00e1cter manuscrito buscando transmitir de forma amigable una problem\u00e1tica muy dura para las familias que transitan esta dificultad como lo son las personas con adicci\u00f3n. A su vez La tipograf\u00eda se presenta, compartiendo el lenguaje de la ilustraci\u00f3n y se plasma con tres colores blanco, negro y cian.<\/p>\n\n\n\n<p>Esta pieza no es una unidad, sino que se compone con otras dos piezas del mismo \u00edndole, pero a su vez son distintas porque pertenecen a un sistema gr\u00e1fico con sus constantes y variables.<\/p>\n\n\n\n<figure class=\"wp-block-gallery columns-2 is-cropped wp-block-gallery-2 is-layout-flex wp-block-gallery-is-layout-flex\"><ul class=\"blocks-gallery-grid\"><li class=\"blocks-gallery-item\"><figure><img loading=\"lazy\" decoding=\"async\" width=\"800\" height=\"960\" src=\"https:\/\/www.catedracosgaya.com.ar\/tipoblog\/2020\/wp-content\/uploads\/2020\/11\/170921_490600199076_6846633_o.jpg\" alt=\"\" data-id=\"644\" data-full-url=\"https:\/\/www.catedracosgaya.com.ar\/tipoblog\/2020\/wp-content\/uploads\/2020\/11\/170921_490600199076_6846633_o.jpg\" data-link=\"https:\/\/www.catedracosgaya.com.ar\/tipoblog\/2020\/?attachment_id=644\" class=\"wp-image-644\" srcset=\"https:\/\/www.catedracosgaya.com.ar\/tipoblog\/2020\/wp-content\/uploads\/2020\/11\/170921_490600199076_6846633_o.jpg 800w, https:\/\/www.catedracosgaya.com.ar\/tipoblog\/2020\/wp-content\/uploads\/2020\/11\/170921_490600199076_6846633_o-250x300.jpg 250w, https:\/\/www.catedracosgaya.com.ar\/tipoblog\/2020\/wp-content\/uploads\/2020\/11\/170921_490600199076_6846633_o-768x922.jpg 768w\" sizes=\"auto, (max-width: 800px) 100vw, 800px\" \/><\/figure><\/li><li class=\"blocks-gallery-item\"><figure><img loading=\"lazy\" decoding=\"async\" width=\"800\" height=\"960\" src=\"https:\/\/www.catedracosgaya.com.ar\/tipoblog\/2020\/wp-content\/uploads\/2020\/11\/171113_490600059076_864812_o.jpg\" alt=\"\" data-id=\"645\" data-full-url=\"https:\/\/www.catedracosgaya.com.ar\/tipoblog\/2020\/wp-content\/uploads\/2020\/11\/171113_490600059076_864812_o.jpg\" data-link=\"https:\/\/www.catedracosgaya.com.ar\/tipoblog\/2020\/?attachment_id=645\" class=\"wp-image-645\" srcset=\"https:\/\/www.catedracosgaya.com.ar\/tipoblog\/2020\/wp-content\/uploads\/2020\/11\/171113_490600059076_864812_o.jpg 800w, https:\/\/www.catedracosgaya.com.ar\/tipoblog\/2020\/wp-content\/uploads\/2020\/11\/171113_490600059076_864812_o-250x300.jpg 250w, https:\/\/www.catedracosgaya.com.ar\/tipoblog\/2020\/wp-content\/uploads\/2020\/11\/171113_490600059076_864812_o-768x922.jpg 768w\" sizes=\"auto, (max-width: 800px) 100vw, 800px\" \/><\/figure><\/li><\/ul><figcaption class=\"blocks-gallery-caption\"><em>Piezas complementarias.<\/em><\/figcaption><\/figure>\n\n\n\n<p>En cuanto a decisiones compositivas podemos aclarar que dependiendo el afiche se modifica el color de fondo, cambia la gestualidad de la tipograf\u00eda (en los t\u00edtulos) como la ubicaci\u00f3n espacial de los distintos mensajes en la composici\u00f3n.&nbsp; A su vez varia el color de la ilustraci\u00f3n, las miscel\u00e1neas que podemos encontrar en el afiche son tambi\u00e9n de car\u00e1cter gestual marcando una uni\u00f3n entre el t\u00edtulo \u201cConstruyendo Vida\u201d y \u201cMovimiento madres en lucha\u201d.<\/p>\n\n\n\n<p>Desde el punto de vista de la impresi\u00f3n, podemos analizar el afiche como una cuatricrom\u00eda (es decir compuesta por tintes Cian Magenta Amarillo y Negro) impresa en offset.<\/p>\n\n\n\n<p>Esta pieza busca comunicar metaf\u00f3ricamente lo que se pierde, y lo que quiere recuperar el movimiento \u201cMadres en Lucha\u201d para la gente afectada por esta problem\u00e1tica. Este sistema busca establecer un llamado de atenci\u00f3n, buscando generar una incomodidad luego de que el receptor comprende el sentido de la ilustraci\u00f3n, y todo lo que busca englobar. Ya que no devela autom\u00e1ticamente su contenido y te invita a explorar el afiche. Es importante el tama\u00f1o de dichas piezas, porque nos permiten explorar de forma amigable el mundo ilustrado que presentan. <\/p>\n\n\n\n<p>A su vez posee un z\u00f3calo de car\u00e1cter sans serif geom\u00e9trico, de tipograf\u00eda Trade Gothic con el objetivo de facilitar la lectura, ya que, la finalidad es brindar un n\u00famero de contacto, mail y nombre de la agrupaci\u00f3n \u201cMovimiento Madres en Lucha\u201d para conseguir informaci\u00f3n, en el caso de que conozcas a gente con esta problem\u00e1tica.<\/p>\n\n\n\n<p>Fuentes:<\/p>\n\n\n\n<p style=\"font-size:17px\"><a rel=\"noreferrer noopener\" href=\"http:\/\/defensorandreselisseche.blogspot.com\/2010\/12\/campana-de-prevencion-de-adicciones-en.html\" target=\"_blank\">http:\/\/defensorandreselisseche.blogspot.com\/2010\/12\/campana-de-prevencion-de-adicciones-en.html<\/a><\/p>\n\n\n\n<p style=\"font-size:17px\"><a rel=\"noreferrer noopener\" href=\"https:\/\/www.onaire.com.ar\/proyectos.php?proyecto=020\" target=\"_blank\">https:\/\/www.onaire.com.ar\/proyectos.php?proyecto=020<\/a><\/p>\n<div class=\"remoji_bar\"><div class=\"remoji_add_container\" data-remoji-id=\"552\" data-remoji-type=\"post\"><div class=\"remoji_add_icon\"><\/div><\/div><div class=\"remoji_error_bar\" data-remoji-id=\"552\" data-remoji-type=\"post\" style=\"display: none;\">Error happened.<\/div><\/div>","protected":false},"excerpt":{"rendered":"<p>El afiche se origina buscando tratar la problem\u00e1tica de las adicciones m\u00e1s espec\u00edficamente la adicci\u00f3n al paco. Esta campa\u00f1a surge para la prevenci\u00f3n de adicciones encabezada por la defensor\u00eda del pueblo de la ciudad de Buenos aires, junto a Movimiento Madres en Lucha, organizaciones como artistas asociados (Am\u00e1sA) y el Colectivo Grafico (Onaire). La pieza [&hellip;]<\/p>\n","protected":false},"author":29,"featured_media":622,"comment_status":"open","ping_status":"closed","sticky":false,"template":"","format":"standard","meta":{"_acf_changed":false,"footnotes":""},"categories":[1],"tags":[24],"class_list":["post-552","post","type-post","status-publish","format-standard","has-post-thumbnail","hentry","category-sin-categoria","tag-afiche"],"acf":[],"_links":{"self":[{"href":"https:\/\/www.catedracosgaya.com.ar\/tipoblog\/2020\/wp-json\/wp\/v2\/posts\/552","targetHints":{"allow":["GET"]}}],"collection":[{"href":"https:\/\/www.catedracosgaya.com.ar\/tipoblog\/2020\/wp-json\/wp\/v2\/posts"}],"about":[{"href":"https:\/\/www.catedracosgaya.com.ar\/tipoblog\/2020\/wp-json\/wp\/v2\/types\/post"}],"author":[{"embeddable":true,"href":"https:\/\/www.catedracosgaya.com.ar\/tipoblog\/2020\/wp-json\/wp\/v2\/users\/29"}],"replies":[{"embeddable":true,"href":"https:\/\/www.catedracosgaya.com.ar\/tipoblog\/2020\/wp-json\/wp\/v2\/comments?post=552"}],"version-history":[{"count":3,"href":"https:\/\/www.catedracosgaya.com.ar\/tipoblog\/2020\/wp-json\/wp\/v2\/posts\/552\/revisions"}],"predecessor-version":[{"id":3186,"href":"https:\/\/www.catedracosgaya.com.ar\/tipoblog\/2020\/wp-json\/wp\/v2\/posts\/552\/revisions\/3186"}],"wp:featuredmedia":[{"embeddable":true,"href":"https:\/\/www.catedracosgaya.com.ar\/tipoblog\/2020\/wp-json\/wp\/v2\/media\/622"}],"wp:attachment":[{"href":"https:\/\/www.catedracosgaya.com.ar\/tipoblog\/2020\/wp-json\/wp\/v2\/media?parent=552"}],"wp:term":[{"taxonomy":"category","embeddable":true,"href":"https:\/\/www.catedracosgaya.com.ar\/tipoblog\/2020\/wp-json\/wp\/v2\/categories?post=552"},{"taxonomy":"post_tag","embeddable":true,"href":"https:\/\/www.catedracosgaya.com.ar\/tipoblog\/2020\/wp-json\/wp\/v2\/tags?post=552"}],"curies":[{"name":"wp","href":"https:\/\/api.w.org\/{rel}","templated":true}]}}