{"id":517,"date":"2020-11-05T21:14:05","date_gmt":"2020-11-06T00:14:05","guid":{"rendered":"http:\/\/www.catedracosgaya.com.ar\/tipoblog\/2020\/?p=517"},"modified":"2020-11-16T19:31:31","modified_gmt":"2020-11-16T22:31:31","slug":"ecocidio-tipografia-para-reflexionar","status":"publish","type":"post","link":"https:\/\/www.catedracosgaya.com.ar\/tipoblog\/2020\/ecocidio-tipografia-para-reflexionar\/","title":{"rendered":"Ecocidio: Tipograf\u00eda para reflexionar"},"content":{"rendered":"\n<p><strong><em>\u201cArte contra el fuego\u201d, <\/em>una campa\u00f1a de sensibilizaci\u00f3n y activismo gr\u00e1fico organizada por <em>\u201cJ\u00f3venes por el clima<\/em>\u201d, un recurso de expresi\u00f3n personal y colectiva, y una forma de reunir donaciones.<\/strong><\/p>\n\n\n\n<p>Con el fin de concientizar y visibilizar la quema ilegal de humedales<strong>, <\/strong>la organizaci\u00f3n \u201cJ\u00f3venes por el clima\u201d convoc\u00f3 al p\u00fablico a participar y generar un cambio. Entre las piezas, destacamos la acci\u00f3n gr\u00e1fica que produjo Prensa La Libertad a trav\u00e9s de un afiche tipogr\u00e1fico.&nbsp;<\/p>\n\n\n\n<p>La v\u00eda p\u00fablica es un medio de protesta que obliga a poner el cuerpo desde el momento compositivo hasta la intervenci\u00f3n en las calles. A su vez este accionar se retroalimenta con la difusi\u00f3n de los usuarios en las redes.&nbsp;<\/p>\n\n\n\n<div class=\"wp-block-image\"><figure class=\"aligncenter size-full\"><img loading=\"lazy\" decoding=\"async\" width=\"424\" height=\"566\" src=\"https:\/\/www.catedracosgaya.com.ar\/tipoblog\/2020\/wp-content\/uploads\/2020\/11\/Img_02.jpg\" alt=\"\" class=\"wp-image-807\" srcset=\"https:\/\/www.catedracosgaya.com.ar\/tipoblog\/2020\/wp-content\/uploads\/2020\/11\/Img_02.jpg 424w, https:\/\/www.catedracosgaya.com.ar\/tipoblog\/2020\/wp-content\/uploads\/2020\/11\/Img_02-225x300.jpg 225w\" sizes=\"auto, (max-width: 424px) 100vw, 424px\" \/><figcaption>Prensa La Libertad. (2020).&nbsp;[Afiche]. <br>Recuperado a partir de<strong> <a rel=\"noreferrer noopener\" href=\"https:\/\/www.instagram.com\/prensalalibertad\/?hl=es-la\" target=\"_blank\">@prensalalibertad<\/a><\/strong><br><\/figcaption><\/figure><\/div>\n\n\n\n<p>La puesta tipogr\u00e1fica destaca entre las dem\u00e1s, atrae su estructura y el orden no convencional de los elementos para reconstruir el mensaje con distintos \u00f3rdenes de lectura. Vemos jerarqu\u00edas marcadas por la escala y la posici\u00f3n que ocupan en el plano, tambi\u00e9n se refuerza con la elecci\u00f3n tipogr\u00e1fica. Destacando exageradamente el<strong> <\/strong>OH! como primer elemento de lectura en el centro (donde se produce el ingreso a la pieza); un recurso de impacto y buena legibilidad a la distancia que contrasta con un cuerpo de menor escala y condensado en la parte superior (una decisi\u00f3n que reduce espacio).<\/p>\n\n\n\n<p>En las relaciones espaciales hay dinamismo por la manera de organizar los elementos. Vemos 4 jerarqu\u00edas textuales en la composici\u00f3n dialogando entre s\u00ed y juegan con la mirada cercana y lejana del usuario al leer el mensaje, provocando tensi\u00f3n entre visibilidad y legibilidad. Es una pieza que al ser vista a la distancia es imposible de leer en su totalidad porque hay elecciones tipogr\u00e1ficas que se perciben como textura, de esta manera invita al espectador a acercarse. Esta decisi\u00f3n es relevante para establecer un orden de lectura. Al utilizar una tipograf\u00eda palo seco, grotesca y condensada, no compite con una tipograf\u00eda geom\u00e9trica, pesada, de mayor escala y asociada a las manifestaciones con impacto y visibilidad.<\/p>\n\n\n\n<p>Hay una relaci\u00f3n proporcional entre contenido y formato, la pieza posee la informaci\u00f3n justa y utiliza palabras claves acentuadas tipogr\u00e1ficamente. La elecci\u00f3n de recursos simples que llaman la atenci\u00f3n, como es la escala, el acento crom\u00e1tico y la tipograf\u00eda. As\u00ed tambi\u00e9n la simple acci\u00f3n de reemplazar la \u201cS\u201d por el \u201c$\u201d, un gui\u00f1o para destacar el negocio que existe. Estas decisiones est\u00e1n condicionadas por la t\u00e9cnica de tipos m\u00f3viles. Apreciando el manejo del espacio en blanco, destacamos el uso amplio de m\u00e1rgenes que contienen la puesta, una decisi\u00f3n importante que contempla el contexto al que est\u00e1 destinado el afiche.<\/p>\n\n\n\n<p>Es interesante c\u00f3mo a trav\u00e9s de estas elecciones Cimatti marca una postura cr\u00edtica para visibilizar los intereses que est\u00e1n por detr\u00e1s de los incendios. Propone cuestionar la situaci\u00f3n actual: \u00bfQui\u00e9n es responsable?, \u00bfel estado, las empresas?, \u00bfpor qu\u00e9 ignoramos el beneficio econ\u00f3mico de las cat\u00e1strofes ambientales?, todo a trav\u00e9s de decisiones puramente tipogr\u00e1ficas.&nbsp;<\/p>\n<div class=\"remoji_bar\"><div class=\"remoji_add_container\" data-remoji-id=\"517\" data-remoji-type=\"post\"><div class=\"remoji_add_icon\"><\/div><\/div><div class=\"remoji_error_bar\" data-remoji-id=\"517\" data-remoji-type=\"post\" style=\"display: none;\">Error happened.<\/div><\/div>","protected":false},"excerpt":{"rendered":"<p>\u201cArte contra el fuego\u201d, una campa\u00f1a de sensibilizaci\u00f3n y activismo gr\u00e1fico organizada por \u201cJ\u00f3venes por el clima\u201d, un recurso de expresi\u00f3n personal y colectiva, y una forma de reunir donaciones. Con el fin de concientizar y visibilizar la quema ilegal de humedales, la organizaci\u00f3n \u201cJ\u00f3venes por el clima\u201d convoc\u00f3 al p\u00fablico a participar y generar [&hellip;]<\/p>\n","protected":false},"author":24,"featured_media":777,"comment_status":"open","ping_status":"closed","sticky":false,"template":"","format":"standard","meta":{"_acf_changed":false,"footnotes":""},"categories":[1],"tags":[24],"class_list":["post-517","post","type-post","status-publish","format-standard","has-post-thumbnail","hentry","category-sin-categoria","tag-afiche"],"acf":[],"_links":{"self":[{"href":"https:\/\/www.catedracosgaya.com.ar\/tipoblog\/2020\/wp-json\/wp\/v2\/posts\/517","targetHints":{"allow":["GET"]}}],"collection":[{"href":"https:\/\/www.catedracosgaya.com.ar\/tipoblog\/2020\/wp-json\/wp\/v2\/posts"}],"about":[{"href":"https:\/\/www.catedracosgaya.com.ar\/tipoblog\/2020\/wp-json\/wp\/v2\/types\/post"}],"author":[{"embeddable":true,"href":"https:\/\/www.catedracosgaya.com.ar\/tipoblog\/2020\/wp-json\/wp\/v2\/users\/24"}],"replies":[{"embeddable":true,"href":"https:\/\/www.catedracosgaya.com.ar\/tipoblog\/2020\/wp-json\/wp\/v2\/comments?post=517"}],"version-history":[{"count":3,"href":"https:\/\/www.catedracosgaya.com.ar\/tipoblog\/2020\/wp-json\/wp\/v2\/posts\/517\/revisions"}],"predecessor-version":[{"id":1292,"href":"https:\/\/www.catedracosgaya.com.ar\/tipoblog\/2020\/wp-json\/wp\/v2\/posts\/517\/revisions\/1292"}],"wp:featuredmedia":[{"embeddable":true,"href":"https:\/\/www.catedracosgaya.com.ar\/tipoblog\/2020\/wp-json\/wp\/v2\/media\/777"}],"wp:attachment":[{"href":"https:\/\/www.catedracosgaya.com.ar\/tipoblog\/2020\/wp-json\/wp\/v2\/media?parent=517"}],"wp:term":[{"taxonomy":"category","embeddable":true,"href":"https:\/\/www.catedracosgaya.com.ar\/tipoblog\/2020\/wp-json\/wp\/v2\/categories?post=517"},{"taxonomy":"post_tag","embeddable":true,"href":"https:\/\/www.catedracosgaya.com.ar\/tipoblog\/2020\/wp-json\/wp\/v2\/tags?post=517"}],"curies":[{"name":"wp","href":"https:\/\/api.w.org\/{rel}","templated":true}]}}