{"id":487,"date":"2020-11-05T14:28:33","date_gmt":"2020-11-05T17:28:33","guid":{"rendered":"http:\/\/www.catedracosgaya.com.ar\/tipoblog\/2020\/?p=487"},"modified":"2020-11-16T19:32:11","modified_gmt":"2020-11-16T22:32:11","slug":"crecer-de-la-mano-del-rechazo","status":"publish","type":"post","link":"https:\/\/www.catedracosgaya.com.ar\/tipoblog\/2020\/crecer-de-la-mano-del-rechazo\/","title":{"rendered":"Crecer de la mano del rechazo"},"content":{"rendered":"\n<p><em>Elegimos la tem\u00e1tica del activismo gordo porque consideramos que nos atraviesa a todos y no tiene la visibilidad que deber\u00eda. Nos interes\u00f3 esta pieza y nos llam\u00f3 la atenci\u00f3n por la originalidad en su planteo y el lenguaje que elige para transmitir su mensaje. Se trata de una pieza en donde todos los recursos gr\u00e1ficos aportan a la construcci\u00f3n del sentido<\/em>.<\/p>\n\n\n\n<p>La pieza que seleccionamos est\u00e1 orientada a la difusi\u00f3n digital. Fue producida en agosto del 2018 para la cuenta de Instagram @_gordes, ya que estamos en una \u00e9poca en la cual las plataformas contribuyen a la difusi\u00f3n de contenido de protesta o activismo. Esta pieza claramente no podr\u00eda encontrarse en otro contexto como lo ser\u00eda, por ejemplo, una protesta. No lleva el sello de ning\u00fan colectivo, sino que es una pieza an\u00f3nima. Sin embargo, forma parte de una lucha colectiva. Se trata de una producci\u00f3n econ\u00f3mica; no hay mayor costo que el de los materiales y podr\u00eda ser reproducida de forma manual f\u00e1cilmente.<\/p>\n\n\n\n<p>El mensaje est\u00e1 dirigido principalmente a los padres de ni\u00f1os gordos, pero la idea que lo sustenta \u2014 el hecho de ser gordo no deber\u00eda ser un factor en el trato que uno recibe \u2014 nos interpela a todos. Se hace referencia no solamente al hecho de que no est\u00e1 bien incentivar la p\u00e9rdida de peso, sino a las consecuencias psicol\u00f3gicas que este h\u00e1bito puede tener a largo plazo.<\/p>\n\n\n\n<p>La pieza es una llamada de atenci\u00f3n contra ciertos comportamientos y a la vez una muestra de la realidad que atraviesan muchos ni\u00f1os. Ser gordo se ve como una caracter\u00edstica indeseable, que te convierte en un objeto de discriminaci\u00f3n, de violencia, de rechazo y de exclusi\u00f3n. El objetivo en este espacio de lucha es correrse de la opresi\u00f3n que sufren las personas con cuerpos no normativos en un mundo que propone \u00fanicamente ser flacos, vulnerando los derechos de qui\u00e9nes nunca van a serlo. Se busca lograr la inclusi\u00f3n y la tipograf\u00eda es el veh\u00edculo elegido para perseguir este fin.<\/p>\n\n\n\n<p>El componente tipogr\u00e1fico es indispensable, mediante la expresividad se produce el anclaje del mensaje. La tipograf\u00eda tiene una doble funci\u00f3n como texto y como imagen, al ser una tipograf\u00eda manuscrita que imita la caligraf\u00eda infantil. Est\u00e1 compuesta en bol\u00edgrafo sobre un cuaderno para darle un contexto escolar. La cursiva que se ve en la firma aporta otra jerarqu\u00eda y la diferencia del resto de la nota. El partido conceptual y la ejecuci\u00f3n de la tipograf\u00eda est\u00e1n fuertemente ligados; la impronta infantil crea un juego de sentido al sugerir que la nota fue dictada por un docente y escrita por un ni\u00f1o (evidenciado en la correcci\u00f3n de la palabra \u201clos\u201d en lenguaje inclusivo). Las relaciones espaciales no son sistem\u00e1ticas, lo que refuerza lo connotado del mensaje. La interletra y la interpalabra se ven forzadas ya que el espacio no fue pensado con anticipaci\u00f3n, esto se puede ver en los m\u00e1rgenes irregulares que resultan a la derecha. Algunos caracteres no apoyan en la l\u00ednea de base. Los signos de puntuaci\u00f3n y exclamaci\u00f3n tampoco son sistem\u00e1ticos: podemos ver que algunos son contornos y otros son puntos. Los recursos no son arbitrarios, al ser muy pocos todos contribuyen a generar un clima, ya sea el cuaderno escolar, los stickers, la construcci\u00f3n de la tipograf\u00eda o los dibujos.<\/p>\n\n\n\n<p>La pieza tiene una postura muy marcada en defensa de una infancia libre de prejuicios, ya que estos afectan la psiquis e impactan la percepci\u00f3n personal y la construcci\u00f3n de la identidad. El objetivo es darle una voz al reclamo: la nota est\u00e1 firmada como &#8220;gordos&#8221;. Se busca concientizar y generar un cambio, no solamente en los padres sino en la sociedad en s\u00ed, ya que no deber\u00eda existir la exclusi\u00f3n relacionada con el f\u00edsico de cada uno.<\/p>\n\n\n\n<p style=\"font-size:17px\">Fuentes consultadas:<br>https:\/\/www.tiempofueguino.com\/la-lucha-del-amor-propio-frente-a-la-presion-social\/<br>https:\/\/www.redaccion.com.ar\/activismo-gordo-cuando-haces-de-tu-cuerpo-una-bandera-de-lucha\/<\/p>\n\n\n\n<p><\/p>\n\n\n\n<p><\/p>\n<div class=\"remoji_bar\"><div class=\"remoji_add_container\" data-remoji-id=\"487\" data-remoji-type=\"post\"><div class=\"remoji_add_icon\"><\/div><\/div><div class=\"remoji_error_bar\" data-remoji-id=\"487\" data-remoji-type=\"post\" style=\"display: none;\">Error happened.<\/div><\/div>","protected":false},"excerpt":{"rendered":"<p>Elegimos la tem\u00e1tica del activismo gordo porque consideramos que nos atraviesa a todos y no tiene la visibilidad que deber\u00eda. Nos interes\u00f3 esta pieza y nos llam\u00f3 la atenci\u00f3n por la originalidad en su planteo y el lenguaje que elige para transmitir su mensaje. Se trata de una pieza en donde todos los recursos gr\u00e1ficos [&hellip;]<\/p>\n","protected":false},"author":22,"featured_media":489,"comment_status":"open","ping_status":"closed","sticky":false,"template":"","format":"standard","meta":{"_acf_changed":false,"footnotes":""},"categories":[1],"tags":[53],"class_list":["post-487","post","type-post","status-publish","format-standard","has-post-thumbnail","hentry","category-sin-categoria","tag-pieza-informal-para-redes"],"acf":[],"_links":{"self":[{"href":"https:\/\/www.catedracosgaya.com.ar\/tipoblog\/2020\/wp-json\/wp\/v2\/posts\/487","targetHints":{"allow":["GET"]}}],"collection":[{"href":"https:\/\/www.catedracosgaya.com.ar\/tipoblog\/2020\/wp-json\/wp\/v2\/posts"}],"about":[{"href":"https:\/\/www.catedracosgaya.com.ar\/tipoblog\/2020\/wp-json\/wp\/v2\/types\/post"}],"author":[{"embeddable":true,"href":"https:\/\/www.catedracosgaya.com.ar\/tipoblog\/2020\/wp-json\/wp\/v2\/users\/22"}],"replies":[{"embeddable":true,"href":"https:\/\/www.catedracosgaya.com.ar\/tipoblog\/2020\/wp-json\/wp\/v2\/comments?post=487"}],"version-history":[{"count":3,"href":"https:\/\/www.catedracosgaya.com.ar\/tipoblog\/2020\/wp-json\/wp\/v2\/posts\/487\/revisions"}],"predecessor-version":[{"id":494,"href":"https:\/\/www.catedracosgaya.com.ar\/tipoblog\/2020\/wp-json\/wp\/v2\/posts\/487\/revisions\/494"}],"wp:featuredmedia":[{"embeddable":true,"href":"https:\/\/www.catedracosgaya.com.ar\/tipoblog\/2020\/wp-json\/wp\/v2\/media\/489"}],"wp:attachment":[{"href":"https:\/\/www.catedracosgaya.com.ar\/tipoblog\/2020\/wp-json\/wp\/v2\/media?parent=487"}],"wp:term":[{"taxonomy":"category","embeddable":true,"href":"https:\/\/www.catedracosgaya.com.ar\/tipoblog\/2020\/wp-json\/wp\/v2\/categories?post=487"},{"taxonomy":"post_tag","embeddable":true,"href":"https:\/\/www.catedracosgaya.com.ar\/tipoblog\/2020\/wp-json\/wp\/v2\/tags?post=487"}],"curies":[{"name":"wp","href":"https:\/\/api.w.org\/{rel}","templated":true}]}}