{"id":444,"date":"2020-11-05T21:27:55","date_gmt":"2020-11-06T00:27:55","guid":{"rendered":"http:\/\/www.catedracosgaya.com.ar\/tipoblog\/2020\/?p=444"},"modified":"2020-11-20T01:01:44","modified_gmt":"2020-11-20T04:01:44","slug":"el-grito-de-los-que-no-tienen-voz","status":"publish","type":"post","link":"https:\/\/www.catedracosgaya.com.ar\/tipoblog\/2020\/el-grito-de-los-que-no-tienen-voz\/","title":{"rendered":"El grito de los que no tienen voz"},"content":{"rendered":"\n<h5 class=\"wp-block-heading\"><strong>El colectivo \u201cVoicot\u201d (activistas por los derechos animales) nace de la necesidad de comunicar, de contarle al mundo lo que sucede detr\u00e1s de un pedazo de carne, de los h\u00e1bitos y de todo lo que construimos como sociedad. De la idea de cambiar el mundo por uno m\u00e1s justo y de las herramientas que tienen los creadores Malena Blanco y Federico Callegari (ambos publicistas) que decidieron utilizar a su favor por la causa que los une.<\/strong><\/h5>\n\n\n\n<div style=\"height:20px\" aria-hidden=\"true\" class=\"wp-block-spacer\"><\/div>\n\n\n\n<div class=\"wp-block-image is-style-rounded\"><figure class=\"aligncenter size-large is-resized\"><img loading=\"lazy\" decoding=\"async\" src=\"http:\/\/www.catedracosgaya.com.ar\/tipoblog\/2020\/wp-content\/uploads\/2020\/11\/Screen-Shot-2020-11-05-at-20.40.03-1.png\" alt=\"\" class=\"wp-image-797\" width=\"87\" height=\"117\" srcset=\"https:\/\/www.catedracosgaya.com.ar\/tipoblog\/2020\/wp-content\/uploads\/2020\/11\/Screen-Shot-2020-11-05-at-20.40.03-1.png 326w, https:\/\/www.catedracosgaya.com.ar\/tipoblog\/2020\/wp-content\/uploads\/2020\/11\/Screen-Shot-2020-11-05-at-20.40.03-1-222x300.png 222w\" sizes=\"auto, (max-width: 87px) 100vw, 87px\" \/><\/figure><\/div>\n\n\n\n<blockquote class=\"wp-block-quote has-text-align-left is-style-default is-layout-flow wp-block-quote-is-layout-flow\"><p>&#8220;Antes fuimos publicistas y fot\u00f3grafos, fuimos escritores tambi\u00e9n, pero ahora somos activistas por los derechos animales, porque no podemos mantenernos ajenos a la tremenda masacre de la que somos parte como sociedad, pero no por un tema de sensibilidad, por un tema de justicia. Somos todo esto, por la acci\u00f3n, la lucha y la liberaci\u00f3n.&#8221;<\/p><cite>\u2014Voicot<\/cite><\/blockquote>\n\n\n\n<hr class=\"wp-block-separator is-style-dots\" \/>\n\n\n\n<p>La pieza que decidimos analizar es un afiche tipogr\u00e1fico tama\u00f1o A3. Es una pieza \u00fanica ya que fue impreso artesanalmente en letterpress, pero a la vez es parte de una acci\u00f3n masiva de difusi\u00f3n realizada por Voicot. Sus afiches son f\u00e1cilmente identificables ya que tienen una impronta propia. El objetivo es difundir y hacer visible el mensaje para llegar a la mayor cantidad de gente posible, por eso los producen en cantidad y organizan pegatinas grupales en diferentes puntos de la ciudad y del pa\u00eds interviniendo el espacio p\u00fablico. Tambi\u00e9n son utilizados en diferentes marchas y\/o protestas. Su forma de proceder en general es siempre igual; un mensaje corto y contundente en letras negras y grandes de caja alta. Las frases var\u00edan, pero el fin es el mismo, generar un impacto, llamar la atenci\u00f3n, concientizar, que las frases queden resonando.<\/p>\n\n\n\n<div style=\"height:20px\" aria-hidden=\"true\" class=\"wp-block-spacer\"><\/div>\n\n\n\n<figure class=\"wp-block-image size-large\"><img loading=\"lazy\" decoding=\"async\" width=\"1024\" height=\"715\" src=\"http:\/\/www.catedracosgaya.com.ar\/tipoblog\/2020\/wp-content\/uploads\/2020\/11\/WhatsApp-Image-2020-11-05-at-8.20.36-PM-1024x715.jpeg\" alt=\"\" class=\"wp-image-785\" srcset=\"https:\/\/www.catedracosgaya.com.ar\/tipoblog\/2020\/wp-content\/uploads\/2020\/11\/WhatsApp-Image-2020-11-05-at-8.20.36-PM-1024x715.jpeg 1024w, https:\/\/www.catedracosgaya.com.ar\/tipoblog\/2020\/wp-content\/uploads\/2020\/11\/WhatsApp-Image-2020-11-05-at-8.20.36-PM-300x210.jpeg 300w, https:\/\/www.catedracosgaya.com.ar\/tipoblog\/2020\/wp-content\/uploads\/2020\/11\/WhatsApp-Image-2020-11-05-at-8.20.36-PM-768x536.jpeg 768w, https:\/\/www.catedracosgaya.com.ar\/tipoblog\/2020\/wp-content\/uploads\/2020\/11\/WhatsApp-Image-2020-11-05-at-8.20.36-PM.jpeg 1200w\" sizes=\"auto, (max-width: 1024px) 100vw, 1024px\" \/><figcaption>Fotograf\u00eda de Alessandro Maradei para <a href=\"https:\/\/ladiaria.com.uy\/feminismos\/articulo\/2020\/8\/el-arte-como-canal-politico-en-la-lucha-feminista-entrevista-con-yanina-vidal-autora-de-tiemblen-las-brujas-hemos-vuelto\/\" data-type=\"URL\" data-id=\"https:\/\/ladiaria.com.uy\/feminismos\/articulo\/2020\/8\/el-arte-como-canal-politico-en-la-lucha-feminista-entrevista-con-yanina-vidal-autora-de-tiemblen-las-brujas-hemos-vuelto\/\">La diaria Feminismos<\/a><\/figcaption><\/figure>\n\n\n\n<div style=\"height:20px\" aria-hidden=\"true\" class=\"wp-block-spacer\"><\/div>\n\n\n\n<p>De la mano de las imprentas tipogr\u00e1ficas, los cl\u00e1sicos afiches de colores chillones y letras negras con est\u00e9tica cumbiera que en el siglo XIX fueron una herramienta de comunicaci\u00f3n importante para los due\u00f1os de cabarets y para partidos pol\u00edticos comenzaron un proceso de retorno hacia barrios donde alguna vez hab\u00edan estado, y fueron ampliando tambi\u00e9n sus mensajes y sentidos. Es frecuente chocarse con estos afiches en paredes de Palermo, Villa Crespo o Colegiales por ejemplo y los afiches de Voicot no son la excepci\u00f3n.<\/p>\n\n\n\n<div class=\"wp-block-columns is-layout-flex wp-container-core-columns-is-layout-9d6595d7 wp-block-columns-is-layout-flex\">\n<div class=\"wp-block-column is-layout-flow wp-block-column-is-layout-flow\">\n<figure class=\"wp-block-image size-large\"><img loading=\"lazy\" decoding=\"async\" width=\"674\" height=\"502\" src=\"http:\/\/www.catedracosgaya.com.ar\/tipoblog\/2020\/wp-content\/uploads\/2020\/11\/Screen-Shot-2020-11-05-at-20.21.40.png\" alt=\"\" class=\"wp-image-761\" srcset=\"https:\/\/www.catedracosgaya.com.ar\/tipoblog\/2020\/wp-content\/uploads\/2020\/11\/Screen-Shot-2020-11-05-at-20.21.40.png 674w, https:\/\/www.catedracosgaya.com.ar\/tipoblog\/2020\/wp-content\/uploads\/2020\/11\/Screen-Shot-2020-11-05-at-20.21.40-300x223.png 300w\" sizes=\"auto, (max-width: 674px) 100vw, 674px\" \/><figcaption>Afiche 140x70cm, <a href=\"https:\/\/www.facebook.com\/1970print\/\" data-type=\"URL\" data-id=\"https:\/\/www.facebook.com\/1970print\/\">Afiches Boquer\u00f3n <\/a><\/figcaption><\/figure>\n\n\n\n<p><\/p>\n<\/div>\n\n\n\n<div class=\"wp-block-column is-layout-flow wp-block-column-is-layout-flow\">\n<figure class=\"wp-block-image size-large is-resized\"><img loading=\"lazy\" decoding=\"async\" src=\"http:\/\/www.catedracosgaya.com.ar\/tipoblog\/2020\/wp-content\/uploads\/2020\/11\/Screen-Shot-2020-11-05-at-20.21.32.png\" alt=\"\" class=\"wp-image-762\" width=\"291\" height=\"215\" srcset=\"https:\/\/www.catedracosgaya.com.ar\/tipoblog\/2020\/wp-content\/uploads\/2020\/11\/Screen-Shot-2020-11-05-at-20.21.32.png 684w, https:\/\/www.catedracosgaya.com.ar\/tipoblog\/2020\/wp-content\/uploads\/2020\/11\/Screen-Shot-2020-11-05-at-20.21.32-300x222.png 300w\" sizes=\"auto, (max-width: 291px) 100vw, 291px\" \/><\/figure>\n\n\n\n<p><\/p>\n<\/div>\n<\/div>\n\n\n\n<p>La elecci\u00f3n sobre el tipo de impresi\u00f3n no es casual, ya que en sus pilares se encuentran el trabajo comunitario artesanal y autogestivo y la producci\u00f3n ecol\u00f3gica y sustentable y a su vez se posicionan claramente en contra de los grandes medios de producci\u00f3n, el capitalismo y el consumo desmedido. Las imprentas tipogr\u00e1ficas, son por el contrario en su mayor\u00eda familiares y su encanto se encuentra en que todo se sigue haciendo de forma manual, es como volver al siglo XIX y rescatar la cultura e identidad local. De esta forma Voicot se posiciona a favor de la lucha porque este tradicional oficio no desaparezca, utiliz\u00e1ndolo a su favor con una est\u00e9tica guerrillera y contestataria, visibilizando una problem\u00e1tica que est\u00e1 escondida, disfrazada y naturalizada. Las tipograf\u00edas utilizadas son sans serif grotescas y tipograf\u00eda decorativa o \u201cfantas\u00eda\u201d pesadas, en cuerpos grandes y con poco contraste en su trazo. La tipograf\u00eda estructura la puesta; hay poco margen y espacios vac\u00edos lo que refuerza el mensaje con tono imperativo y promueve su lectura r\u00e1pida. La composici\u00f3n del afiche es bastante simple por eso nos parece m\u00e1s interesante pensar en la composici\u00f3n en el espacio. Lo que refuerza el mensaje es la repetici\u00f3n y la elecci\u00f3n de su ubicaci\u00f3n. Por lo general se colocan superpuestos o al lado de carteles de grandes empresas &#8220;de explotaci\u00f3n animal&#8221;, publicidades de productos de carne o sus derivados l\u00e1cteos<strong> <\/strong>que cuentan con presupuestos millonarios para sus campa\u00f1as publicitarias orientadas a que &#8220;la gente consuma un mont\u00f3n de cosas que no necesita&#8221; provocando un choque de mensajes.<\/p>\n\n\n\n<div style=\"height:20px\" aria-hidden=\"true\" class=\"wp-block-spacer\"><\/div>\n\n\n\n<figure class=\"wp-block-image size-large is-resized\"><img decoding=\"async\" src=\"http:\/\/www.catedracosgaya.com.ar\/tipoblog\/2020\/wp-content\/uploads\/2020\/11\/image.png\" alt=\"\" class=\"wp-image-481\" width=\"613\" srcset=\"https:\/\/www.catedracosgaya.com.ar\/tipoblog\/2020\/wp-content\/uploads\/2020\/11\/image.png 567w, https:\/\/www.catedracosgaya.com.ar\/tipoblog\/2020\/wp-content\/uploads\/2020\/11\/image-300x168.png 300w\" sizes=\"(max-width: 567px) 100vw, 567px\" \/><figcaption>Fotograf\u00eda de Javier Ferreyra para diario <a href=\"https:\/\/www.lavoz.com.ar\/numero-cero\/otra-campana-activismo-animal-en-cordoba\">La Voz<\/a><\/figcaption><\/figure>\n\n\n\n<p>Esto provoca distintas reacciones en la sociedad, muchas personas se indignan alegando que los veganos son extremistas y que intentan imponer un estilo de vida sobre los otrxs, que no respetan la propiedad privada, etc. Pero para otrxs ver estos afiches es un llamado de atenci\u00f3n a cuestionar h\u00e1bitos, a tener m\u00e1s empat\u00eda, a deconstru\u00edr creencias. A pensar porqu\u00e9 comer animales implica un acto de violencia. <\/p>\n\n\n\n<p><\/p>\n\n\n\n<h2 class=\"wp-block-heading\"><em>Voicot<\/em> sale a las calles a dar voz y a luchar por los seres m\u00e1s oprimidos de la historia, los animales.<\/h2>\n\n\n\n<div style=\"height:20px\" aria-hidden=\"true\" class=\"wp-block-spacer\"><\/div>\n\n\n\n<div class=\"wp-block-group\"><div class=\"wp-block-group__inner-container is-layout-flow wp-block-group-is-layout-flow\">\n<h5 class=\"wp-block-heading\">Links<\/h5>\n\n\n\n<p><br><a href=\"https:\/\/www.voicot.com\/\" data-type=\"URL\" data-id=\"https:\/\/www.voicot.com\/\">Voicot &#8211; Web<\/a><br><br><a href=\"https:\/\/www.infobae.com\/mix5411\/2020\/09\/18\/voicot-activismo-extremo-y-arte-por-los-derechos-de-los-animales\/\" data-type=\"URL\" data-id=\"https:\/\/www.infobae.com\/mix5411\/2020\/09\/18\/voicot-activismo-extremo-y-arte-por-los-derechos-de-los-animales\/\">Infobae &#8211; Activismo y derecho por los animales<\/a><br><a href=\"https:\/\/www.efe.com\/efe\/america\/sociedad\/voicot-con-v-de-vegano-o-el-arte-por-la-liberacion-animal-en-argentina\/20000013-3893503\" data-type=\"URL\" data-id=\"https:\/\/www.efe.com\/efe\/america\/sociedad\/voicot-con-v-de-vegano-o-el-arte-por-la-liberacion-animal-en-argentina\/20000013-3893503\">EFE &#8211; Con V de vegano<\/a><br><a href=\"https:\/\/www.lanacion.com.ar\/lifestyle\/la-guerrilla-urbana-que-rescata-animales-nid2124587\" data-type=\"URL\" data-id=\"https:\/\/www.lanacion.com.ar\/lifestyle\/la-guerrilla-urbana-que-rescata-animales-nid2124587\">La Naci\u00f3n &#8211; La guerrilla urbana que rescata animales<\/a><br><\/p>\n<\/div><\/div>\n\n\n\n<p><\/p>\n<div class=\"remoji_bar\"><div class=\"remoji_add_container\" data-remoji-id=\"444\" data-remoji-type=\"post\"><div class=\"remoji_add_icon\"><\/div><\/div><div class=\"remoji_error_bar\" data-remoji-id=\"444\" data-remoji-type=\"post\" style=\"display: none;\">Error happened.<\/div><\/div>","protected":false},"excerpt":{"rendered":"<p>El colectivo \u201cVoicot\u201d (activistas por los derechos animales) nace de la necesidad de comunicar, de contarle al mundo lo que sucede detr\u00e1s de un pedazo de carne, de los h\u00e1bitos y de todo lo que construimos como sociedad. De la idea de cambiar el mundo por uno m\u00e1s justo y de las herramientas que tienen [&hellip;]<\/p>\n","protected":false},"author":21,"featured_media":454,"comment_status":"open","ping_status":"closed","sticky":false,"template":"","format":"standard","meta":{"_acf_changed":false,"footnotes":""},"categories":[1],"tags":[24],"class_list":["post-444","post","type-post","status-publish","format-standard","has-post-thumbnail","hentry","category-sin-categoria","tag-afiche"],"acf":[],"_links":{"self":[{"href":"https:\/\/www.catedracosgaya.com.ar\/tipoblog\/2020\/wp-json\/wp\/v2\/posts\/444","targetHints":{"allow":["GET"]}}],"collection":[{"href":"https:\/\/www.catedracosgaya.com.ar\/tipoblog\/2020\/wp-json\/wp\/v2\/posts"}],"about":[{"href":"https:\/\/www.catedracosgaya.com.ar\/tipoblog\/2020\/wp-json\/wp\/v2\/types\/post"}],"author":[{"embeddable":true,"href":"https:\/\/www.catedracosgaya.com.ar\/tipoblog\/2020\/wp-json\/wp\/v2\/users\/21"}],"replies":[{"embeddable":true,"href":"https:\/\/www.catedracosgaya.com.ar\/tipoblog\/2020\/wp-json\/wp\/v2\/comments?post=444"}],"version-history":[{"count":3,"href":"https:\/\/www.catedracosgaya.com.ar\/tipoblog\/2020\/wp-json\/wp\/v2\/posts\/444\/revisions"}],"predecessor-version":[{"id":874,"href":"https:\/\/www.catedracosgaya.com.ar\/tipoblog\/2020\/wp-json\/wp\/v2\/posts\/444\/revisions\/874"}],"wp:featuredmedia":[{"embeddable":true,"href":"https:\/\/www.catedracosgaya.com.ar\/tipoblog\/2020\/wp-json\/wp\/v2\/media\/454"}],"wp:attachment":[{"href":"https:\/\/www.catedracosgaya.com.ar\/tipoblog\/2020\/wp-json\/wp\/v2\/media?parent=444"}],"wp:term":[{"taxonomy":"category","embeddable":true,"href":"https:\/\/www.catedracosgaya.com.ar\/tipoblog\/2020\/wp-json\/wp\/v2\/categories?post=444"},{"taxonomy":"post_tag","embeddable":true,"href":"https:\/\/www.catedracosgaya.com.ar\/tipoblog\/2020\/wp-json\/wp\/v2\/tags?post=444"}],"curies":[{"name":"wp","href":"https:\/\/api.w.org\/{rel}","templated":true}]}}