{"id":395,"date":"2020-11-06T16:03:42","date_gmt":"2020-11-06T19:03:42","guid":{"rendered":"http:\/\/www.catedracosgaya.com.ar\/tipoblog\/2020\/?p=395"},"modified":"2020-11-19T23:44:25","modified_gmt":"2020-11-20T02:44:25","slug":"ardemos","status":"publish","type":"post","link":"https:\/\/www.catedracosgaya.com.ar\/tipoblog\/2020\/ardemos\/","title":{"rendered":"#ARDEMOS"},"content":{"rendered":"\n<h5 class=\"has-primary-color has-text-color wp-block-heading\"><strong>\u00bfCasualidad o causalidad?<\/strong><\/h5>\n\n\n\n<p style=\"font-size:20px\">Sin freno alguno, miles de hect\u00e1reas han sido arrasadas por el fuego en estos meses a lo largo de toda Latinoam\u00e9rica y no es simplemente debido al cambio clim\u00e1tico. Esta atrocidad se debe en gran parte al accionar del ser humano en pos de intereses econ\u00f3micos. \u201cLimpiar\u201d estas tierras es una historia que contin\u00faa repiti\u00e9ndose y esta vez est\u00e1 fuera de control.<\/p>\n\n\n\n<p style=\"font-size:20px\">La deforestaci\u00f3n compulsiva para expandir el agronegocio es uno de los principales causantes del fuego en varias provincias. En Argentina se quemaron 400 mil hect\u00e1reas en lo que va del a\u00f1o. Aunque los focos m\u00e1s grandes est\u00e1n en C\u00f3rdoba, Santa Fe y Entre R\u00edos, tambi\u00e9n se registraron incendios en Buenos Aires, Catamarca, Formosa, Chaco, Corrientes, Salta, Jujuy, Tucum\u00e1n y Santiago del Estero. Las im\u00e1genes apocal\u00edpticas desataron quejas y reclamos en todo el pa\u00eds.<\/p>\n\n\n\n<p style=\"font-size:20px\">Varios grupos de j\u00f3venes se han levantado en consecuencia de esta problem\u00e1tica, siendo los protagonistas de numerosas manifestaciones para difundir un mensaje de alerta. <strong>J\u00f3venes Por El Clima<\/strong>, quienes se presentan como \u201c<em>un grupo de pibes y pibas que busca que la clase pol\u00edtica tome medidas concretas en torno a la crisis clim\u00e1tica\u201d<\/em> junto con otras agrupaciones activistas se unieron al <strong>#proyectorazo<\/strong>. Teniendo en cuenta la situaci\u00f3n de confinamiento y la imposibilidad de salir a marchar a la calle, se busc\u00f3 una alternativa. Para esto decidieron proyectar a lo largo del pa\u00eds im\u00e1genes, ilustraciones y videos.<\/p>\n\n\n\n<p><strong>Sobre la pieza<\/strong><\/p>\n\n\n\n<div class=\"wp-block-columns is-layout-flex wp-container-core-columns-is-layout-9d6595d7 wp-block-columns-is-layout-flex\">\n<div class=\"wp-block-column is-layout-flow wp-block-column-is-layout-flow\">\n<figure class=\"wp-block-image size-large is-resized\"><img loading=\"lazy\" decoding=\"async\" src=\"https:\/\/www.catedracosgaya.com.ar\/tipoblog\/2020\/wp-content\/uploads\/2020\/11\/119459540_173190494426723_5520040987069109952_n-1-1024x1024.jpg\" alt=\"\" class=\"wp-image-504\" width=\"243\" height=\"254\" \/><figcaption>*<em>Instagram: <\/em><strong><em>@jovenesporelclimarg &#8211; pieza elegida <\/em><\/strong><em>que luego fue proyectada<\/em><\/figcaption><\/figure>\n<\/div>\n\n\n\n<div class=\"wp-block-column is-layout-flow wp-block-column-is-layout-flow\">\n<figure class=\"wp-block-image size-large is-resized\"><img loading=\"lazy\" decoding=\"async\" src=\"https:\/\/www.catedracosgaya.com.ar\/tipoblog\/2020\/wp-content\/uploads\/2020\/11\/119944493_205412184262110_2059150836081260441_n-1024x1024.jpg\" alt=\"\" class=\"wp-image-505\" width=\"256\" height=\"256\" srcset=\"https:\/\/www.catedracosgaya.com.ar\/tipoblog\/2020\/wp-content\/uploads\/2020\/11\/119944493_205412184262110_2059150836081260441_n-1024x1024.jpg 1024w, https:\/\/www.catedracosgaya.com.ar\/tipoblog\/2020\/wp-content\/uploads\/2020\/11\/119944493_205412184262110_2059150836081260441_n-300x300.jpg 300w, https:\/\/www.catedracosgaya.com.ar\/tipoblog\/2020\/wp-content\/uploads\/2020\/11\/119944493_205412184262110_2059150836081260441_n-150x150.jpg 150w, https:\/\/www.catedracosgaya.com.ar\/tipoblog\/2020\/wp-content\/uploads\/2020\/11\/119944493_205412184262110_2059150836081260441_n-768x768.jpg 768w, https:\/\/www.catedracosgaya.com.ar\/tipoblog\/2020\/wp-content\/uploads\/2020\/11\/119944493_205412184262110_2059150836081260441_n.jpg 1080w\" sizes=\"auto, (max-width: 256px) 100vw, 256px\" \/><figcaption><em>*Instagram: <strong>@jovenesporelclimarg<\/strong> &#8211; pieza del mismo <strong>sistema gr\u00e1fico<\/strong><\/em><\/figcaption><\/figure>\n<\/div>\n<\/div>\n\n\n\n<p style=\"font-size:20px\">Elegimos una pieza correspondiente al Instagram de este grupo ya que consideramos que su lucha es una de las m\u00e1s importantes de la actualidad. El post fue realizado por @nikiardito, estudiante de DIyS, en Septiembre de este a\u00f1o como fundamento para realizar un \u201ctwittazo\u201d, s\u00edmbolo de protesta ante los incendios que azotan el pa\u00eds. Podr\u00eda decirse que corresponde a un sistema de piezas gr\u00e1ficas de la misma \u00edndole, las cuales involucran adem\u00e1s de los incendios y la crisis clim\u00e1tica, una necesidad de <strong>despertar conciencia.<\/strong><\/p>\n\n\n\n<p style=\"font-size:20px\">La elecci\u00f3n del soporte es acorde al contexto de pandemia, dado que se aprovecha el medio digital para su mayor difusi\u00f3n y el hecho de ser luego una imagen proyectada a gran escala refuerza el impacto del mensaje, el cual es claro y directo: \u201cse est\u00e1 quemando Latinoam\u00e9rica\u201d.&nbsp;<\/p>\n\n\n\n<p style=\"font-size:20px\">Algo que nos result\u00f3 relevante a\u00f1adir a este an\u00e1lisis es la siguiente cita:&nbsp;<\/p>\n\n\n\n<blockquote class=\"wp-block-quote is-layout-flow wp-block-quote-is-layout-flow\"><p><em>\u201cEl espacio p\u00fablico no es simplemente el espacio de la ciudad, planteados en t\u00e9rminos meramente urban\u00edsticos, sino que tambi\u00e9n remite a esferas de la acci\u00f3n humana\u201d<\/em><\/p><cite><a href=\"https:\/\/issuu.com\/malcontotidstefano\/docs\/colectivos_gr__ficos_y_la_conformac\">Colectivos gr\u00e1ficos y la conformaci\u00f3n de dispositivos m\u00faltiples comunicacionales, poscrisis del 2001 &#8211; Trabajo de tesina de Malcon D&#8217;Stefano. FADU-UNL 2015. CAP\u00cdTULO 3 p\u00e1g 37.<\/a>&nbsp;<br><\/cite><\/blockquote>\n\n\n\n<p style=\"font-size:20px\">La creemos pertinente ya que el soporte deja de ser un simple post en Instagram, pasando a formar parte de la ciudad y de la arquitectura misma. Cobra otra dimensi\u00f3n y por lo tanto le da otra <strong>impronta <\/strong>al mensaje. No es lo mismo ver una imagen de un incendio en una red social, que verla en las paredes de un edificio a gran escala. La tipograf\u00eda alcanzando esos tama\u00f1os gigantes, envuelve tanto al edificio como a cualquiera que pase, logrando as\u00ed que lo que antes era una pared, pase a ser un lienzo, un lugar de acci\u00f3n.<\/p>\n\n\n\n<figure class=\"wp-block-gallery columns-3 is-cropped wp-block-gallery-1 is-layout-flex wp-block-gallery-is-layout-flex\"><ul class=\"blocks-gallery-grid\"><li class=\"blocks-gallery-item\"><figure><img loading=\"lazy\" decoding=\"async\" width=\"960\" height=\"960\" src=\"https:\/\/www.catedracosgaya.com.ar\/tipoblog\/2020\/wp-content\/uploads\/2020\/11\/120351322_132752711516713_156088883137999039_n.jpg\" alt=\"\" data-id=\"510\" data-full-url=\"https:\/\/www.catedracosgaya.com.ar\/tipoblog\/2020\/wp-content\/uploads\/2020\/11\/120351322_132752711516713_156088883137999039_n.jpg\" data-link=\"https:\/\/www.catedracosgaya.com.ar\/tipoblog\/2020\/?attachment_id=510\" class=\"wp-image-510\" srcset=\"https:\/\/www.catedracosgaya.com.ar\/tipoblog\/2020\/wp-content\/uploads\/2020\/11\/120351322_132752711516713_156088883137999039_n.jpg 960w, https:\/\/www.catedracosgaya.com.ar\/tipoblog\/2020\/wp-content\/uploads\/2020\/11\/120351322_132752711516713_156088883137999039_n-300x300.jpg 300w, https:\/\/www.catedracosgaya.com.ar\/tipoblog\/2020\/wp-content\/uploads\/2020\/11\/120351322_132752711516713_156088883137999039_n-150x150.jpg 150w, https:\/\/www.catedracosgaya.com.ar\/tipoblog\/2020\/wp-content\/uploads\/2020\/11\/120351322_132752711516713_156088883137999039_n-768x768.jpg 768w\" sizes=\"auto, (max-width: 960px) 100vw, 960px\" \/><\/figure><\/li><li class=\"blocks-gallery-item\"><figure><img loading=\"lazy\" decoding=\"async\" width=\"1024\" height=\"768\" src=\"https:\/\/www.catedracosgaya.com.ar\/tipoblog\/2020\/wp-content\/uploads\/2020\/11\/120455249_112212577209062_2739745203623046479_n-1024x768.jpg\" alt=\"\" data-id=\"511\" data-full-url=\"https:\/\/www.catedracosgaya.com.ar\/tipoblog\/2020\/wp-content\/uploads\/2020\/11\/120455249_112212577209062_2739745203623046479_n.jpg\" data-link=\"https:\/\/www.catedracosgaya.com.ar\/tipoblog\/2020\/?attachment_id=511\" class=\"wp-image-511\" srcset=\"https:\/\/www.catedracosgaya.com.ar\/tipoblog\/2020\/wp-content\/uploads\/2020\/11\/120455249_112212577209062_2739745203623046479_n-1024x768.jpg 1024w, https:\/\/www.catedracosgaya.com.ar\/tipoblog\/2020\/wp-content\/uploads\/2020\/11\/120455249_112212577209062_2739745203623046479_n-300x225.jpg 300w, https:\/\/www.catedracosgaya.com.ar\/tipoblog\/2020\/wp-content\/uploads\/2020\/11\/120455249_112212577209062_2739745203623046479_n-768x576.jpg 768w, https:\/\/www.catedracosgaya.com.ar\/tipoblog\/2020\/wp-content\/uploads\/2020\/11\/120455249_112212577209062_2739745203623046479_n.jpg 1080w\" sizes=\"auto, (max-width: 1024px) 100vw, 1024px\" \/><\/figure><\/li><li class=\"blocks-gallery-item\"><figure><img loading=\"lazy\" decoding=\"async\" width=\"540\" height=\"540\" src=\"https:\/\/www.catedracosgaya.com.ar\/tipoblog\/2020\/wp-content\/uploads\/2020\/11\/121002115_228197688637565_7830462803667312088_n.jpg\" alt=\"\" data-id=\"512\" data-full-url=\"https:\/\/www.catedracosgaya.com.ar\/tipoblog\/2020\/wp-content\/uploads\/2020\/11\/121002115_228197688637565_7830462803667312088_n.jpg\" data-link=\"https:\/\/www.catedracosgaya.com.ar\/tipoblog\/2020\/?attachment_id=512\" class=\"wp-image-512\" srcset=\"https:\/\/www.catedracosgaya.com.ar\/tipoblog\/2020\/wp-content\/uploads\/2020\/11\/121002115_228197688637565_7830462803667312088_n.jpg 540w, https:\/\/www.catedracosgaya.com.ar\/tipoblog\/2020\/wp-content\/uploads\/2020\/11\/121002115_228197688637565_7830462803667312088_n-300x300.jpg 300w, https:\/\/www.catedracosgaya.com.ar\/tipoblog\/2020\/wp-content\/uploads\/2020\/11\/121002115_228197688637565_7830462803667312088_n-150x150.jpg 150w\" sizes=\"auto, (max-width: 540px) 100vw, 540px\" \/><\/figure><\/li><li class=\"blocks-gallery-item\"><figure><img loading=\"lazy\" decoding=\"async\" width=\"881\" height=\"881\" src=\"https:\/\/www.catedracosgaya.com.ar\/tipoblog\/2020\/wp-content\/uploads\/2020\/11\/121005486_162382042205362_4859422696753388789_n.jpg\" alt=\"\" data-id=\"513\" data-full-url=\"https:\/\/www.catedracosgaya.com.ar\/tipoblog\/2020\/wp-content\/uploads\/2020\/11\/121005486_162382042205362_4859422696753388789_n.jpg\" data-link=\"https:\/\/www.catedracosgaya.com.ar\/tipoblog\/2020\/?attachment_id=513\" class=\"wp-image-513\" srcset=\"https:\/\/www.catedracosgaya.com.ar\/tipoblog\/2020\/wp-content\/uploads\/2020\/11\/121005486_162382042205362_4859422696753388789_n.jpg 881w, https:\/\/www.catedracosgaya.com.ar\/tipoblog\/2020\/wp-content\/uploads\/2020\/11\/121005486_162382042205362_4859422696753388789_n-300x300.jpg 300w, https:\/\/www.catedracosgaya.com.ar\/tipoblog\/2020\/wp-content\/uploads\/2020\/11\/121005486_162382042205362_4859422696753388789_n-150x150.jpg 150w, https:\/\/www.catedracosgaya.com.ar\/tipoblog\/2020\/wp-content\/uploads\/2020\/11\/121005486_162382042205362_4859422696753388789_n-768x768.jpg 768w\" sizes=\"auto, (max-width: 881px) 100vw, 881px\" \/><\/figure><\/li><li class=\"blocks-gallery-item\"><figure><img loading=\"lazy\" decoding=\"async\" width=\"960\" height=\"960\" src=\"https:\/\/www.catedracosgaya.com.ar\/tipoblog\/2020\/wp-content\/uploads\/2020\/11\/121077558_345370966541835_8216586213262585231_n.jpg\" alt=\"\" data-id=\"514\" data-full-url=\"https:\/\/www.catedracosgaya.com.ar\/tipoblog\/2020\/wp-content\/uploads\/2020\/11\/121077558_345370966541835_8216586213262585231_n.jpg\" data-link=\"https:\/\/www.catedracosgaya.com.ar\/tipoblog\/2020\/?attachment_id=514\" class=\"wp-image-514\" srcset=\"https:\/\/www.catedracosgaya.com.ar\/tipoblog\/2020\/wp-content\/uploads\/2020\/11\/121077558_345370966541835_8216586213262585231_n.jpg 960w, https:\/\/www.catedracosgaya.com.ar\/tipoblog\/2020\/wp-content\/uploads\/2020\/11\/121077558_345370966541835_8216586213262585231_n-300x300.jpg 300w, https:\/\/www.catedracosgaya.com.ar\/tipoblog\/2020\/wp-content\/uploads\/2020\/11\/121077558_345370966541835_8216586213262585231_n-150x150.jpg 150w, https:\/\/www.catedracosgaya.com.ar\/tipoblog\/2020\/wp-content\/uploads\/2020\/11\/121077558_345370966541835_8216586213262585231_n-768x768.jpg 768w\" sizes=\"auto, (max-width: 960px) 100vw, 960px\" \/><\/figure><\/li><li class=\"blocks-gallery-item\"><figure><img loading=\"lazy\" decoding=\"async\" width=\"540\" height=\"540\" src=\"https:\/\/www.catedracosgaya.com.ar\/tipoblog\/2020\/wp-content\/uploads\/2020\/11\/121117777_1027575627704536_8086332349186782712_n.jpg\" alt=\"\" data-id=\"515\" data-full-url=\"https:\/\/www.catedracosgaya.com.ar\/tipoblog\/2020\/wp-content\/uploads\/2020\/11\/121117777_1027575627704536_8086332349186782712_n.jpg\" data-link=\"https:\/\/www.catedracosgaya.com.ar\/tipoblog\/2020\/?attachment_id=515\" class=\"wp-image-515\" srcset=\"https:\/\/www.catedracosgaya.com.ar\/tipoblog\/2020\/wp-content\/uploads\/2020\/11\/121117777_1027575627704536_8086332349186782712_n.jpg 540w, https:\/\/www.catedracosgaya.com.ar\/tipoblog\/2020\/wp-content\/uploads\/2020\/11\/121117777_1027575627704536_8086332349186782712_n-300x300.jpg 300w, https:\/\/www.catedracosgaya.com.ar\/tipoblog\/2020\/wp-content\/uploads\/2020\/11\/121117777_1027575627704536_8086332349186782712_n-150x150.jpg 150w\" sizes=\"auto, (max-width: 540px) 100vw, 540px\" \/><\/figure><\/li><\/ul><figcaption class=\"blocks-gallery-caption\"><em>*Im\u00e1genes tomadas del hashtag <strong>#proyectorazo<\/strong> en Instagram<\/em><\/figcaption><\/figure>\n\n\n\n<figure class=\"wp-block-video\"><video height=\"640\" style=\"aspect-ratio: 640 \/ 640;\" width=\"640\" controls src=\"https:\/\/www.catedracosgaya.com.ar\/tipoblog\/2020\/wp-content\/uploads\/2020\/11\/121133359_342366090332132_9003089060868283325_n.mp4\"><\/video><\/figure>\n\n\n\n<p><strong>Nuestra postura en cuanto al dise\u00f1o de la pieza<\/strong><\/p>\n\n\n\n<div class=\"wp-block-group\"><div class=\"wp-block-group__inner-container is-layout-flow wp-block-group-is-layout-flow\">\n<p><\/p>\n<\/div><\/div>\n\n\n\n<p style=\"font-size:20px\">Creemos que hay oportunidades para seguir trabajando el post. Entendemos la intenci\u00f3n\/necesidad de que la tipograf\u00eda sea de gran tama\u00f1o y el uso de familias sans serif para una mayor legibilidad en relaci\u00f3n al soporte. Esto es pertinente para transmitir el mensaje, pero a su vez consideramos que las combinaciones tipogr\u00e1ficas no est\u00e1n muy pensadas y se podr\u00edan seguir ajustando, al igual que la estructura o el fondo que por momentos pareciera competir con la tipograf\u00eda.<\/p>\n\n\n\n<p style=\"font-size:20px\">Nos parece que podr\u00eda resolverse usando 2 familias, una de lectura y otra display de bastones gruesos en 3 niveles de lectura, ya que al variar tanto los tama\u00f1os de cada frase se dificulta la jerarquizaci\u00f3n. A su vez consideramos que la tipograf\u00eda de fantas\u00eda elegida no aporta mucho; parece hacer referencia a otro mundo, a algo m\u00e1s infantil quiz\u00e1s y probar\u00edamos usando una un poco m\u00e1s limpia y mejor dise\u00f1ada. En cuanto a las miscel\u00e1neas no vemos que cumplan una funci\u00f3n, ya que no parecen estar en relaci\u00f3n al ancho de bast\u00f3n de ninguna tipograf\u00eda. Parecieran estar simplemente de&nbsp;relleno.<\/p>\n\n\n\n<p style=\"font-size:20px\">M\u00e1s all\u00e1 de que creamos que a nivel dise\u00f1o tenga muchas oportunidades para seguir trabaj\u00e1ndolo, consideramos que la campa\u00f1a <strong>#proyectorazo <\/strong>y las im\u00e1genes que se usaron, adem\u00e1s del post, lograron cumplir su objetivo y difundir el mensaje de emergencia clim\u00e1tica. Es vital que activemos y no nos quedemos de brazos cruzados ya que no hay tiempo. Nos pareci\u00f3 una buena forma de seguir marchando aunque sea desde casa, dado el contexto en el que nos encontramos.<\/p>\n\n\n\n<p style=\"font-size:15px\">Fuentes<\/p>\n\n\n\n<p style=\"font-size:15px\"><a href=\"https:\/\/www.instagram.com\/jovenesporelclimarg\/\">https:\/\/www.instagram.com\/jovenesporelclimarg\/<\/a><\/p>\n\n\n\n<p style=\"font-size:15px\"><a href=\"https:\/\/www.pagina12.com.ar\/296859-incendios-los-especialistas-advierten-sobre-las-consecuencia\">https:\/\/www.pagina12.com.ar\/296859-incendios-los-especialistas-advierten-sobre-las-consecuencia<\/a><\/p>\n\n\n\n<p style=\"font-size:15px\"><a href=\"https:\/\/opinarg.com\/exigen-medidas-urgentes-para-frenar-los-incendios.html\">https:\/\/opinarg.com\/exigen-medidas-urgentes-para-frenar-los-incendios.html<\/a><\/p>\n<div class=\"remoji_bar\"><div class=\"remoji_add_container\" data-remoji-id=\"395\" data-remoji-type=\"post\"><div class=\"remoji_add_icon\"><\/div><\/div><div class=\"remoji_error_bar\" data-remoji-id=\"395\" data-remoji-type=\"post\" style=\"display: none;\">Error happened.<\/div><\/div>","protected":false},"excerpt":{"rendered":"<p>\u00bfCasualidad o causalidad? Sin freno alguno, miles de hect\u00e1reas han sido arrasadas por el fuego en estos meses a lo largo de toda Latinoam\u00e9rica y no es simplemente debido al cambio clim\u00e1tico. Esta atrocidad se debe en gran parte al accionar del ser humano en pos de intereses econ\u00f3micos. \u201cLimpiar\u201d estas tierras es una historia [&hellip;]<\/p>\n","protected":false},"author":13,"featured_media":528,"comment_status":"open","ping_status":"closed","sticky":false,"template":"","format":"standard","meta":{"_acf_changed":false,"footnotes":""},"categories":[1],"tags":[50,39],"class_list":["post-395","post","type-post","status-publish","format-standard","has-post-thumbnail","hentry","category-sin-categoria","tag-post-de-instagram","tag-proyeccion"],"acf":[],"_links":{"self":[{"href":"https:\/\/www.catedracosgaya.com.ar\/tipoblog\/2020\/wp-json\/wp\/v2\/posts\/395","targetHints":{"allow":["GET"]}}],"collection":[{"href":"https:\/\/www.catedracosgaya.com.ar\/tipoblog\/2020\/wp-json\/wp\/v2\/posts"}],"about":[{"href":"https:\/\/www.catedracosgaya.com.ar\/tipoblog\/2020\/wp-json\/wp\/v2\/types\/post"}],"author":[{"embeddable":true,"href":"https:\/\/www.catedracosgaya.com.ar\/tipoblog\/2020\/wp-json\/wp\/v2\/users\/13"}],"replies":[{"embeddable":true,"href":"https:\/\/www.catedracosgaya.com.ar\/tipoblog\/2020\/wp-json\/wp\/v2\/comments?post=395"}],"version-history":[{"count":3,"href":"https:\/\/www.catedracosgaya.com.ar\/tipoblog\/2020\/wp-json\/wp\/v2\/posts\/395\/revisions"}],"predecessor-version":[{"id":2165,"href":"https:\/\/www.catedracosgaya.com.ar\/tipoblog\/2020\/wp-json\/wp\/v2\/posts\/395\/revisions\/2165"}],"wp:featuredmedia":[{"embeddable":true,"href":"https:\/\/www.catedracosgaya.com.ar\/tipoblog\/2020\/wp-json\/wp\/v2\/media\/528"}],"wp:attachment":[{"href":"https:\/\/www.catedracosgaya.com.ar\/tipoblog\/2020\/wp-json\/wp\/v2\/media?parent=395"}],"wp:term":[{"taxonomy":"category","embeddable":true,"href":"https:\/\/www.catedracosgaya.com.ar\/tipoblog\/2020\/wp-json\/wp\/v2\/categories?post=395"},{"taxonomy":"post_tag","embeddable":true,"href":"https:\/\/www.catedracosgaya.com.ar\/tipoblog\/2020\/wp-json\/wp\/v2\/tags?post=395"}],"curies":[{"name":"wp","href":"https:\/\/api.w.org\/{rel}","templated":true}]}}