{"id":320,"date":"2020-11-04T17:04:01","date_gmt":"2020-11-04T20:04:01","guid":{"rendered":"http:\/\/www.catedracosgaya.com.ar\/tipoblog\/2020\/?p=320"},"modified":"2020-11-20T00:13:59","modified_gmt":"2020-11-20T03:13:59","slug":"la-salud-no-es-un-juguete","status":"publish","type":"post","link":"https:\/\/www.catedracosgaya.com.ar\/tipoblog\/2020\/la-salud-no-es-un-juguete\/","title":{"rendered":"\u00a1La salud no es un juguete!"},"content":{"rendered":"\n<p>El <em>Etiquetado Frontal<\/em> es un instrumento que garantiza informaci\u00f3n clara y real a lxs consumidorxs sobre el exceso de los ingredientes perjudiciales para la salud que se encuentran en los productos. Esta Ley es urgente porque la alimentaci\u00f3n y la salud est\u00e1n profundamente conectadas. La salud no es un hecho individual, sino poblacional. <strong>El 68% de la poblaci\u00f3n mayor a 18 a\u00f1os tiene exceso de peso y un 58% de la poblaci\u00f3n argentina tiene una alimentaci\u00f3n insuficiente en nutrientes.<\/strong><\/p>\n\n\n\n<p> <\/p>\n\n\n\n<p><\/p>\n\n\n\n<figure class=\"wp-block-gallery columns-0 is-cropped wp-block-gallery-1 is-layout-flex wp-block-gallery-is-layout-flex\"><ul class=\"blocks-gallery-grid\"><\/ul><\/figure>\n\n\n\n<figure class=\"wp-block-gallery columns-1 is-cropped wp-block-gallery-2 is-layout-flex wp-block-gallery-is-layout-flex\"><ul class=\"blocks-gallery-grid\"><li class=\"blocks-gallery-item\"><figure><img loading=\"lazy\" decoding=\"async\" width=\"1024\" height=\"722\" src=\"https:\/\/www.catedracosgaya.com.ar\/tipoblog\/2020\/wp-content\/uploads\/2020\/11\/IMG-0403-1-1024x722.jpg\" alt=\"\" data-id=\"332\" data-full-url=\"https:\/\/www.catedracosgaya.com.ar\/tipoblog\/2020\/wp-content\/uploads\/2020\/11\/IMG-0403-1.jpg\" data-link=\"https:\/\/www.catedracosgaya.com.ar\/tipoblog\/2020\/?attachment_id=332\" class=\"wp-image-332\" srcset=\"https:\/\/www.catedracosgaya.com.ar\/tipoblog\/2020\/wp-content\/uploads\/2020\/11\/IMG-0403-1-1024x722.jpg 1024w, https:\/\/www.catedracosgaya.com.ar\/tipoblog\/2020\/wp-content\/uploads\/2020\/11\/IMG-0403-1-300x212.jpg 300w, https:\/\/www.catedracosgaya.com.ar\/tipoblog\/2020\/wp-content\/uploads\/2020\/11\/IMG-0403-1-768x542.jpg 768w, https:\/\/www.catedracosgaya.com.ar\/tipoblog\/2020\/wp-content\/uploads\/2020\/11\/IMG-0403-1.jpg 1080w\" sizes=\"auto, (max-width: 1024px) 100vw, 1024px\" \/><\/figure><\/li><\/ul><figcaption class=\"blocks-gallery-caption\"><em>Imagen 2 de la campa\u00f1a de FAGRAN &#8220;Etiquetado YA&#8221;.<\/em><\/figcaption><\/figure>\n\n\n\n<p>Esta pieza surge en un contexto en el cual se est\u00e1 tratando la Ley de Etiquetado Frontal en el Congreso, despu\u00e9s de muchos a\u00f1os. La misma, pertenece a una serie de al menos tres piezas, en las cuales se muestra el <em><strong>uso excesivo del az\u00facar y la sal<\/strong><\/em>, tanto en bebidas como en comidas. Forman parte de una campa\u00f1a realizada por FAGRAN (Federaci\u00f3n Argentina de Graduados en Nutrici\u00f3n). Esta campa\u00f1a es de informaci\u00f3n y concientizaci\u00f3n sobre el uso excesivo de ciertos <em><strong>ingredientes perjudiciale<\/strong><\/em><strong><em>s<\/em><\/strong> para la salud. A su vez, la Ley se est\u00e1 tratando en el contexto de la pandemia y eso es importante debido a que las personas que padecen las <em>Enfermedades No Transmisibles<\/em> (diabetes, c\u00e1ncer, hipertensi\u00f3n arterial, etc.) son en general, poblaci\u00f3n de riesgo ante el <em>COVID-19<\/em>.<\/p>\n\n\n\n<p>La pieza est\u00e1 dirigida a toda la sociedad sin discrimar g\u00e9neros, edades o clases sociales. <em><strong>Todxs somos consumidorxs<\/strong><\/em> de los productos encontrados en cualquier supermercado o tienda de alimentos. Es una campa\u00f1a que se da en las redes porque es donde m\u00e1s llegada se tiene a toda la poblaci\u00f3n.<br>Es una pieza digital, pero podr\u00eda tambi\u00e9n ser impresa ya que la tipograf\u00eda empleada se puede adaptar a ambos usos: impreso o digital. Al ser digital, los costos son bastantes bajos, es m\u00e1s bien una pieza econ\u00f3mica. Adem\u00e1s, al estar dirigida a toda la poblaci\u00f3n, debe ser algo claro y sencillo para ser entendido con facilidad.<\/p>\n\n\n\n<figure class=\"wp-block-image size-large\"><img loading=\"lazy\" decoding=\"async\" width=\"1024\" height=\"722\" src=\"https:\/\/www.catedracosgaya.com.ar\/tipoblog\/2020\/wp-content\/uploads\/2020\/11\/IMG-0401-1-1024x722.jpg\" alt=\"\" class=\"wp-image-333\" srcset=\"https:\/\/www.catedracosgaya.com.ar\/tipoblog\/2020\/wp-content\/uploads\/2020\/11\/IMG-0401-1-1024x722.jpg 1024w, https:\/\/www.catedracosgaya.com.ar\/tipoblog\/2020\/wp-content\/uploads\/2020\/11\/IMG-0401-1-300x212.jpg 300w, https:\/\/www.catedracosgaya.com.ar\/tipoblog\/2020\/wp-content\/uploads\/2020\/11\/IMG-0401-1-768x542.jpg 768w, https:\/\/www.catedracosgaya.com.ar\/tipoblog\/2020\/wp-content\/uploads\/2020\/11\/IMG-0401-1.jpg 1080w\" sizes=\"auto, (max-width: 1024px) 100vw, 1024px\" \/><figcaption><em>Imagen 3 de la campa\u00f1a de FAGRAN &#8220;Etiquetado YA&#8221;.<\/em><\/figcaption><\/figure>\n\n\n\n<p> <\/p>\n\n\n\n<p>Hay mucha desinformaci\u00f3n en el tema:<em><strong> la gente no sabe qu\u00e9 est\u00e1 consumiendo.<\/strong> <\/em>La pieza presenta una postura evidente ya que es indudable la problem\u00e1tica sobre la que trata. El mensaje que brinda es claro y conciso, entendible por todxs<em>. <\/em>El <strong>oct\u00f3gono negro <\/strong>que se muestra es el etiquetado que se propone incorporar en el frente de los productos con altos contenido de ciertas sustancias perjudiciales para nuestra salud. El etiquetado muestra la realidad del contenido de los productos y no lo que muestran las publicidades.<br>El di\u00e1logo que se establece con los destinatarios es chocante, abrupto, ya que la frase empleada es cruda y clara, lo que provoca cierta incomodidad al lector. <em><strong>Es un golpe de realidad<\/strong><\/em>. El fin es que lxs destinatarixs se informen en cuanto al contenido real de los productos que consumen a diario. Se intenta tambi\u00e9n sumar gente a la causa, al ser una problem\u00e1tica que es transversal a todxs. Exigimos una Ley de <strong>#EtiquetadoClaroYa.<\/strong><\/p>\n<div class=\"remoji_bar\"><div class=\"remoji_add_container\" data-remoji-id=\"320\" data-remoji-type=\"post\"><div class=\"remoji_add_icon\"><\/div><\/div><div class=\"remoji_error_bar\" data-remoji-id=\"320\" data-remoji-type=\"post\" style=\"display: none;\">Error happened.<\/div><\/div>","protected":false},"excerpt":{"rendered":"<p>El Etiquetado Frontal es un instrumento que garantiza informaci\u00f3n clara y real a lxs consumidorxs sobre el exceso de los ingredientes perjudiciales para la salud que se encuentran en los productos. Esta Ley es urgente porque la alimentaci\u00f3n y la salud est\u00e1n profundamente conectadas. La salud no es un hecho individual, sino poblacional. El 68% [&hellip;]<\/p>\n","protected":false},"author":14,"featured_media":325,"comment_status":"open","ping_status":"closed","sticky":false,"template":"","format":"standard","meta":{"_acf_changed":false,"footnotes":""},"categories":[1],"tags":[40,28],"class_list":["post-320","post","type-post","status-publish","format-standard","has-post-thumbnail","hentry","category-sin-categoria","tag-afiche-digital","tag-flyer"],"acf":[],"_links":{"self":[{"href":"https:\/\/www.catedracosgaya.com.ar\/tipoblog\/2020\/wp-json\/wp\/v2\/posts\/320","targetHints":{"allow":["GET"]}}],"collection":[{"href":"https:\/\/www.catedracosgaya.com.ar\/tipoblog\/2020\/wp-json\/wp\/v2\/posts"}],"about":[{"href":"https:\/\/www.catedracosgaya.com.ar\/tipoblog\/2020\/wp-json\/wp\/v2\/types\/post"}],"author":[{"embeddable":true,"href":"https:\/\/www.catedracosgaya.com.ar\/tipoblog\/2020\/wp-json\/wp\/v2\/users\/14"}],"replies":[{"embeddable":true,"href":"https:\/\/www.catedracosgaya.com.ar\/tipoblog\/2020\/wp-json\/wp\/v2\/comments?post=320"}],"version-history":[{"count":3,"href":"https:\/\/www.catedracosgaya.com.ar\/tipoblog\/2020\/wp-json\/wp\/v2\/posts\/320\/revisions"}],"predecessor-version":[{"id":354,"href":"https:\/\/www.catedracosgaya.com.ar\/tipoblog\/2020\/wp-json\/wp\/v2\/posts\/320\/revisions\/354"}],"wp:featuredmedia":[{"embeddable":true,"href":"https:\/\/www.catedracosgaya.com.ar\/tipoblog\/2020\/wp-json\/wp\/v2\/media\/325"}],"wp:attachment":[{"href":"https:\/\/www.catedracosgaya.com.ar\/tipoblog\/2020\/wp-json\/wp\/v2\/media?parent=320"}],"wp:term":[{"taxonomy":"category","embeddable":true,"href":"https:\/\/www.catedracosgaya.com.ar\/tipoblog\/2020\/wp-json\/wp\/v2\/categories?post=320"},{"taxonomy":"post_tag","embeddable":true,"href":"https:\/\/www.catedracosgaya.com.ar\/tipoblog\/2020\/wp-json\/wp\/v2\/tags?post=320"}],"curies":[{"name":"wp","href":"https:\/\/api.w.org\/{rel}","templated":true}]}}