{"id":2928,"date":"2020-11-06T18:44:11","date_gmt":"2020-11-06T21:44:11","guid":{"rendered":"http:\/\/www.catedracosgaya.com.ar\/tipoblog\/2020\/?p=2928"},"modified":"2020-11-20T00:34:42","modified_gmt":"2020-11-20T03:34:42","slug":"que-te-llevarias-a-una-isla-desierta","status":"publish","type":"post","link":"https:\/\/www.catedracosgaya.com.ar\/tipoblog\/2020\/que-te-llevarias-a-una-isla-desierta\/","title":{"rendered":"\u00bfQu\u00e9 te llevar\u00edas a una isla desierta?"},"content":{"rendered":"\n<blockquote class=\"wp-block-quote is-layout-flow wp-block-quote-is-layout-flow\"><p><strong>Soledad:<\/strong> pesar y melancol\u00eda que se siente por la ausencia, muerte o p\u00e9rdida de alguien o de algo.<\/p><cite>Real Academia Espa\u00f1ola.<\/cite><\/blockquote>\n\n\n\n<p>La soledad es uno de los problemas que m\u00e1s afecta el bienestar de los adultos mayores. Es un tema realmente preocupante y que no est\u00e1 tan visibilizado como se deber\u00eda. Este aislamiento es un problema grave y habitual, va m\u00e1s all\u00e1 de simplemente sentirse solo. Genera amargura, tristeza y ansiedad con la que las personas mayores deben lidiar en el d\u00eda a d\u00eda. Esta soledad no es simplemente estar solo, en todo caso podr\u00edamos llamarla una <strong>soledad no deseada<\/strong>. Pero, \u00bfpor qu\u00e9? Existe una soledad agradable y reconfortante que resulta beneficiosa para nuestro bienestar, pero a veces, esta puede convertirse en una experiencia\u00a0 de sufrimiento y aislamiento que afecta negativamente a quienes la sufren y a todo su entorno. Entonces es ah\u00ed cuando hablamos de este tipo de soledad. La que usamos para referirnos a esa sensaci\u00f3n de \u201csentirse solo\u201d y a la cual apunta el video que veremos a continuaci\u00f3n.<\/p>\n\n\n\n<p>La entidad <strong>Amigos de los mayores<\/strong> (Amics de la Gent Gran), surge justamente para ayudar a aquellos adultos en situaci\u00f3n de soledad no deseada, trabajan para combatirla con acompa\u00f1amiento emocional y con la participaci\u00f3n social de distintos voluntarios. Luchan para garantizarles una inclusi\u00f3n social y mejorar su salud emocional. En Septiembre de 2019, a ra\u00edz del dia internacional del adulto mayor,\u00a0 el cual se celebra el 1ro de octubre, crearon la campa\u00f1a \u201cVidas aisladas\u201d en la cual, a trav\u00e9s de frases, im\u00e1genes y videos intentaron llegar al p\u00fablico para concientizar acerca de esta problem\u00e1tica y persuadirlo para que puedan sumarse a esta entidad como voluntarios.<\/p>\n\n\n\n<figure class=\"wp-block-embed-youtube wp-block-embed is-type-video is-provider-youtube wp-embed-aspect-16-9 wp-has-aspect-ratio\"><div class=\"wp-block-embed__wrapper\">\n<iframe loading=\"lazy\" title=\"Vidas aisladas\" width=\"580\" height=\"326\" src=\"https:\/\/www.youtube.com\/embed\/7N0dz8KT-_A?feature=oembed\" frameborder=\"0\" allow=\"accelerometer; autoplay; clipboard-write; encrypted-media; gyroscope; picture-in-picture; web-share\" referrerpolicy=\"strict-origin-when-cross-origin\" allowfullscreen><\/iframe>\n<\/div><figcaption>Pieza analizada.<\/figcaption><\/figure>\n\n\n\n<p>En el video podemos observar una postura evidente y un mensaje claro. A trav\u00e9s de pocos recursos, como la m\u00fasica y tipograf\u00eda, logra emocionar al receptor bajo la idea de \u201cla soledad en la tercera edad\u201d. En su final, solo con tres oraciones corrobora, afirma e invita al p\u00fablico a ese cambio, a que pueda ser parte de \u00e9l para hacerle un bien a una persona mayor, m\u00e1s grande que \u00e9l o ella. Simpatiza con la idea de que ese adulto puede ser tu abuelo o abuela, mam\u00e1 o pap\u00e1 ya que la campa\u00f1a est\u00e1 dirigida para todo aquel que quiera reflexionar acerca de la problem\u00e1tica y quiera ofrecerse para ser voluntario en la ONG.&nbsp;<\/p>\n\n\n\n<p>El video responde a una situaci\u00f3n en la cual esta vulnerabilidad est\u00e1 dada en las personas mayores, de esta manera queda expuesta la situaci\u00f3n que conlleva una exclusi\u00f3n social por lo tanto es un llamado a crear pol\u00edticas que atiendan a esta problem\u00e1tica.<\/p>\n\n\n\n<p>Estamos ante un video de dise\u00f1o social, que tiene como objetivo dar a conocer y hacer reflexionar al espectador sobre esta problem\u00e1tica, en la cual se pretende concientizar y as\u00ed adoptar una firme posici\u00f3n de enunciador que te aconseja deliberadamente sobre lo que es o no correcto.<\/p>\n\n\n\n<p>El mensaje tipogr\u00e1fico en este caso releva al mensaje visual ya que de esta manera lo complementa y le da un cierre a la idea que se quiere transmitir.&nbsp; Genera un juego ret\u00f3rico, de forma muy s\u00fatil, en el cual la palabra <em>\u201cSoledad\u201d<\/em> se desvanece y sale del plano al informar la cantidad de personas en estado de marginalidad. Luego, vuelve y se acerca al resto de la oraci\u00f3n, al afirmar que la compa\u00f1\u00eda que podemos brindar a ese adulto, la vence. Tampoco es una decisi\u00f3n menor que el v\u00eddeo finalice de esta forma, la tipograf\u00eda es el medio que se utiliza para terminar de completar el mensaje que se quiere emitir. La tipograf\u00eda est\u00e1 sola en el plano,sobre un fondo blanco, informando y afirmando. De esta manera llega al receptor. Y es ah\u00ed, cuando el enunciador empieza a tener m\u00e1s peso en su argumento. Este gana a trav\u00e9s de las emociones siendo as\u00ed una campa\u00f1a clara y persuasiva que busca lograr el objetivo de concientizar al receptor.&nbsp;<\/p>\n\n\n\n<p>Los recursos est\u00e9ticos potencian este juego. El uso de la tipograf\u00eda serifa le otorga el tinte serio que el discurso necesita, y la palabra<em> \u201cSoledad\u201d<\/em> en it\u00e1lica, potencia la ret\u00f3rica. En este caso juega un papel fundamental porque estos recursos visuales sirven para llamar la atenci\u00f3n de las personas con el fin de mostrar la contracara y la realidad que vive la gente durante la tercera edad, nos hace empatizar con la minor\u00eda en cuesti\u00f3n.<\/p>\n\n\n\n<p>Por lo tanto podemos decir que los recursos tipogr\u00e1ficos son pertinentes a la tem\u00e1tica que se aborda, y a pesar de que el video no se destaca por hacer especial \u00e9nfasis en la tipograf\u00eda, hay una relaci\u00f3n evidente entre el mensaje que se quiere transmitir y lo tipogr\u00e1fico. Los recursos sutiles que se utilizan potencian el mensaje y logran darle el car\u00e1cter ret\u00f3rico que la pieza necesita para llegar al receptor.\u00a0\u00a0<\/p>\n\n\n\n<figure class=\"wp-block-gallery columns-3 is-cropped wp-block-gallery-1 is-layout-flex wp-block-gallery-is-layout-flex\"><ul class=\"blocks-gallery-grid\"><li class=\"blocks-gallery-item\"><figure><img loading=\"lazy\" decoding=\"async\" width=\"1024\" height=\"1024\" src=\"https:\/\/www.catedracosgaya.com.ar\/tipoblog\/2020\/wp-content\/uploads\/2020\/11\/1-1024x1024.png\" alt=\"\" data-id=\"3018\" data-full-url=\"https:\/\/www.catedracosgaya.com.ar\/tipoblog\/2020\/wp-content\/uploads\/2020\/11\/1.png\" data-link=\"https:\/\/www.catedracosgaya.com.ar\/tipoblog\/2020\/?attachment_id=3018\" class=\"wp-image-3018\" srcset=\"https:\/\/www.catedracosgaya.com.ar\/tipoblog\/2020\/wp-content\/uploads\/2020\/11\/1-1024x1024.png 1024w, https:\/\/www.catedracosgaya.com.ar\/tipoblog\/2020\/wp-content\/uploads\/2020\/11\/1-300x300.png 300w, https:\/\/www.catedracosgaya.com.ar\/tipoblog\/2020\/wp-content\/uploads\/2020\/11\/1-150x150.png 150w, https:\/\/www.catedracosgaya.com.ar\/tipoblog\/2020\/wp-content\/uploads\/2020\/11\/1-768x768.png 768w, https:\/\/www.catedracosgaya.com.ar\/tipoblog\/2020\/wp-content\/uploads\/2020\/11\/1.png 1080w\" sizes=\"auto, (max-width: 1024px) 100vw, 1024px\" \/><\/figure><\/li><li class=\"blocks-gallery-item\"><figure><img loading=\"lazy\" decoding=\"async\" width=\"1024\" height=\"1024\" src=\"https:\/\/www.catedracosgaya.com.ar\/tipoblog\/2020\/wp-content\/uploads\/2020\/11\/2-1024x1024.png\" alt=\"\" data-id=\"3019\" data-full-url=\"https:\/\/www.catedracosgaya.com.ar\/tipoblog\/2020\/wp-content\/uploads\/2020\/11\/2.png\" data-link=\"https:\/\/www.catedracosgaya.com.ar\/tipoblog\/2020\/?attachment_id=3019\" class=\"wp-image-3019\" srcset=\"https:\/\/www.catedracosgaya.com.ar\/tipoblog\/2020\/wp-content\/uploads\/2020\/11\/2-1024x1024.png 1024w, https:\/\/www.catedracosgaya.com.ar\/tipoblog\/2020\/wp-content\/uploads\/2020\/11\/2-300x300.png 300w, https:\/\/www.catedracosgaya.com.ar\/tipoblog\/2020\/wp-content\/uploads\/2020\/11\/2-150x150.png 150w, https:\/\/www.catedracosgaya.com.ar\/tipoblog\/2020\/wp-content\/uploads\/2020\/11\/2-768x768.png 768w, https:\/\/www.catedracosgaya.com.ar\/tipoblog\/2020\/wp-content\/uploads\/2020\/11\/2.png 1081w\" sizes=\"auto, (max-width: 1024px) 100vw, 1024px\" \/><\/figure><\/li><li class=\"blocks-gallery-item\"><figure><img loading=\"lazy\" decoding=\"async\" width=\"1024\" height=\"1024\" src=\"https:\/\/www.catedracosgaya.com.ar\/tipoblog\/2020\/wp-content\/uploads\/2020\/11\/3-1024x1024.png\" alt=\"\" data-id=\"3021\" data-full-url=\"https:\/\/www.catedracosgaya.com.ar\/tipoblog\/2020\/wp-content\/uploads\/2020\/11\/3.png\" data-link=\"https:\/\/www.catedracosgaya.com.ar\/tipoblog\/2020\/?attachment_id=3021\" class=\"wp-image-3021\" srcset=\"https:\/\/www.catedracosgaya.com.ar\/tipoblog\/2020\/wp-content\/uploads\/2020\/11\/3-1024x1024.png 1024w, https:\/\/www.catedracosgaya.com.ar\/tipoblog\/2020\/wp-content\/uploads\/2020\/11\/3-300x300.png 300w, https:\/\/www.catedracosgaya.com.ar\/tipoblog\/2020\/wp-content\/uploads\/2020\/11\/3-150x150.png 150w, https:\/\/www.catedracosgaya.com.ar\/tipoblog\/2020\/wp-content\/uploads\/2020\/11\/3-768x768.png 768w, https:\/\/www.catedracosgaya.com.ar\/tipoblog\/2020\/wp-content\/uploads\/2020\/11\/3.png 1080w\" sizes=\"auto, (max-width: 1024px) 100vw, 1024px\" \/><\/figure><\/li><li class=\"blocks-gallery-item\"><figure><img loading=\"lazy\" decoding=\"async\" width=\"1081\" height=\"1080\" src=\"https:\/\/www.catedracosgaya.com.ar\/tipoblog\/2020\/wp-content\/uploads\/2020\/11\/4-1024x1024.png\" alt=\"\" data-id=\"3023\" data-full-url=\"https:\/\/www.catedracosgaya.com.ar\/tipoblog\/2020\/wp-content\/uploads\/2020\/11\/4.png\" data-link=\"https:\/\/www.catedracosgaya.com.ar\/tipoblog\/2020\/?attachment_id=3023\" class=\"wp-image-3023\" srcset=\"https:\/\/www.catedracosgaya.com.ar\/tipoblog\/2020\/wp-content\/uploads\/2020\/11\/4-1024x1024.png 1024w, https:\/\/www.catedracosgaya.com.ar\/tipoblog\/2020\/wp-content\/uploads\/2020\/11\/4-300x300.png 300w, https:\/\/www.catedracosgaya.com.ar\/tipoblog\/2020\/wp-content\/uploads\/2020\/11\/4-150x150.png 150w, https:\/\/www.catedracosgaya.com.ar\/tipoblog\/2020\/wp-content\/uploads\/2020\/11\/4-768x767.png 768w, https:\/\/www.catedracosgaya.com.ar\/tipoblog\/2020\/wp-content\/uploads\/2020\/11\/4.png 1081w\" sizes=\"auto, (max-width: 1081px) 100vw, 1081px\" \/><\/figure><\/li><li class=\"blocks-gallery-item\"><figure><img loading=\"lazy\" decoding=\"async\" width=\"1024\" height=\"1024\" src=\"https:\/\/www.catedracosgaya.com.ar\/tipoblog\/2020\/wp-content\/uploads\/2020\/11\/5-1024x1024.png\" alt=\"\" data-id=\"3024\" data-full-url=\"https:\/\/www.catedracosgaya.com.ar\/tipoblog\/2020\/wp-content\/uploads\/2020\/11\/5.png\" data-link=\"https:\/\/www.catedracosgaya.com.ar\/tipoblog\/2020\/?attachment_id=3024\" class=\"wp-image-3024\" srcset=\"https:\/\/www.catedracosgaya.com.ar\/tipoblog\/2020\/wp-content\/uploads\/2020\/11\/5-1024x1024.png 1024w, https:\/\/www.catedracosgaya.com.ar\/tipoblog\/2020\/wp-content\/uploads\/2020\/11\/5-300x300.png 300w, https:\/\/www.catedracosgaya.com.ar\/tipoblog\/2020\/wp-content\/uploads\/2020\/11\/5-150x150.png 150w, https:\/\/www.catedracosgaya.com.ar\/tipoblog\/2020\/wp-content\/uploads\/2020\/11\/5-768x767.png 768w, https:\/\/www.catedracosgaya.com.ar\/tipoblog\/2020\/wp-content\/uploads\/2020\/11\/5.png 1081w\" sizes=\"auto, (max-width: 1024px) 100vw, 1024px\" \/><\/figure><\/li><\/ul><\/figure>\n\n\n\n<p><strong>Bibliograf\u00eda:<\/strong><\/p>\n\n\n\n<ul class=\"wp-block-list\" id=\"block-74d9855a-cbc0-4eb4-8104-ea27f737d610\"><li>Ret\u00f3ricas del dise\u00f1o social, Mar\u00eda Ledesma y Mabel Lop\u00e9z, 2018.<\/li><li><a href=\"https:\/\/paoperez.com\/tipografias-personalidad-transmite\/\">https:\/\/paoperez.com\/tipografias-personalidad-transmite\/<\/a><\/li><li><a href=\"https:\/\/sandracerro.com\/comunicar-con-grafologia-el-lenguaje-escrito-de-las-marcas\/\">https:\/\/sandracerro.com\/comunicar-con-grafologia-el-lenguaje-escrito-de-las-marcas\/<\/a><\/li><li><a href=\"https:\/\/www.amigosdelosmayores.org\/es\">https:\/\/www.amigosdelosmayores.org\/es<\/a><\/li><\/ul>\n<div class=\"remoji_bar\"><div class=\"remoji_container\" data-remoji-id=\"2928\" data-remoji-type=\"post\" data-remoji-name=\"blush\"><img decoding=\"async\" src=\"https:\/\/www.catedracosgaya.com.ar\/tipoblog\/2020\/wp-content\/plugins\/remoji\/data\/emoji\/1f60a.svg\"><span class=\"remoji_count\">3<\/span><\/div><div class=\"remoji_add_container\" data-remoji-id=\"2928\" data-remoji-type=\"post\"><div class=\"remoji_add_icon\"><\/div><\/div><div class=\"remoji_error_bar\" data-remoji-id=\"2928\" data-remoji-type=\"post\" style=\"display: none;\">Error happened.<\/div><\/div>","protected":false},"excerpt":{"rendered":"<p>Soledad: pesar y melancol\u00eda que se siente por la ausencia, muerte o p\u00e9rdida de alguien o de algo. Real Academia Espa\u00f1ola. La soledad es uno de los problemas que m\u00e1s afecta el bienestar de los adultos mayores. Es un tema realmente preocupante y que no est\u00e1 tan visibilizado como se deber\u00eda. Este aislamiento es un [&hellip;]<\/p>\n","protected":false},"author":107,"featured_media":0,"comment_status":"open","ping_status":"closed","sticky":false,"template":"","format":"standard","meta":{"_acf_changed":false,"footnotes":""},"categories":[1],"tags":[84,52,39,105,82,83],"class_list":["post-2928","post","type-post","status-publish","format-standard","hentry","category-sin-categoria","tag-accion-de-visibilizacion","tag-igualdad","tag-proyeccion","tag-publicacion-digital","tag-spot","tag-spot-de-concientizacion"],"acf":[],"_links":{"self":[{"href":"https:\/\/www.catedracosgaya.com.ar\/tipoblog\/2020\/wp-json\/wp\/v2\/posts\/2928","targetHints":{"allow":["GET"]}}],"collection":[{"href":"https:\/\/www.catedracosgaya.com.ar\/tipoblog\/2020\/wp-json\/wp\/v2\/posts"}],"about":[{"href":"https:\/\/www.catedracosgaya.com.ar\/tipoblog\/2020\/wp-json\/wp\/v2\/types\/post"}],"author":[{"embeddable":true,"href":"https:\/\/www.catedracosgaya.com.ar\/tipoblog\/2020\/wp-json\/wp\/v2\/users\/107"}],"replies":[{"embeddable":true,"href":"https:\/\/www.catedracosgaya.com.ar\/tipoblog\/2020\/wp-json\/wp\/v2\/comments?post=2928"}],"version-history":[{"count":2,"href":"https:\/\/www.catedracosgaya.com.ar\/tipoblog\/2020\/wp-json\/wp\/v2\/posts\/2928\/revisions"}],"predecessor-version":[{"id":3040,"href":"https:\/\/www.catedracosgaya.com.ar\/tipoblog\/2020\/wp-json\/wp\/v2\/posts\/2928\/revisions\/3040"}],"wp:attachment":[{"href":"https:\/\/www.catedracosgaya.com.ar\/tipoblog\/2020\/wp-json\/wp\/v2\/media?parent=2928"}],"wp:term":[{"taxonomy":"category","embeddable":true,"href":"https:\/\/www.catedracosgaya.com.ar\/tipoblog\/2020\/wp-json\/wp\/v2\/categories?post=2928"},{"taxonomy":"post_tag","embeddable":true,"href":"https:\/\/www.catedracosgaya.com.ar\/tipoblog\/2020\/wp-json\/wp\/v2\/tags?post=2928"}],"curies":[{"name":"wp","href":"https:\/\/api.w.org\/{rel}","templated":true}]}}