{"id":2924,"date":"2020-11-06T18:41:57","date_gmt":"2020-11-06T21:41:57","guid":{"rendered":"http:\/\/www.catedracosgaya.com.ar\/tipoblog\/2020\/?p=2924"},"modified":"2020-11-17T20:33:35","modified_gmt":"2020-11-17T23:33:35","slug":"la-desigualdad-mata","status":"publish","type":"post","link":"https:\/\/www.catedracosgaya.com.ar\/tipoblog\/2020\/la-desigualdad-mata\/","title":{"rendered":"LA DESIGUALDAD MATA"},"content":{"rendered":"\n<h2 class=\"has-primary-color has-text-color wp-block-heading\" style=\"font-size:24px\"><strong>En un contexto de crisis global, basado principalmente en el aumento de las desigualdades, la pobreza es cada vez m\u00e1s extrema, intensa y cr\u00f3nica. Es urgente cambiar el sistema capitalista que genera riquezas para el 1% y un empobrecimiento generalizado del resto de la poblaci\u00f3n. Por otra parte, denunciamos que permitir la persistencia del fraude, la evasi\u00f3n y la elusi\u00f3n fiscal, supone complicidad con el aumento de la desigualdad y el empobrecimiento de la ciudadan\u00eda mundial.<\/strong><\/h2>\n\n\n\n<p><\/p>\n\n\n\n<p class=\"has-primary-color has-text-color\">El cartel fue dise\u00f1ado por la campa\u00f1a de lucha contra la pobreza, que tom\u00f3 protagonismo durante la manifestaci\u00f3n celebrada el d\u00eda 17 de Octubre de 2014 en la ciudad de Madrid &#8211; Espa\u00f1a -, con motivo del \u201cD\u00eda Mundial para la Erradicaci\u00f3n de la Pobreza\u201d. El lema principal de la misma fue la frase \u201cContra la riqueza que empobrece, act\u00faa\u201d, cuyo objetivo fue movilizar a los ciudadanos en contra de un sistema que permite el enriquecimiento ilimitado de una minor\u00eda, a costa del empobrecimiento de millones de personas en todo el mundo. Su finalidad consist\u00eda en rebelarse contra la pobreza, promoviendo mayor conciencia sobre las necesidades para erradicarla. Los carteles fueron impresos en grandes tiradas (a dos tintas) de f\u00e1cil distribuci\u00f3n, con el fin de llegar a la mayor cantidad de personas posibles, sin sobrecargarla de informaci\u00f3n.<\/p>\n\n\n\n<p>El dise\u00f1o de la pieza es muy minimalista, con pocas ilustraciones ic\u00f3nicas que logran transmitir&nbsp;valores con un alto impacto visual, utilizando el color rojo para resaltar la acci\u00f3n m\u00e1s importante del mismo. Est\u00e1 dirigida a aquellas personas que est\u00e9n interesadas en luchar por resolver las condiciones que provocan la pobreza. El di\u00e1logo que se establece con los destinatarios, es incomodo, chocante, persuasivo y muy pregnante, logrando captar su atenci\u00f3n de forma inmediata. &nbsp;<\/p>\n\n\n\n<p>Es una pieza pensada para ser le\u00edda de frente, con una ubicaci\u00f3n central donde se puede observar una corbata siendo cortada por una tijera, logrando dar un mensaje muy potente y concreto, el cual pregona la idea de actuar para terminar con la riqueza que empobrece. Ideol\u00f3gicamente, muestra un desprecio hac\u00eda las pol\u00edticas declaradas a favor de los m\u00e1s adinerados, de un sistema sumamente capitalista. As\u00ed, de esta forma, proclamar un discurso claro que se dirija a la poblaci\u00f3n a trav\u00e9s de la comunicaci\u00f3n y acciones de sensibilizaci\u00f3n; y a la clase dirigente, a trav\u00e9s de la incidencia pol\u00edtica.&nbsp;<\/p>\n\n\n\n<p>En la pieza se acent\u00faa la palabra \u201cact\u00faa\u201d, por el tama\u00f1o de la fuente que se presenta, como tambi\u00e9n por su color llamativo en contraste con las dem\u00e1s que se visualizan en blanco. Cabe destacar que hay una relaci\u00f3n entre la palabra \u201cact\u00faa\u201d y \u201cla tijera que corta la corbata (s\u00edmbolo del empresariado enriquecido)\u201d, ambas est\u00e1n en rojo, se refuerzan y vinculan.&nbsp;<\/p>\n\n\n\n<figure class=\"wp-block-image size-large is-resized is-style-default\"><img loading=\"lazy\" decoding=\"async\" src=\"https:\/\/www.catedracosgaya.com.ar\/tipoblog\/2020\/wp-content\/uploads\/2020\/11\/descarga-2.png\" alt=\"\" class=\"wp-image-3011\" width=\"536\" height=\"757\"\/><figcaption>Manifestaci\u00f3n contra la erradicaci\u00f3n de la pobreza que <span class=\"has-inline-color has-secondary-color\">tuvo lugar el 17 de Octubre del 2014<\/span><\/figcaption><\/figure>\n\n\n\n<p>Con el fin de lograr un mensaje de protesta para generar una conexi\u00f3n visual con mayor fuerza, en una escala que impacte y atrape al observador, se opt\u00f3 por la utilizaci\u00f3n de una fuente perteneciente al grupo de la tipograf\u00edas Sans serif grotescas (generalmente utilizadas en afiches callejeros), denominada \u201cAnton\u201d; dise\u00f1ada por el Tip\u00f3grafo Vernon Adams en el a\u00f1o 2013, en la ciudad de California &#8211; Estados Unidos -, espec\u00edficamente para uso en pantallas de gran tama\u00f1o, encabezados y banners.<\/p>\n\n\n\n<p>En conclusi\u00f3n, la campa\u00f1a tuvo como objetivo lograr transmitir un mensaje de gran impacto, a trav\u00e9s de una pieza gr\u00e1fica, utilizando un lenguaje connotativo (Funci\u00f3n apelativa). Su prop\u00f3sito fue llamar la atenci\u00f3n del gobierno, para que reaccionen y propongan pol\u00edticas en forma inmediata frente al il\u00edcito puesto en cuesti\u00f3n.&nbsp;<\/p>\n\n\n\n<p>Para finalizar, consideramos importante citar una frase de Nelson Mandela, que deja en claro la relaci\u00f3n entre la pobreza y la libertad de los seres humanos&#8230;,<\/p>\n\n\n\n<blockquote class=\"wp-block-quote is-style-default is-layout-flow wp-block-quote-is-layout-flow\"><p>\u201cLa pobreza no es natural, es creada por el hombre y puede superarse, y erradicarse mediante acciones de los seres humanos. Erradicarla no es un gesto de caridad, es un acto de justicia. Se trata de proteger un derecho humano fundamental, el derecho a una vida digna. Mientras haya pobreza, no habr\u00e1 verdadera libertad\u201d.&nbsp;<\/p><\/blockquote>\n\n\n\n<figure class=\"wp-block-embed-wordpress wp-block-embed is-type-wp-embed is-provider-rebelate-contra-la-pobreza\"><div class=\"wp-block-embed__wrapper\">\n<blockquote class=\"wp-embedded-content\" data-secret=\"CE7HTRxYh0\"><a href=\"https:\/\/www.rebelatecontralapobreza.org\/alianza-espanola-contra-la-pobreza\">Alianza espa\u00f1ola contra la pobreza<\/a><\/blockquote><iframe loading=\"lazy\" class=\"wp-embedded-content\" sandbox=\"allow-scripts\" security=\"restricted\" style=\"position: absolute; clip: rect(1px, 1px, 1px, 1px);\" title=\"\u00abAlianza espa\u00f1ola contra la pobreza\u00bb \u2014 Reb\u00e9late contra la Pobreza\" src=\"https:\/\/www.rebelatecontralapobreza.org\/alianza-espanola-contra-la-pobreza\/embed#?secret=ijfKOzjhgW#?secret=CE7HTRxYh0\" data-secret=\"CE7HTRxYh0\" width=\"580\" height=\"327\" frameborder=\"0\" marginwidth=\"0\" marginheight=\"0\" scrolling=\"no\"><\/iframe>\n<\/div><\/figure>\n\n\n\n<figure class=\"wp-block-embed-wordpress wp-block-embed is-type-wp-embed is-provider-solidarios-para-el-desarrollo\"><div class=\"wp-block-embed__wrapper\">\n<blockquote class=\"wp-embedded-content\" data-secret=\"2vYQ5MgZXG\"><a href=\"https:\/\/www.solidarios.org.es\/apoyamos-la-semana-contra-la-pobreza\">Apoyamos la Semana contra la Pobreza<\/a><\/blockquote><iframe loading=\"lazy\" class=\"wp-embedded-content\" sandbox=\"allow-scripts\" security=\"restricted\" style=\"position: absolute; clip: rect(1px, 1px, 1px, 1px);\" title=\"\u00abApoyamos la Semana contra la Pobreza\u00bb \u2014 SOLIDARIOS\" src=\"https:\/\/www.solidarios.org.es\/apoyamos-la-semana-contra-la-pobreza\/embed#?secret=PpZvFINQFF#?secret=2vYQ5MgZXG\" data-secret=\"2vYQ5MgZXG\" width=\"580\" height=\"327\" frameborder=\"0\" marginwidth=\"0\" marginheight=\"0\" scrolling=\"no\"><\/iframe>\n<\/div><\/figure>\n<div class=\"remoji_bar\"><div class=\"remoji_container\" data-remoji-id=\"2924\" data-remoji-type=\"post\" data-remoji-name=\"thumbsup\"><img decoding=\"async\" src=\"https:\/\/www.catedracosgaya.com.ar\/tipoblog\/2020\/wp-content\/plugins\/remoji\/data\/emoji\/1f44d.svg\"><span class=\"remoji_count\">1<\/span><\/div><div class=\"remoji_add_container\" data-remoji-id=\"2924\" data-remoji-type=\"post\"><div class=\"remoji_add_icon\"><\/div><\/div><div class=\"remoji_error_bar\" data-remoji-id=\"2924\" data-remoji-type=\"post\" style=\"display: none;\">Error happened.<\/div><\/div>","protected":false},"excerpt":{"rendered":"<p>En un contexto de crisis global, basado principalmente en el aumento de las desigualdades, la pobreza es cada vez m\u00e1s extrema, intensa y cr\u00f3nica. Es urgente cambiar el sistema capitalista que genera riquezas para el 1% y un empobrecimiento generalizado del resto de la poblaci\u00f3n. Por otra parte, denunciamos que permitir la persistencia del fraude, [&hellip;]<\/p>\n","protected":false},"author":115,"featured_media":3093,"comment_status":"open","ping_status":"closed","sticky":false,"template":"","format":"standard","meta":{"_acf_changed":false,"footnotes":""},"categories":[1],"tags":[25],"class_list":["post-2924","post","type-post","status-publish","format-standard","has-post-thumbnail","hentry","category-sin-categoria","tag-cartel"],"acf":[],"_links":{"self":[{"href":"https:\/\/www.catedracosgaya.com.ar\/tipoblog\/2020\/wp-json\/wp\/v2\/posts\/2924","targetHints":{"allow":["GET"]}}],"collection":[{"href":"https:\/\/www.catedracosgaya.com.ar\/tipoblog\/2020\/wp-json\/wp\/v2\/posts"}],"about":[{"href":"https:\/\/www.catedracosgaya.com.ar\/tipoblog\/2020\/wp-json\/wp\/v2\/types\/post"}],"author":[{"embeddable":true,"href":"https:\/\/www.catedracosgaya.com.ar\/tipoblog\/2020\/wp-json\/wp\/v2\/users\/115"}],"replies":[{"embeddable":true,"href":"https:\/\/www.catedracosgaya.com.ar\/tipoblog\/2020\/wp-json\/wp\/v2\/comments?post=2924"}],"version-history":[{"count":3,"href":"https:\/\/www.catedracosgaya.com.ar\/tipoblog\/2020\/wp-json\/wp\/v2\/posts\/2924\/revisions"}],"predecessor-version":[{"id":3160,"href":"https:\/\/www.catedracosgaya.com.ar\/tipoblog\/2020\/wp-json\/wp\/v2\/posts\/2924\/revisions\/3160"}],"wp:featuredmedia":[{"embeddable":true,"href":"https:\/\/www.catedracosgaya.com.ar\/tipoblog\/2020\/wp-json\/wp\/v2\/media\/3093"}],"wp:attachment":[{"href":"https:\/\/www.catedracosgaya.com.ar\/tipoblog\/2020\/wp-json\/wp\/v2\/media?parent=2924"}],"wp:term":[{"taxonomy":"category","embeddable":true,"href":"https:\/\/www.catedracosgaya.com.ar\/tipoblog\/2020\/wp-json\/wp\/v2\/categories?post=2924"},{"taxonomy":"post_tag","embeddable":true,"href":"https:\/\/www.catedracosgaya.com.ar\/tipoblog\/2020\/wp-json\/wp\/v2\/tags?post=2924"}],"curies":[{"name":"wp","href":"https:\/\/api.w.org\/{rel}","templated":true}]}}