{"id":2911,"date":"2020-11-06T18:55:21","date_gmt":"2020-11-06T21:55:21","guid":{"rendered":"http:\/\/www.catedracosgaya.com.ar\/tipoblog\/2020\/?p=2911"},"modified":"2020-11-19T19:09:04","modified_gmt":"2020-11-19T22:09:04","slug":"tipografia-en-tiempos-de-guerra","status":"publish","type":"post","link":"https:\/\/www.catedracosgaya.com.ar\/tipoblog\/2020\/tipografia-en-tiempos-de-guerra\/","title":{"rendered":"Tipograf\u00eda en tiempos de Guerra"},"content":{"rendered":"\n<p>El estudio Mexicano de dise\u00f1o grafico\u201cGran Om\u201d fundado por <em>Dante Aguilera<\/em> y <em>Omar Inzunza<\/em>, ambos creativos decidieron poner&nbsp;al servicio de la gente su arte. La acci\u00f3n llevada a cabo en este caso se trata de uno de sus grandes proyectos llamado \u201cPropaganda y Conciencia\u201d donde se pretende a trav\u00e9s de la imagen llevar un mensaje contundente&nbsp;abordando distintas tem\u00e1ticas sociales y pol\u00edticas que aquejan y afectan a la sociedad.&nbsp;<\/p>\n\n\n\n<p><strong>Propaganda y Conciencia<\/strong><\/p>\n\n\n\n<p>Esta campa\u00f1a que aborda las problem\u00e1ticas generadas a ra\u00edz del <strong>covid-19, <\/strong>est\u00e1 compuesta por una serie de piezas que manejan un c\u00f3digo est\u00e9tico similar. El soporte principal utilizado es el formato afiche de 60 x 90 cm, lo realizan en impresi\u00f3n offset&nbsp;el cual tiene un costo de producci\u00f3n est\u00e1ndar ya que&nbsp;deben mantener la sensibilidad de la pieza y tambi\u00e9n poder llegar a la mayor cantidad de lugares posible. Con estos afiches intervienen la v\u00eda p\u00fablica y adem\u00e1s se suman las colaboraciones que realizan con&nbsp; otros artistas. Tambi\u00e9n utilizan estas piezas para publicaciones digitales en las distintas redes sociales (Instagram, Facebook,Twitter) logrando as\u00ed no solo tener un alcance local sino tambi\u00e9n&nbsp; internacional, con el fin de potenciar&nbsp; el mensaje.<\/p>\n\n\n\n<p>Los Artistas buscan poner en evidencia no solo&nbsp;el negocio que hay detr\u00e1s de la salud si no que tambi\u00e9n las enormes problem\u00e1ticas sociales y econ\u00f3micas&nbsp; que se vieron agravadas por el Covid-19.&nbsp;Se busca exponer desde un mensaje cr\u00edtico a las distintas organizaciones, empresas y entidades de \u00edndole pol\u00edtica que&nbsp;se vieron beneficiados a ra\u00edz de la pandemia.<\/p>\n\n\n\n<figure class=\"wp-block-gallery columns-3 is-cropped wp-block-gallery-1 is-layout-flex wp-block-gallery-is-layout-flex\"><ul class=\"blocks-gallery-grid\"><li class=\"blocks-gallery-item\"><figure><img loading=\"lazy\" decoding=\"async\" width=\"183\" height=\"275\" src=\"http:\/\/www.catedracosgaya.com.ar\/tipoblog\/2020\/wp-content\/uploads\/2020\/11\/Covid2.jpg\" alt=\"\" data-id=\"3014\" data-full-url=\"http:\/\/www.catedracosgaya.com.ar\/tipoblog\/2020\/wp-content\/uploads\/2020\/11\/Covid2.jpg\" data-link=\"http:\/\/www.catedracosgaya.com.ar\/tipoblog\/2020\/?attachment_id=3014\" class=\"wp-image-3014\" \/><\/figure><\/li><li class=\"blocks-gallery-item\"><figure><img loading=\"lazy\" decoding=\"async\" width=\"683\" height=\"1024\" src=\"http:\/\/www.catedracosgaya.com.ar\/tipoblog\/2020\/wp-content\/uploads\/2020\/11\/123937201_3691346800878396_2397428342050869658_o-1-683x1024.jpg\" alt=\"\" data-id=\"3013\" data-full-url=\"http:\/\/www.catedracosgaya.com.ar\/tipoblog\/2020\/wp-content\/uploads\/2020\/11\/123937201_3691346800878396_2397428342050869658_o-1.jpg\" data-link=\"http:\/\/www.catedracosgaya.com.ar\/tipoblog\/2020\/?attachment_id=3013\" class=\"wp-image-3013\" srcset=\"https:\/\/www.catedracosgaya.com.ar\/tipoblog\/2020\/wp-content\/uploads\/2020\/11\/123937201_3691346800878396_2397428342050869658_o-1-683x1024.jpg 683w, https:\/\/www.catedracosgaya.com.ar\/tipoblog\/2020\/wp-content\/uploads\/2020\/11\/123937201_3691346800878396_2397428342050869658_o-1-200x300.jpg 200w, https:\/\/www.catedracosgaya.com.ar\/tipoblog\/2020\/wp-content\/uploads\/2020\/11\/123937201_3691346800878396_2397428342050869658_o-1-768x1151.jpg 768w, https:\/\/www.catedracosgaya.com.ar\/tipoblog\/2020\/wp-content\/uploads\/2020\/11\/123937201_3691346800878396_2397428342050869658_o-1-1025x1536.jpg 1025w, https:\/\/www.catedracosgaya.com.ar\/tipoblog\/2020\/wp-content\/uploads\/2020\/11\/123937201_3691346800878396_2397428342050869658_o-1-1200x1799.jpg 1200w, https:\/\/www.catedracosgaya.com.ar\/tipoblog\/2020\/wp-content\/uploads\/2020\/11\/123937201_3691346800878396_2397428342050869658_o-1.jpg 1344w\" sizes=\"auto, (max-width: 683px) 100vw, 683px\" \/><\/figure><\/li><li class=\"blocks-gallery-item\"><figure><img loading=\"lazy\" decoding=\"async\" width=\"183\" height=\"275\" src=\"http:\/\/www.catedracosgaya.com.ar\/tipoblog\/2020\/wp-content\/uploads\/2020\/11\/Covid3.jpg\" alt=\"\" data-id=\"3015\" data-full-url=\"http:\/\/www.catedracosgaya.com.ar\/tipoblog\/2020\/wp-content\/uploads\/2020\/11\/Covid3.jpg\" data-link=\"http:\/\/www.catedracosgaya.com.ar\/tipoblog\/2020\/?attachment_id=3015\" class=\"wp-image-3015\" \/><\/figure><\/li><li class=\"blocks-gallery-item\"><figure><img loading=\"lazy\" decoding=\"async\" width=\"434\" height=\"385\" src=\"http:\/\/www.catedracosgaya.com.ar\/tipoblog\/2020\/wp-content\/uploads\/2020\/11\/Captura-2.jpg\" alt=\"\" data-id=\"3020\" data-full-url=\"http:\/\/www.catedracosgaya.com.ar\/tipoblog\/2020\/wp-content\/uploads\/2020\/11\/Captura-2.jpg\" data-link=\"http:\/\/www.catedracosgaya.com.ar\/tipoblog\/2020\/?attachment_id=3020\" class=\"wp-image-3020\" srcset=\"https:\/\/www.catedracosgaya.com.ar\/tipoblog\/2020\/wp-content\/uploads\/2020\/11\/Captura-2.jpg 434w, https:\/\/www.catedracosgaya.com.ar\/tipoblog\/2020\/wp-content\/uploads\/2020\/11\/Captura-2-300x266.jpg 300w\" sizes=\"auto, (max-width: 434px) 100vw, 434px\" \/><\/figure><\/li><\/ul><\/figure>\n\n\n\n<p><strong>Tipograf\u00eda <\/strong><\/p>\n\n\n\n<p>La tipograf\u00eda funciona como soporte fundamental en esta pieza, potencia el mensaje en la forma de componer los textos que se asemejan a los criterios utilizados en los afiches de propaganda pol\u00edtica de la segunda guerra mundial.&nbsp;&nbsp;<\/p>\n\n\n\n<p>Una de las tipograf\u00edas&nbsp; que tiene mayor protagonismo es la<em> Brush Scrip <\/em>que tiene un estilo caligr\u00e1fico fuerte e informal que simula la escritura con pincel, min\u00fasculas enlazadas entre s\u00ed, muy apretadas y may\u00fascula muy potentes. Fue creada en el a\u00f1o 1942, donde el mundo se encontraba atravesando la segunda guerra mundial. Es claro que los dise\u00f1adores hicieron esta elecci\u00f3n tipogr\u00e1fica apoy\u00e1ndose en la historia de esta tipograf\u00eda&nbsp; para recuperar de manera conceptual el c\u00f3digo gr\u00e1fico que representa esta \u00e9poca, asoci\u00e1ndolo a la actual problem\u00e1tica, de esta forma se logra potenciar de manera considerable el mensaje de la pieza ya que sin duda se busca asociar la actual pandemia a la guerra .<\/p>\n\n\n\n<p>La segunda tipograf\u00eda utilizada es la <em>Aracne Stamp Condensed<\/em> que presenta remates suaves y limpios con simulaci\u00f3n manuscrita regular, es una versi\u00f3n extendida de la tipograf\u00eda Aracne. La tercer tipograf\u00eda <em>Carlisle<\/em> es una fuente de variable versalita con un toque antiguo y tosco.<\/p>\n\n\n\n<p>En su conjunto funcionan ya que estil\u00edsticamente se alinean al mismo c\u00f3digo que maneja la pieza, las 3 simulan una escritura manual&nbsp; d\u00e1ndole una sensibilidad&nbsp; gr\u00e1fica que acompa\u00f1a a la totalidad de la composici\u00f3n.<\/p>\n\n\n\n<p><strong>Contexto visual<\/strong><\/p>\n\n\n\n<p>La intenci\u00f3n por parte de los dise\u00f1adores de <em>Gran Om <\/em>es clara, rompieron con el estereotipo de estos carteles de 1940&nbsp; logrando un c\u00f3digo est\u00e9tico particular a trav\u00e9s de la tipograf\u00eda, las disposiciones de los texto y la sensibilidad de la imagen, manteniendo su propio estilo gr\u00e1fico, apropi\u00e1ndose de lo discursivo y del partido conceptual de la propaganda pol\u00edtica de esa \u00e9poca. Le dieron un giro usando el discurso de manera ir\u00f3nica para potenciar la cr\u00edtica y el mensaje.<\/p>\n\n\n\n<p>&nbsp;Las tendencias gr\u00e1ficas de la \u00e9poca de 1940 estaban justamente relacionadas a la propaganda pol\u00edtica por la&nbsp; segunda guerra mundial y las im\u00e1genes motivacionales se usaban  ilustraciones realistas que daban un aspecto rom\u00e1ntico a la batalla .<\/p>\n\n\n\n<p>La disposici\u00f3n de la tipograf\u00eda est\u00e1 asociada tambi\u00e9n a&nbsp; esta decisi\u00f3n grafica&nbsp;ya que este recurso&nbsp;de utilizar la composici\u00f3n en diagonal en relaci\u00f3n a su l\u00ednea de base es un recurso que se sol\u00eda utilizar en los afiches&nbsp; de esta \u00e9poca, al igual que la tipograf\u00eda de caracter\u00edsticas caligr\u00e1ficas. Tiene un protagonismo&nbsp; importante&nbsp; no solo por lo que detallamos anteriormente si no por que ademas busca comunicar con la frase&nbsp;desde un lado motivacional llev\u00e1ndolo a la ironia del mensaje.<\/p>\n\n\n\n<p>La producci\u00f3n gr\u00e1fica de esta pieza se realiza de forma digital con ilustraciones realizadas en grabado intervenidas digitalmente .<\/p>\n\n\n\n<p><\/p>\n\n\n\n<figure class=\"wp-block-gallery columns-3 is-cropped wp-block-gallery-2 is-layout-flex wp-block-gallery-is-layout-flex\"><ul class=\"blocks-gallery-grid\"><li class=\"blocks-gallery-item\"><figure><img loading=\"lazy\" decoding=\"async\" width=\"183\" height=\"275\" src=\"https:\/\/www.catedracosgaya.com.ar\/tipoblog\/2020\/wp-content\/uploads\/2020\/11\/Covid4.jpg\" alt=\"\" data-id=\"3032\" data-full-url=\"https:\/\/www.catedracosgaya.com.ar\/tipoblog\/2020\/wp-content\/uploads\/2020\/11\/Covid4.jpg\" data-link=\"https:\/\/www.catedracosgaya.com.ar\/tipoblog\/2020\/?attachment_id=3032\" class=\"wp-image-3032\" \/><\/figure><\/li><li class=\"blocks-gallery-item\"><figure><img loading=\"lazy\" decoding=\"async\" width=\"708\" height=\"900\" src=\"https:\/\/www.catedracosgaya.com.ar\/tipoblog\/2020\/wp-content\/uploads\/2020\/11\/Become_a_nurse.jpg\" alt=\"\" data-id=\"3031\" data-full-url=\"https:\/\/www.catedracosgaya.com.ar\/tipoblog\/2020\/wp-content\/uploads\/2020\/11\/Become_a_nurse.jpg\" data-link=\"https:\/\/www.catedracosgaya.com.ar\/tipoblog\/2020\/?attachment_id=3031\" class=\"wp-image-3031\" srcset=\"https:\/\/www.catedracosgaya.com.ar\/tipoblog\/2020\/wp-content\/uploads\/2020\/11\/Become_a_nurse.jpg 708w, https:\/\/www.catedracosgaya.com.ar\/tipoblog\/2020\/wp-content\/uploads\/2020\/11\/Become_a_nurse-236x300.jpg 236w\" sizes=\"auto, (max-width: 708px) 100vw, 708px\" \/><\/figure><\/li><li class=\"blocks-gallery-item\"><figure><img loading=\"lazy\" decoding=\"async\" width=\"616\" height=\"510\" src=\"https:\/\/www.catedracosgaya.com.ar\/tipoblog\/2020\/wp-content\/uploads\/2020\/11\/616x510.jpg\" alt=\"\" data-id=\"3030\" data-full-url=\"https:\/\/www.catedracosgaya.com.ar\/tipoblog\/2020\/wp-content\/uploads\/2020\/11\/616x510.jpg\" data-link=\"https:\/\/www.catedracosgaya.com.ar\/tipoblog\/2020\/?attachment_id=3030\" class=\"wp-image-3030\" srcset=\"https:\/\/www.catedracosgaya.com.ar\/tipoblog\/2020\/wp-content\/uploads\/2020\/11\/616x510.jpg 616w, https:\/\/www.catedracosgaya.com.ar\/tipoblog\/2020\/wp-content\/uploads\/2020\/11\/616x510-300x248.jpg 300w\" sizes=\"auto, (max-width: 616px) 100vw, 616px\" \/><\/figure><\/li><li class=\"blocks-gallery-item\"><figure><img loading=\"lazy\" decoding=\"async\" width=\"427\" height=\"576\" src=\"https:\/\/www.catedracosgaya.com.ar\/tipoblog\/2020\/wp-content\/uploads\/2020\/11\/pp0594.jpg\" alt=\"\" data-id=\"3033\" data-full-url=\"https:\/\/www.catedracosgaya.com.ar\/tipoblog\/2020\/wp-content\/uploads\/2020\/11\/pp0594.jpg\" data-link=\"https:\/\/www.catedracosgaya.com.ar\/tipoblog\/2020\/?attachment_id=3033\" class=\"wp-image-3033\" srcset=\"https:\/\/www.catedracosgaya.com.ar\/tipoblog\/2020\/wp-content\/uploads\/2020\/11\/pp0594.jpg 427w, https:\/\/www.catedracosgaya.com.ar\/tipoblog\/2020\/wp-content\/uploads\/2020\/11\/pp0594-222x300.jpg 222w\" sizes=\"auto, (max-width: 427px) 100vw, 427px\" \/><\/figure><\/li><li class=\"blocks-gallery-item\"><figure><img loading=\"lazy\" decoding=\"async\" width=\"485\" height=\"600\" src=\"https:\/\/www.catedracosgaya.com.ar\/tipoblog\/2020\/wp-content\/uploads\/2020\/11\/wwii-poster-1942-are-doing-all-can-13643666.jpg\" alt=\"\" data-id=\"3034\" data-full-url=\"https:\/\/www.catedracosgaya.com.ar\/tipoblog\/2020\/wp-content\/uploads\/2020\/11\/wwii-poster-1942-are-doing-all-can-13643666.jpg\" data-link=\"https:\/\/www.catedracosgaya.com.ar\/tipoblog\/2020\/?attachment_id=3034\" class=\"wp-image-3034\" srcset=\"https:\/\/www.catedracosgaya.com.ar\/tipoblog\/2020\/wp-content\/uploads\/2020\/11\/wwii-poster-1942-are-doing-all-can-13643666.jpg 485w, https:\/\/www.catedracosgaya.com.ar\/tipoblog\/2020\/wp-content\/uploads\/2020\/11\/wwii-poster-1942-are-doing-all-can-13643666-243x300.jpg 243w\" sizes=\"auto, (max-width: 485px) 100vw, 485px\" \/><figcaption class=\"blocks-gallery-item__caption\">WWII: POSTER, 1942.\n&#8216;Are You Doing All You Can?&#8217; Uncle Sam pointing his finger through the stripes of the American Flag. Poster from World War II, 1942.<\/figcaption><\/figure><\/li><\/ul><\/figure>\n\n\n\n<p><strong>Fuentes&nbsp;<\/strong><\/p>\n\n\n\n<p><a href=\"https:\/\/es.letrag.com\/tipografia.php?id=118\">https:\/\/es.letrag.com\/tipografia.php?id=118<\/a><\/p>\n\n\n\n<p><a href=\"https:\/\/www.wdl.org\/es\/item\/19\/\">https:\/\/www.wdl.org\/es\/item\/19\/<\/a><\/p>\n\n\n\n<p><a href=\"https:\/\/www.instagram.com\/granom\/?hl=es\">https:\/\/www.instagram.com\/granom\/?hl=es<\/a><\/p>\n\n\n\n<p><a href=\"http:\/\/www.fontsplace.com\/carlisle-free-font-download.html\">http:\/\/www.fontsplace.com\/carlisle-free-font-download.html<\/a><\/p>\n<div class=\"remoji_bar\"><div class=\"remoji_add_container\" data-remoji-id=\"2911\" data-remoji-type=\"post\"><div class=\"remoji_add_icon\"><\/div><\/div><div class=\"remoji_error_bar\" data-remoji-id=\"2911\" data-remoji-type=\"post\" style=\"display: none;\">Error happened.<\/div><\/div>","protected":false},"excerpt":{"rendered":"<p>El estudio Mexicano de dise\u00f1o grafico\u201cGran Om\u201d fundado por Dante Aguilera y Omar Inzunza, ambos creativos decidieron poner&nbsp;al servicio de la gente su arte. La acci\u00f3n llevada a cabo en este caso se trata de uno de sus grandes proyectos llamado \u201cPropaganda y Conciencia\u201d donde se pretende a trav\u00e9s de la imagen llevar un mensaje [&hellip;]<\/p>\n","protected":false},"author":114,"featured_media":2981,"comment_status":"open","ping_status":"closed","sticky":false,"template":"","format":"standard","meta":{"_acf_changed":false,"footnotes":""},"categories":[1],"tags":[84,60,24,40,44,33,34,145],"class_list":["post-2911","post","type-post","status-publish","format-standard","has-post-thumbnail","hentry","category-sin-categoria","tag-accion-de-visibilizacion","tag-activismo-grafico","tag-afiche","tag-afiche-digital","tag-derechos-humanos","tag-diseno-grafico","tag-protesta","tag-salud"],"acf":[],"_links":{"self":[{"href":"https:\/\/www.catedracosgaya.com.ar\/tipoblog\/2020\/wp-json\/wp\/v2\/posts\/2911","targetHints":{"allow":["GET"]}}],"collection":[{"href":"https:\/\/www.catedracosgaya.com.ar\/tipoblog\/2020\/wp-json\/wp\/v2\/posts"}],"about":[{"href":"https:\/\/www.catedracosgaya.com.ar\/tipoblog\/2020\/wp-json\/wp\/v2\/types\/post"}],"author":[{"embeddable":true,"href":"https:\/\/www.catedracosgaya.com.ar\/tipoblog\/2020\/wp-json\/wp\/v2\/users\/114"}],"replies":[{"embeddable":true,"href":"https:\/\/www.catedracosgaya.com.ar\/tipoblog\/2020\/wp-json\/wp\/v2\/comments?post=2911"}],"version-history":[{"count":3,"href":"https:\/\/www.catedracosgaya.com.ar\/tipoblog\/2020\/wp-json\/wp\/v2\/posts\/2911\/revisions"}],"predecessor-version":[{"id":3113,"href":"https:\/\/www.catedracosgaya.com.ar\/tipoblog\/2020\/wp-json\/wp\/v2\/posts\/2911\/revisions\/3113"}],"wp:featuredmedia":[{"embeddable":true,"href":"https:\/\/www.catedracosgaya.com.ar\/tipoblog\/2020\/wp-json\/wp\/v2\/media\/2981"}],"wp:attachment":[{"href":"https:\/\/www.catedracosgaya.com.ar\/tipoblog\/2020\/wp-json\/wp\/v2\/media?parent=2911"}],"wp:term":[{"taxonomy":"category","embeddable":true,"href":"https:\/\/www.catedracosgaya.com.ar\/tipoblog\/2020\/wp-json\/wp\/v2\/categories?post=2911"},{"taxonomy":"post_tag","embeddable":true,"href":"https:\/\/www.catedracosgaya.com.ar\/tipoblog\/2020\/wp-json\/wp\/v2\/tags?post=2911"}],"curies":[{"name":"wp","href":"https:\/\/api.w.org\/{rel}","templated":true}]}}