{"id":2318,"date":"2020-11-06T18:20:58","date_gmt":"2020-11-06T21:20:58","guid":{"rendered":"http:\/\/www.catedracosgaya.com.ar\/tipoblog\/2020\/?p=2318"},"modified":"2020-11-17T20:35:49","modified_gmt":"2020-11-17T23:35:49","slug":"cortenle-la-cabeza","status":"publish","type":"post","link":"https:\/\/www.catedracosgaya.com.ar\/tipoblog\/2020\/cortenle-la-cabeza\/","title":{"rendered":"\u00a1C\u00f3rtenle la cabeza!"},"content":{"rendered":"\n<p>La mente del ser humano ha probado ser el arma de protesta m\u00e1s eficaz, una poderosa herramienta expresiva que permite hacer frente a las injusticias en la esfera social, pol\u00edtica y econ\u00f3mica. Un arma que si se sabe poner en pr\u00e1ctica puede llevar al cambio, pero que podr\u00eda tambi\u00e9n atraer una reacci\u00f3n violenta, al representar una gran amenaza para aquellos con malas intenciones que ocupan cargos de poder.<\/p>\n\n\n\n<p>En este caso nos encontramos frente a una pieza gr\u00e1fica cuya intenci\u00f3n es la cr\u00edtica y denuncia de la <strong>corrupci\u00f3n o abuso de poder<\/strong> por parte de las autoridades. Esto puede interpretarse de muchas maneras puesto que podr\u00eda referirse tanto a autoridades pol\u00edticas como autoridades policiales o de cualquier otro tipo. La puesta busca interpelar al destinatario, haci\u00e9ndolo reflexionar.<br>Si bien el lugar de origen de la pieza es la Espa\u00f1a contempor\u00e1nea, consideramos que el mensaje puede ser aplicado a numerosos pa\u00edses, ya que se trata de una tem\u00e1tica de mucho peso en todo el mundo, que era tan relevante en el pasado as\u00ed como contin\u00faa si\u00e9ndolo en la actualidad.<\/p>\n\n\n\n<blockquote class=\"wp-block-quote is-style-large is-layout-flow wp-block-quote-is-layout-flow\"><p>&#8220;Dentro del activismo cultural, el activismo gr\u00e1fico debe plantearse como lugar conflictivo destinado a generar debate p\u00fablico y confrontaci\u00f3n. Es necesario que nos proporcione a todos las herramientas mentales y f\u00edsicas que necesitamos para liberar nuestros cuerpos y nuestras mentes.&#8221; \u2014 Un Mundo Feliz<\/p><cite>https:\/\/tamtampress.es\/2018\/01\/22\/toh-guapo-una-exposicion-de-los-activistas-graficos-de-un-mundo-feliz-en-espacio_e\/<\/cite><\/blockquote>\n\n\n\n<p>Podemos leer en la pieza la frase <strong>\u201cPienso, luego estorbo\u201d<\/strong>, la cual hace referencia al planteamiento filos\u00f3fico \u201cPienso, luego existo\u201d de Ren\u00e9 Descartes (1596-1650), a partir del cual pretende explicar que la \u00fanica forma de encontrar la verdad es mediante la raz\u00f3n. A trav\u00e9s de este replanteamiento los autores nos llevan a reflexionar sobre la relaci\u00f3n entre el ciudadano com\u00fan y los sujetos en posici\u00f3n de poder, es decir, entre <strong>los dominados y los dominantes<\/strong>. Frente a una autoridad corrupta, un ciudadano capaz de pensar por s\u00ed mismo, de no dejarse enga\u00f1ar ni controlar por aquellos que se encuentran por encima de \u00e9l, capaz de reconocer las mentiras y las injusticias a las que es sometido, representa una amenaza, <strong>un obst\u00e1culo<\/strong>. \u201cPienso, soy consciente de sus acciones, por lo tanto no les sirvo, soy una molestia\u201d. Este juego en la frase remarca el hecho de los fines que podr\u00eda tener ese abuso de autoridad, de opacar el pensamiento como forma de llegar a la verdad.<br>Por debajo de la cita podemos observar una figura que parece resemblar a un polic\u00eda, una autoridad capaz de ejercer la fuerza bruta. Por lo tanto, si tomamos al afiche de una manera m\u00e1s literal, podr\u00edamos relacionarlo directamente con la <strong>violencia o brutalidad policial<\/strong>, un tema que ha tomado vital importancia en los \u00faltimos a\u00f1os. La polic\u00eda como brazo de acci\u00f3n de otros intereses, se excede generando m\u00e1s violencia y alej\u00e1ndose as\u00ed, cada vez m\u00e1s, de la raz\u00f3n.<\/p>\n\n\n\n<p>La tipograf\u00eda, en este caso, act\u00faa como elemento compositivo de dicha figura, haciendo que la relaci\u00f3n entre ambos conceptos quede inevitablemente impl\u00edcita. No es casualidad el lugar en el que se ubica la frase, reemplazando una parte de la figura (donde deber\u00eda estar la cabeza), reforzando el sentido que busca comunicar; lo que tambi\u00e9n hace la palabra &#8220;luego&#8221;, que aparece a\u00fan m\u00e1s peque\u00f1a destacando la relaci\u00f3n pienso=estorbo. Adem\u00e1s, representa totalmente el foco de atenci\u00f3n, despojando la pieza de cualquier otro contenido que pueda interferir. Las letras se presentan de manera manuscrita, cruda y sin cuidado, generando una sensaci\u00f3n de <strong>espontaneidad, fuerza, rebeli\u00f3n<\/strong>. Lo que se relaciona adem\u00e1s con la ilustraci\u00f3n que podr\u00eda ser generada casi con un stencil. Nos lleva a pensar en los carteles escritos a mano que lleva consigo la gente durante las manifestaciones en las calles, o mismo en las pintadas de protesta que vemos en la ciudades. El que est\u00e9 impreso en blanco y negro refuerza tambi\u00e9n esta idea de espontaneidad del afiche\/cartel callejero.<\/p>\n\n\n\n<p>Visibilicemos una sociedad que piensa, que busca la verdad mas all\u00e1 de los contratiempos, y que no teme ponerse de pie y hacerle frente a los que juegan sucio.<\/p>\n<div class=\"remoji_bar\"><div class=\"remoji_container\" data-remoji-id=\"2318\" data-remoji-type=\"post\" data-remoji-name=\"thumbsup\"><img decoding=\"async\" src=\"https:\/\/www.catedracosgaya.com.ar\/tipoblog\/2020\/wp-content\/plugins\/remoji\/data\/emoji\/1f44d.svg\"><span class=\"remoji_count\">1<\/span><\/div><div class=\"remoji_container\" data-remoji-id=\"2318\" data-remoji-type=\"post\" data-remoji-name=\"grinning\"><img decoding=\"async\" src=\"https:\/\/www.catedracosgaya.com.ar\/tipoblog\/2020\/wp-content\/plugins\/remoji\/data\/emoji\/1f600.svg\"><span class=\"remoji_count\">1<\/span><\/div><div class=\"remoji_add_container\" data-remoji-id=\"2318\" data-remoji-type=\"post\"><div class=\"remoji_add_icon\"><\/div><\/div><div class=\"remoji_error_bar\" data-remoji-id=\"2318\" data-remoji-type=\"post\" style=\"display: none;\">Error happened.<\/div><\/div>","protected":false},"excerpt":{"rendered":"<p>La mente del ser humano ha probado ser el arma de protesta m\u00e1s eficaz, una poderosa herramienta expresiva que permite hacer frente a las injusticias en la esfera social, pol\u00edtica y econ\u00f3mica. Un arma que si se sabe poner en pr\u00e1ctica puede llevar al cambio, pero que podr\u00eda tambi\u00e9n atraer una reacci\u00f3n violenta, al representar [&hellip;]<\/p>\n","protected":false},"author":100,"featured_media":2376,"comment_status":"open","ping_status":"closed","sticky":false,"template":"","format":"standard","meta":{"_acf_changed":false,"footnotes":""},"categories":[1],"tags":[24],"class_list":["post-2318","post","type-post","status-publish","format-standard","has-post-thumbnail","hentry","category-sin-categoria","tag-afiche"],"acf":[],"_links":{"self":[{"href":"https:\/\/www.catedracosgaya.com.ar\/tipoblog\/2020\/wp-json\/wp\/v2\/posts\/2318","targetHints":{"allow":["GET"]}}],"collection":[{"href":"https:\/\/www.catedracosgaya.com.ar\/tipoblog\/2020\/wp-json\/wp\/v2\/posts"}],"about":[{"href":"https:\/\/www.catedracosgaya.com.ar\/tipoblog\/2020\/wp-json\/wp\/v2\/types\/post"}],"author":[{"embeddable":true,"href":"https:\/\/www.catedracosgaya.com.ar\/tipoblog\/2020\/wp-json\/wp\/v2\/users\/100"}],"replies":[{"embeddable":true,"href":"https:\/\/www.catedracosgaya.com.ar\/tipoblog\/2020\/wp-json\/wp\/v2\/comments?post=2318"}],"version-history":[{"count":3,"href":"https:\/\/www.catedracosgaya.com.ar\/tipoblog\/2020\/wp-json\/wp\/v2\/posts\/2318\/revisions"}],"predecessor-version":[{"id":2950,"href":"https:\/\/www.catedracosgaya.com.ar\/tipoblog\/2020\/wp-json\/wp\/v2\/posts\/2318\/revisions\/2950"}],"wp:featuredmedia":[{"embeddable":true,"href":"https:\/\/www.catedracosgaya.com.ar\/tipoblog\/2020\/wp-json\/wp\/v2\/media\/2376"}],"wp:attachment":[{"href":"https:\/\/www.catedracosgaya.com.ar\/tipoblog\/2020\/wp-json\/wp\/v2\/media?parent=2318"}],"wp:term":[{"taxonomy":"category","embeddable":true,"href":"https:\/\/www.catedracosgaya.com.ar\/tipoblog\/2020\/wp-json\/wp\/v2\/categories?post=2318"},{"taxonomy":"post_tag","embeddable":true,"href":"https:\/\/www.catedracosgaya.com.ar\/tipoblog\/2020\/wp-json\/wp\/v2\/tags?post=2318"}],"curies":[{"name":"wp","href":"https:\/\/api.w.org\/{rel}","templated":true}]}}