{"id":2099,"date":"2020-11-06T17:51:36","date_gmt":"2020-11-06T20:51:36","guid":{"rendered":"http:\/\/www.catedracosgaya.com.ar\/tipoblog\/2020\/?p=2099"},"modified":"2020-11-20T00:43:37","modified_gmt":"2020-11-20T03:43:37","slug":"empieza-la-juventud-a-vibrar","status":"publish","type":"post","link":"https:\/\/www.catedracosgaya.com.ar\/tipoblog\/2020\/empieza-la-juventud-a-vibrar\/","title":{"rendered":"Empieza la Juventud a Vibrar"},"content":{"rendered":"\n<figure class=\"wp-block-video\"><video height=\"1350\" style=\"aspect-ratio: 1080 \/ 1350;\" width=\"1080\" controls src=\"https:\/\/www.catedracosgaya.com.ar\/tipoblog\/2020\/wp-content\/uploads\/2020\/11\/VictorJara_Colectivo1810_VIDEO-1.mp4\"><\/video><figcaption>Para ver la pieza original con su audio: https:\/\/www.instagram.com\/p\/CGYmHQdpHqM\/<\/figcaption><\/figure>\n\n\n\n<p>Esta pieza fue dise\u00f1ada y producida por un grupo de j\u00f3venes profesionales en distintas \u00e1reas del dise\u00f1o. Ellos conforman el <strong>\u201cColectivo 18\/10\u201d<\/strong>, un colectivo social que intenta informar, concientizar y protestar por la crisis social actual en Chile. Cada una de sus piezas pone foco en algunos de los matices de la lucha que est\u00e1 dando su pueblo, siempre proponiendo desde las tendencias gr\u00e1ficas, como lo son actualmente las composiciones tipogr\u00e1ficas. Para su comunicaci\u00f3n siempre hay una b\u00fasqueda de lenguaje para que sea m\u00e1s actual o moderna la manera de contarlo. Es as\u00ed como supieron destacarse en el mar visual del activismo gr\u00e1fico chileno que emerge luego de pintar las murallas de la ciudad de Santiago. El impacto que generaron fue tal que la gente quiso empezar a comprar sus dise\u00f1os, pero lejos de lucrar con la crisis, esta agrupaci\u00f3n liber\u00f3 sus piezas para que puedan ser reproducidas por quienes quieran, ya que sus dise\u00f1os siempre son por y para el pueblo chileno.<\/p>\n\n\n\n<figure class=\"wp-block-image size-large is-resized\"><img loading=\"lazy\" decoding=\"async\" src=\"https:\/\/www.catedracosgaya.com.ar\/tipoblog\/2020\/wp-content\/uploads\/2020\/11\/VictorJara_Colectivo1810-1024x271.jpg\" alt=\"\" class=\"wp-image-2619\" width=\"954\" height=\"252\" srcset=\"https:\/\/www.catedracosgaya.com.ar\/tipoblog\/2020\/wp-content\/uploads\/2020\/11\/VictorJara_Colectivo1810-1024x271.jpg 1024w, https:\/\/www.catedracosgaya.com.ar\/tipoblog\/2020\/wp-content\/uploads\/2020\/11\/VictorJara_Colectivo1810-300x79.jpg 300w, https:\/\/www.catedracosgaya.com.ar\/tipoblog\/2020\/wp-content\/uploads\/2020\/11\/VictorJara_Colectivo1810-768x203.jpg 768w, https:\/\/www.catedracosgaya.com.ar\/tipoblog\/2020\/wp-content\/uploads\/2020\/11\/VictorJara_Colectivo1810-1536x407.jpg 1536w, https:\/\/www.catedracosgaya.com.ar\/tipoblog\/2020\/wp-content\/uploads\/2020\/11\/VictorJara_Colectivo1810-2048x542.jpg 2048w, https:\/\/www.catedracosgaya.com.ar\/tipoblog\/2020\/wp-content\/uploads\/2020\/11\/VictorJara_Colectivo1810-1200x318.jpg 1200w, https:\/\/www.catedracosgaya.com.ar\/tipoblog\/2020\/wp-content\/uploads\/2020\/11\/VictorJara_Colectivo1810-1980x524.jpg 1980w\" sizes=\"auto, (max-width: 954px) 100vw, 954px\" \/><figcaption>Cuadro a cuadro de la pieza elegida.<\/figcaption><\/figure>\n\n\n\n<p>Las \u00faltimas piezas audiovisuales que se encuentran en la cuenta de Instagram del colectivo, incluyendo esta misma, conforman una serie de tres piezas digitales encabezadas por figuras ic\u00f3nicas como Pedro Lemebel, Violeta Parra y Victor Jara para hablar del plebiscito donde se vot\u00f3 para aprobar la redacci\u00f3n de una nueva constituci\u00f3n para Chile. La pieza elegida, al ser una pieza audiovisual, se apoya en la narraci\u00f3n del poeta Jara, acompa\u00f1ando su voz con un eco tipogr\u00e1fico; remontando, a una lucha y un ideal que persiste en el tiempo.<\/p>\n\n\n\n<blockquote class=\"wp-block-quote is-layout-flow wp-block-quote-is-layout-flow\"><p>\u201cEn Latinoam\u00e9rica empieza la juventud a vibrar m\u00e1s con el acontecimiento social de sus propios pa\u00edses. Y empieza a revelarse, empieza a unirse a trabajadores del campo, de la ciudad. Para manifestar esta rebeld\u00eda y hacerla conjuntamente con los trabajadores, una especie de protesta del sistema o protesta de lo que se puede decir concretamente de un sistema imperialista que maneja nuestras riquezas y que maneja nuestras vidas.\u201d<\/p><cite>&#8211; Legado de Victor Jara.<\/cite><\/blockquote>\n\n\n\n<p>Es necesario tener en cuenta que este poeta y cantautor fue un activista pol\u00edtico, perteneciente al Partido Comunista de Chile, que fue fuertemente torturado y fusilado por el gobierno de facto de 1973, en el Estadio Chile, que luego cambi\u00f3 su nombre a \u201cEstadio V\u00edctor Jara\u201d en su homenaje. \u00c9l fue un s\u00edmbolo muy importante para el pueblo de Chile, una imagen de protesta. Su m\u00fasica fue de las m\u00e1s emblem\u00e1ticas del movimiento m\u00fasico-social \u201cNueva Canci\u00f3n Chilena\u201d, donde se trataban varios contenidos sociales en cr\u00edtica a los gobiernos de facto de la \u00e9poca. Su muerte fue de una brutalidad inmensa, y es recordada con gran dolor, pero, al mismo tiempo, afianza el compromiso por la justicia y esperanza del pueblo chileno hasta hoy en d\u00eda.<\/p>\n\n\n\n<p>Es por esto que la obra busca retomar sus palabras y resignificarlas a la situaci\u00f3n actual, y as\u00ed tambi\u00e9n presentarlo a las nuevas generaciones. Esto lo consigue no s\u00f3lo tomando sus palabras, sino desde el punto gr\u00e1fico, manejando un partido conceptual moderno, que a trav\u00e9s de la narraci\u00f3n, la animaci\u00f3n, la tipograf\u00eda y el estilo visual intentan atraer a los j\u00f3venes como pares.\u00a0<\/p>\n\n\n\n<figure class=\"wp-block-image size-large is-resized\"><img loading=\"lazy\" decoding=\"async\" src=\"https:\/\/www.catedracosgaya.com.ar\/tipoblog\/2020\/wp-content\/uploads\/2020\/11\/Coleccion_Colectivo1810-1024x242.jpg\" alt=\"\" class=\"wp-image-2726\" width=\"905\" height=\"214\" srcset=\"https:\/\/www.catedracosgaya.com.ar\/tipoblog\/2020\/wp-content\/uploads\/2020\/11\/Coleccion_Colectivo1810-1024x242.jpg 1024w, https:\/\/www.catedracosgaya.com.ar\/tipoblog\/2020\/wp-content\/uploads\/2020\/11\/Coleccion_Colectivo1810-300x71.jpg 300w, https:\/\/www.catedracosgaya.com.ar\/tipoblog\/2020\/wp-content\/uploads\/2020\/11\/Coleccion_Colectivo1810-768x182.jpg 768w, https:\/\/www.catedracosgaya.com.ar\/tipoblog\/2020\/wp-content\/uploads\/2020\/11\/Coleccion_Colectivo1810-1536x363.jpg 1536w, https:\/\/www.catedracosgaya.com.ar\/tipoblog\/2020\/wp-content\/uploads\/2020\/11\/Coleccion_Colectivo1810-2048x484.jpg 2048w, https:\/\/www.catedracosgaya.com.ar\/tipoblog\/2020\/wp-content\/uploads\/2020\/11\/Coleccion_Colectivo1810-1200x284.jpg 1200w, https:\/\/www.catedracosgaya.com.ar\/tipoblog\/2020\/wp-content\/uploads\/2020\/11\/Coleccion_Colectivo1810-1980x468.jpg 1980w\" sizes=\"auto, (max-width: 905px) 100vw, 905px\" \/><figcaption>Otras piezas del Colectivo 10\/18<\/figcaption><\/figure>\n\n\n\n<p>Y aunque este colectivo social nace a partir de las protestas que surgieron luego del 18 de octubre de 2019 consecuencia de una alza en el precio del transporte p\u00fablico, momento en el cual Chile entr\u00f3 en una gran crisis social (continuada hasta hoy en d\u00eda); todo se remonta a la dictadura que promulg\u00f3 la actual Constituci\u00f3n Chilena junto con la violaci\u00f3n de los derechos humanos.&nbsp;<\/p>\n\n\n\n<p>Su postura ideol\u00f3gica es clara, est\u00e1n en desacuerdo con el modelo socioecon\u00f3mico neoliberal. Buscan la reforma constitucional, y por esto promueve el movimiento #Apruebo. La misma est\u00e1 acompa\u00f1ada de una mejora en la educaci\u00f3n, nuevas reformas en los sistemas de pensi\u00f3n y salud, adem\u00e1s de una serie de cambios sociales y econ\u00f3micos que no s\u00f3lo favorezcan a la clase alta sino que genere un equilibrio y tambi\u00e9n beneficie a la clase media-baja.<\/p>\n\n\n\n<p><\/p>\n\n\n\n<p class=\"has-small-font-size\"><strong>Fuentes:\u00a0<\/strong><\/p>\n\n\n\n<p class=\"has-small-font-size\"><a href=\"https:\/\/www.instagram.com\/dieciochodiez\/\">https:\/\/www.instagram.com\/dieciochodiez\/<\/a><\/p>\n\n\n\n<p class=\"has-small-font-size\"><a href=\"https:\/\/elpais.com\/cultura\/2009\/12\/05\/actualidad\/1259967604_850215.html\">https:\/\/elpais.com\/cultura\/2009\/12\/05\/actualidad\/1259967604_850215.html<\/a><\/p>\n\n\n\n<p>Entrevista a los integrantes del Colectivo 10\/18.<\/p>\n\n\n\n<p>Testimonios de conocidos chilenos.<\/p>\n<div class=\"remoji_bar\"><div class=\"remoji_add_container\" data-remoji-id=\"2099\" data-remoji-type=\"post\"><div class=\"remoji_add_icon\"><\/div><\/div><div class=\"remoji_error_bar\" data-remoji-id=\"2099\" data-remoji-type=\"post\" style=\"display: none;\">Error happened.<\/div><\/div>","protected":false},"excerpt":{"rendered":"<p>Esta pieza fue dise\u00f1ada y producida por un grupo de j\u00f3venes profesionales en distintas \u00e1reas del dise\u00f1o. Ellos conforman el \u201cColectivo 18\/10\u201d, un colectivo social que intenta informar, concientizar y protestar por la crisis social actual en Chile. Cada una de sus piezas pone foco en algunos de los matices de la lucha que est\u00e1 [&hellip;]<\/p>\n","protected":false},"author":85,"featured_media":0,"comment_status":"open","ping_status":"closed","sticky":false,"template":"","format":"standard","meta":{"_acf_changed":false,"footnotes":""},"categories":[1],"tags":[60,44,33,50,34,105],"class_list":["post-2099","post","type-post","status-publish","format-standard","hentry","category-sin-categoria","tag-activismo-grafico","tag-derechos-humanos","tag-diseno-grafico","tag-post-de-instagram","tag-protesta","tag-publicacion-digital"],"acf":[],"_links":{"self":[{"href":"https:\/\/www.catedracosgaya.com.ar\/tipoblog\/2020\/wp-json\/wp\/v2\/posts\/2099","targetHints":{"allow":["GET"]}}],"collection":[{"href":"https:\/\/www.catedracosgaya.com.ar\/tipoblog\/2020\/wp-json\/wp\/v2\/posts"}],"about":[{"href":"https:\/\/www.catedracosgaya.com.ar\/tipoblog\/2020\/wp-json\/wp\/v2\/types\/post"}],"author":[{"embeddable":true,"href":"https:\/\/www.catedracosgaya.com.ar\/tipoblog\/2020\/wp-json\/wp\/v2\/users\/85"}],"replies":[{"embeddable":true,"href":"https:\/\/www.catedracosgaya.com.ar\/tipoblog\/2020\/wp-json\/wp\/v2\/comments?post=2099"}],"version-history":[{"count":3,"href":"https:\/\/www.catedracosgaya.com.ar\/tipoblog\/2020\/wp-json\/wp\/v2\/posts\/2099\/revisions"}],"predecessor-version":[{"id":2798,"href":"https:\/\/www.catedracosgaya.com.ar\/tipoblog\/2020\/wp-json\/wp\/v2\/posts\/2099\/revisions\/2798"}],"wp:attachment":[{"href":"https:\/\/www.catedracosgaya.com.ar\/tipoblog\/2020\/wp-json\/wp\/v2\/media?parent=2099"}],"wp:term":[{"taxonomy":"category","embeddable":true,"href":"https:\/\/www.catedracosgaya.com.ar\/tipoblog\/2020\/wp-json\/wp\/v2\/categories?post=2099"},{"taxonomy":"post_tag","embeddable":true,"href":"https:\/\/www.catedracosgaya.com.ar\/tipoblog\/2020\/wp-json\/wp\/v2\/tags?post=2099"}],"curies":[{"name":"wp","href":"https:\/\/api.w.org\/{rel}","templated":true}]}}