{"id":2070,"date":"2020-11-06T17:02:48","date_gmt":"2020-11-06T20:02:48","guid":{"rendered":"http:\/\/www.catedracosgaya.com.ar\/tipoblog\/2020\/?p=2070"},"modified":"2020-11-16T19:19:38","modified_gmt":"2020-11-16T22:19:38","slug":"lo-personal-es-tipografico","status":"publish","type":"post","link":"https:\/\/www.catedracosgaya.com.ar\/tipoblog\/2020\/lo-personal-es-tipografico\/","title":{"rendered":"Lo personal es tipogr\u00e1fico"},"content":{"rendered":"\n<h3 class=\"wp-block-heading\">Como las tipograf\u00edas manuscritas reflejan sensibilidad y como el dise\u00f1o feminista se supo apropiar de esto -lo personal es pol\u00edtico y es tipogr\u00e1fico beb\u00e9-.<\/h3>\n\n\n\n<h3 class=\"wp-block-heading\"><\/h3>\n\n\n\n<h5 class=\"wp-block-heading\"><strong>\u00bfAlguna vez pensaste lo sensibles que son o pueden llegar a ser las letras? \u00bflo que transmiten? Observemos esta pieza:<\/strong><\/h5>\n\n\n\n<figure class=\"wp-block-image size-large is-resized\"><img loading=\"lazy\" decoding=\"async\" src=\"https:\/\/www.catedracosgaya.com.ar\/tipoblog\/2020\/wp-content\/uploads\/2020\/11\/55067653751609.5babfcfe62e45-2-724x1024.jpg\" alt=\"\" class=\"wp-image-2336\" width=\"940\" height=\"1328\" srcset=\"https:\/\/www.catedracosgaya.com.ar\/tipoblog\/2020\/wp-content\/uploads\/2020\/11\/55067653751609.5babfcfe62e45-2-724x1024.jpg 724w, https:\/\/www.catedracosgaya.com.ar\/tipoblog\/2020\/wp-content\/uploads\/2020\/11\/55067653751609.5babfcfe62e45-2-212x300.jpg 212w, https:\/\/www.catedracosgaya.com.ar\/tipoblog\/2020\/wp-content\/uploads\/2020\/11\/55067653751609.5babfcfe62e45-2-768x1086.jpg 768w, https:\/\/www.catedracosgaya.com.ar\/tipoblog\/2020\/wp-content\/uploads\/2020\/11\/55067653751609.5babfcfe62e45-2-1200x1697.jpg 1200w, https:\/\/www.catedracosgaya.com.ar\/tipoblog\/2020\/wp-content\/uploads\/2020\/11\/55067653751609.5babfcfe62e45-2.jpg 1400w\" sizes=\"auto, (max-width: 940px) 100vw, 940px\" \/><figcaption>Esta pieza es un afiche dise\u00f1ado por Briza Maldonado para una de las marchas de la campa\u00f1a nacional por el derecho al aborto legal, seguro y gratuito, tras la convocatoria del Linea Peluda<strong> <\/strong>en 2018 (Linea peluda es un proyecto colectivo de dibujantxs feministas quienes invitan a la participaci\u00f3n popular a trav\u00e9s de su Instagram).<\/figcaption><\/figure>\n\n\n\n<p>Podemos observar una pieza de estilo afiche, de impacto (pensado para funcionar en la calle). En una primera impresi\u00f3n podemos leer la frase <em>\u201cAborto legal ya!\u201d<\/em> al mismo tiempo que podemos contemplar la imagen: una ilustraci\u00f3n que muestra un \u00fatero con muchas manos encima tom\u00e1ndolo de manera violenta. Y en una segunda lectura podemos observar la frase <em>\u201csaquen sus rosarios de nuestros ovarios\u201d<\/em>. Es una imagen provocativa y astuta, que no necesita de una mirada c\u00f3mplice ya que propone una lectura clara y directa. Es un <strong>afiche de denuncia<\/strong>. Si bien la pieza habla de una situaci\u00f3n que nos involucra a todes, interpela en una primera instancia a las mujeres\/cuerpos gestantes y luego al resto. Se dirige a un publico joven\/adulto, y feminista (la pieza es clara y no hay que ser feminista para entender la denuncia que hace, aun as\u00ed vemos que el afiche busca el gui\u00f1o de un par).\u00a0<\/p>\n\n\n\n<p>En cuanto a la<strong> tipograf\u00eda<\/strong> en este caso cumple una parte <strong>protag\u00f3nica<\/strong>, ya que es el elemento por el cual uno entra al afiche. Esta misma no estructura la pieza sino que <strong>se adapta a la imagen<\/strong> con el fin de enfatizar las ideas de fuerza, espont\u00e1neo y sucio que propone la ilustraci\u00f3n. Para lograr esto la autora juega con el espacio de interletra e interlinea del t\u00edtulo: propone un interlineado muy peque\u00f1o y un espacio de interletra estrecho que s\u00f3lo remarcan esta idea de apretado, de lo molesto y lo no arm\u00f3nico, a tono con lo que sucede de fondo. El \u201ct\u00edtulo\u201d esta escrito de manera que <strong>remite a la pincelada<\/strong> de una intervenci\u00f3n del espacio publico en una marcha feminista. La tipograf\u00eda utilizada para la informaci\u00f3n secundaria tambi\u00e9n mantiene una impronta manual, no tanto del trazo del pincel pero si un trazo bruto y duro.<\/p>\n\n\n\n<p>La mayor\u00eda de las tipograf\u00edas <strong>manuscritas<\/strong> logran transmitir algo mucho m\u00e1s sensible, tiene una <strong>marca personal<\/strong> (tiene una huella del autor), que una tipograf\u00eda de molde no puede\/ se le dificulta lograrlo. Por esto las tipograf\u00edas manuscritas son mucho m\u00e1s utilizadas para el armado de piezas con un mayor aspecto sensitivo. Si observamos las publicaciones de <strong>L\u00ednea Peluda, <\/strong>podemos ver un claro patr\u00f3n: ilustraci\u00f3n, paleta crom\u00e1tica y en un <strong>80% de los casos el uso de una tipograf\u00eda manuscrita,<\/strong> o en su defecto una tipograf\u00eda de molde que imita el trazo manual (tambi\u00e9n podemos apreciar como es mucho m\u00e1s f\u00e1cil trabajar con tipograf\u00edas manuscritas e ilustraciones en conjunto, porque ambas comparten el mismo lenguaje expresivo).<\/p>\n\n\n\n<p>Los textos est\u00e1n compuestos por puras may\u00fasculas manuscritas a trav\u00e9s de una t\u00e9cnica digital, podr\u00edamos decir que las letras se asemejan levemente a las <em>Sans serif grotescas<\/em> ya que sus estructuras no est\u00e1n basadas en figuras geom\u00e9tricas. Y en especial la tipograf\u00eda del t\u00edtulo tiene una estructura estrecha y contraformas internas contrastadas.<\/p>\n\n\n\n<p>Esta es una pieza actual y se ve influenciada por las <strong>tendencias actuales<\/strong>: el uso de la ilustraci\u00f3n digital, el impacto que busca la imagen y el funcionamiento en redes sociales -en el caso de L\u00ednea Peluda-. Y no solo refleja lo actual, por la tem\u00e1tica tambi\u00e9n, sino que este afiche forma parte de un c\u00f3digo est\u00e9tico particular, pues todas las piezas que suben en @lineapeluda de cierta manera est\u00e1n en sistema: todas son blanco, negro, verde aborto, y con un mensaje pol\u00edtico marcado (cabe destacar que en los \u00faltimos a\u00f1os la ilustraci\u00f3n feminista comenz\u00f3 a tener mucho m\u00e1s alcance y popularidad).<\/p>\n\n\n\n<figure class=\"wp-block-image size-large\"><img loading=\"lazy\" decoding=\"async\" width=\"1024\" height=\"681\" src=\"https:\/\/www.catedracosgaya.com.ar\/tipoblog\/2020\/wp-content\/uploads\/2020\/11\/otros-ejemplos-1024x681.jpg\" alt=\"\" class=\"wp-image-2212\" srcset=\"https:\/\/www.catedracosgaya.com.ar\/tipoblog\/2020\/wp-content\/uploads\/2020\/11\/otros-ejemplos-1024x681.jpg 1024w, https:\/\/www.catedracosgaya.com.ar\/tipoblog\/2020\/wp-content\/uploads\/2020\/11\/otros-ejemplos-300x199.jpg 300w, https:\/\/www.catedracosgaya.com.ar\/tipoblog\/2020\/wp-content\/uploads\/2020\/11\/otros-ejemplos-768x511.jpg 768w, https:\/\/www.catedracosgaya.com.ar\/tipoblog\/2020\/wp-content\/uploads\/2020\/11\/otros-ejemplos.jpg 1155w\" sizes=\"auto, (max-width: 1024px) 100vw, 1024px\" \/><figcaption>Otros ejemplos de piezas publicadas por @lineapeluda que utilizan tipograf\u00edas manuscritas<\/figcaption><\/figure>\n\n\n\n<p>Por \u00faltimo nos gustar\u00eda recomendarles que vean el proyecto colectivo de <a href=\"https:\/\/instagram.com\/linea_peluda?igshid=jwfw0bsxuntt\" data-type=\"URL\" data-id=\"https:\/\/instagram.com\/linea_peluda?igshid=jwfw0bsxuntt\"><strong>Linea Peluda<\/strong>.<\/a> La militancia en redes no es f\u00e1cil y consideramos que lograron tomar simples pero muy acertadas decisiones estil\u00edsticas que hacen el proyecto sumamente accesible y totalmente anclado al tema que convoca.<\/p>\n\n\n\n<figure class=\"wp-block-image size-large is-resized\"><img loading=\"lazy\" decoding=\"async\" src=\"https:\/\/www.catedracosgaya.com.ar\/tipoblog\/2020\/wp-content\/uploads\/2020\/11\/0aacf053751609.593fff98dd81a-1-edited.png\" alt=\"\" class=\"wp-image-2236\" width=\"272\" height=\"265\" srcset=\"https:\/\/www.catedracosgaya.com.ar\/tipoblog\/2020\/wp-content\/uploads\/2020\/11\/0aacf053751609.593fff98dd81a-1-edited.png 933w, https:\/\/www.catedracosgaya.com.ar\/tipoblog\/2020\/wp-content\/uploads\/2020\/11\/0aacf053751609.593fff98dd81a-1-edited-768x752.png 768w\" sizes=\"auto, (max-width: 272px) 100vw, 272px\" \/><figcaption>Este es el afiche original del cual deriva la obra analizada previamente. Tambi\u00e9n de Briza Maldonado. \u00a1Podes ver el proyecto completo en el Behance en la bibliograf\u00eda!<\/figcaption><\/figure>\n\n\n\n<p>Bibliograf\u00eda:&nbsp;<\/p>\n\n\n\n<figure class=\"wp-block-embed-wordpress wp-block-embed is-type-wp-embed is-provider-oert\"><div class=\"wp-block-embed__wrapper\">\n<blockquote class=\"wp-embedded-content\" data-secret=\"4KsVUSuMsi\"><a href=\"https:\/\/www.oert.org\/proporciones-del-alfabeto-latino\/\">Proporciones del alfabeto latino<\/a><\/blockquote><iframe loading=\"lazy\" class=\"wp-embedded-content\" sandbox=\"allow-scripts\" security=\"restricted\" style=\"position: absolute; clip: rect(1px, 1px, 1px, 1px);\" title=\"\u00abProporciones del alfabeto latino\u00bb \u2014 OERT\" src=\"https:\/\/www.oert.org\/proporciones-del-alfabeto-latino\/embed\/#?secret=diyWN0wUtK#?secret=4KsVUSuMsi\" data-secret=\"4KsVUSuMsi\" width=\"580\" height=\"327\" frameborder=\"0\" marginwidth=\"0\" marginheight=\"0\" scrolling=\"no\"><\/iframe>\n<\/div><\/figure>\n\n\n\n<figure class=\"wp-block-embed-wordpress wp-block-embed is-type-wp-embed is-provider-oert\"><div class=\"wp-block-embed__wrapper\">\n<blockquote class=\"wp-embedded-content\" data-secret=\"gvIlI2tj9N\"><a href=\"https:\/\/www.oert.org\/el-clasificador\/\">El clasificador<\/a><\/blockquote><iframe loading=\"lazy\" class=\"wp-embedded-content\" sandbox=\"allow-scripts\" security=\"restricted\" style=\"position: absolute; clip: rect(1px, 1px, 1px, 1px);\" title=\"\u00abEl clasificador\u00bb \u2014 OERT\" src=\"https:\/\/www.oert.org\/el-clasificador\/embed\/#?secret=g3XxmPWB5a#?secret=gvIlI2tj9N\" data-secret=\"gvIlI2tj9N\" width=\"580\" height=\"327\" frameborder=\"0\" marginwidth=\"0\" marginheight=\"0\" scrolling=\"no\"><\/iframe>\n<\/div><\/figure>\n\n\n\n<p><a href=\"https:\/\/www.behance.net\/gallery\/53751609\/Organo-publico-Afiche-Retorica-Animacion\">https:\/\/www.behance.net\/gallery\/53751609\/Organo-publico-Afiche-Retorica-Animacion<\/a><\/p>\n\n\n\n<p><a href=\"https:\/\/instagram.com\/__brz?igshid=kd72femqndo2\">https:\/\/instagram.com\/__brz?igshid=kd72femqndo2<\/a><\/p>\n\n\n\n<p><a href=\"https:\/\/instagram.com\/linea_peluda?igshid=jwfw0bsxuntt\">https:\/\/instagram.com\/linea_peluda?igshid=jwfw0bsxuntt<\/a><\/p>\n\n\n\n<p><a href=\"https:\/\/www.instagram.com\/p\/BrX2JW4FcfF\/\">https:\/\/www.instagram.com\/p\/BrX2JW4FcfF\/<\/a><\/p>\n<div class=\"remoji_bar\"><div class=\"remoji_container\" data-remoji-id=\"2070\" data-remoji-type=\"post\" data-remoji-name=\"star\"><img decoding=\"async\" src=\"https:\/\/www.catedracosgaya.com.ar\/tipoblog\/2020\/wp-content\/plugins\/remoji\/data\/emoji\/1f929.svg\"><span class=\"remoji_count\">1<\/span><\/div><div class=\"remoji_container\" data-remoji-id=\"2070\" data-remoji-type=\"post\" data-remoji-name=\"heart_eyes\"><img decoding=\"async\" src=\"https:\/\/www.catedracosgaya.com.ar\/tipoblog\/2020\/wp-content\/plugins\/remoji\/data\/emoji\/1f60d.svg\"><span class=\"remoji_count\">5<\/span><\/div><div class=\"remoji_container\" data-remoji-id=\"2070\" data-remoji-type=\"post\" data-remoji-name=\"blush\"><img decoding=\"async\" src=\"https:\/\/www.catedracosgaya.com.ar\/tipoblog\/2020\/wp-content\/plugins\/remoji\/data\/emoji\/1f60a.svg\"><span class=\"remoji_count\">1<\/span><\/div><div class=\"remoji_container\" data-remoji-id=\"2070\" data-remoji-type=\"post\" data-remoji-name=\"exploding_head\"><img decoding=\"async\" src=\"https:\/\/www.catedracosgaya.com.ar\/tipoblog\/2020\/wp-content\/plugins\/remoji\/data\/emoji\/1f92f.svg\"><span class=\"remoji_count\">1<\/span><\/div><div class=\"remoji_add_container\" data-remoji-id=\"2070\" data-remoji-type=\"post\"><div class=\"remoji_add_icon\"><\/div><\/div><div class=\"remoji_error_bar\" data-remoji-id=\"2070\" data-remoji-type=\"post\" style=\"display: none;\">Error happened.<\/div><\/div>","protected":false},"excerpt":{"rendered":"<p>Como las tipograf\u00edas manuscritas reflejan sensibilidad y como el dise\u00f1o feminista se supo apropiar de esto -lo personal es pol\u00edtico y es tipogr\u00e1fico beb\u00e9-. \u00bfAlguna vez pensaste lo sensibles que son o pueden llegar a ser las letras? \u00bflo que transmiten? Observemos esta pieza: Podemos observar una pieza de estilo afiche, de impacto (pensado para [&hellip;]<\/p>\n","protected":false},"author":94,"featured_media":0,"comment_status":"open","ping_status":"closed","sticky":false,"template":"","format":"standard","meta":{"_acf_changed":false,"footnotes":""},"categories":[1],"tags":[24,50],"class_list":["post-2070","post","type-post","status-publish","format-standard","hentry","category-sin-categoria","tag-afiche","tag-post-de-instagram"],"acf":[],"_links":{"self":[{"href":"https:\/\/www.catedracosgaya.com.ar\/tipoblog\/2020\/wp-json\/wp\/v2\/posts\/2070","targetHints":{"allow":["GET"]}}],"collection":[{"href":"https:\/\/www.catedracosgaya.com.ar\/tipoblog\/2020\/wp-json\/wp\/v2\/posts"}],"about":[{"href":"https:\/\/www.catedracosgaya.com.ar\/tipoblog\/2020\/wp-json\/wp\/v2\/types\/post"}],"author":[{"embeddable":true,"href":"https:\/\/www.catedracosgaya.com.ar\/tipoblog\/2020\/wp-json\/wp\/v2\/users\/94"}],"replies":[{"embeddable":true,"href":"https:\/\/www.catedracosgaya.com.ar\/tipoblog\/2020\/wp-json\/wp\/v2\/comments?post=2070"}],"version-history":[{"count":3,"href":"https:\/\/www.catedracosgaya.com.ar\/tipoblog\/2020\/wp-json\/wp\/v2\/posts\/2070\/revisions"}],"predecessor-version":[{"id":2495,"href":"https:\/\/www.catedracosgaya.com.ar\/tipoblog\/2020\/wp-json\/wp\/v2\/posts\/2070\/revisions\/2495"}],"wp:attachment":[{"href":"https:\/\/www.catedracosgaya.com.ar\/tipoblog\/2020\/wp-json\/wp\/v2\/media?parent=2070"}],"wp:term":[{"taxonomy":"category","embeddable":true,"href":"https:\/\/www.catedracosgaya.com.ar\/tipoblog\/2020\/wp-json\/wp\/v2\/categories?post=2070"},{"taxonomy":"post_tag","embeddable":true,"href":"https:\/\/www.catedracosgaya.com.ar\/tipoblog\/2020\/wp-json\/wp\/v2\/tags?post=2070"}],"curies":[{"name":"wp","href":"https:\/\/api.w.org\/{rel}","templated":true}]}}