{"id":2059,"date":"2020-11-06T16:36:10","date_gmt":"2020-11-06T19:36:10","guid":{"rendered":"http:\/\/www.catedracosgaya.com.ar\/tipoblog\/2020\/?p=2059"},"modified":"2020-11-17T20:42:58","modified_gmt":"2020-11-17T23:42:58","slug":"no-me-gusta-cuando-callas","status":"publish","type":"post","link":"https:\/\/www.catedracosgaya.com.ar\/tipoblog\/2020\/no-me-gusta-cuando-callas\/","title":{"rendered":"No me gusta cuando callas"},"content":{"rendered":"\n<p><\/p>\n\n\n\n<p class=\"has-small-font-size\">Una pieza que parafrasea el cl\u00e1sico poema de Pablo Neruda, dentro del marco opresivo de violencia de g\u00e9nero que se viv\u00eda d\u00eda a d\u00eda en la ciudad de Santiago, Chile. Este afiche producido en el 2014, con el objetivo de empapelar las calles convocando a una marcha masiva a la llegada del<em> 8 de marzo<\/em>, se convirti\u00f3 r\u00e1pidamente en una de las piezas m\u00e1s estampadas, m\u00e1s solicitada y con m\u00e1s viajes y reproducciones. Lleg\u00f3 a participar en la exposici\u00f3n Women in Work: mujer, arte y trabajo en la globalizaci\u00f3n, donde m\u00e1s de 40 artistas y colectivos de distintas partes del mundo reflexionan sobre la relaci\u00f3n entre mujeres y trabajo en los avatares de un mundo globalizado. <\/p>\n\n\n\n<p><\/p>\n\n\n\n<figure class=\"wp-block-image size-large is-resized\"><img loading=\"lazy\" decoding=\"async\" src=\"http:\/\/www.catedracosgaya.com.ar\/tipoblog\/2020\/wp-content\/uploads\/2020\/11\/afiche.jpg\" alt=\"\" class=\"wp-image-2071\" width=\"529\" height=\"670\" srcset=\"https:\/\/www.catedracosgaya.com.ar\/tipoblog\/2020\/wp-content\/uploads\/2020\/11\/afiche.jpg 720w, https:\/\/www.catedracosgaya.com.ar\/tipoblog\/2020\/wp-content\/uploads\/2020\/11\/afiche-237x300.jpg 237w\" sizes=\"auto, (max-width: 529px) 100vw, 529px\" \/><figcaption><em><sub><br><span class=\"has-inline-color has-secondary-color\">Colectivo &#8220;Serigraf\u00eda instant\u00e1nea&#8221;, dise\u00f1o por Mar\u00eda (ilustraci\u00f3n) y Lucho Reyes (tipograf\u00eda).<\/span><\/sub><\/em><\/figcaption><\/figure>\n\n\n\n<p class=\"has-small-font-size\">\u201cMujer, no me gusta cuando callas\u201d, una fuerte frase que promueve e incita al levantamiento de voces de todas las mujeres, enfrent\u00e1ndose a la violencia de g\u00e9nero reproducida durante siglos. Si bien el mensaje se dirige exclusivamente hacia la mujer, no restringe g\u00e9neros, es un llamado a la sociedad en su totalidad para generar consciencia. Es un mensaje de lucha y empoderamiento, que apoya la denuncia, la expresi\u00f3n y sobre todo la postura y existencia de la mujer. <strong>Abandonar el silencio<\/strong> y hacerse presente, porque ya est\u00e1 presente. Repudiando el silenciamiento y la opresi\u00f3n de g\u00e9nero.<\/p>\n\n\n\n<p class=\"has-small-font-size\">La autor\u00eda de la pieza pertenece a un colectivo de propaganda que utiliza la serigraf\u00eda como principal arma de lucha, realizando intervenciones p\u00fablicas y talleres. Hasta la fecha, han realizado m\u00e1s de 400 intervenciones, a lo largo de todo Chile y el extranjero. Conciertos, marchas, conmemoraciones, actos culturales, pol\u00edticos y art\u00edsticos, son parte del amplio espectro de acci\u00f3n.<\/p>\n\n\n\n<p class=\"has-small-font-size\">Este colectivo, ya desde el 2012 (cuando entran los dise\u00f1adores de esta pieza) se dedicaba a estampar mensajes sociales en la calle dentro de los lugares m\u00e1s diversos de Santiago y otras zonas de Chile. &nbsp;De este modo, la impresi\u00f3n de este afiche maneja un sistema de <strong>serigraf\u00eda a una tinta<\/strong>, algo sencillo &nbsp;y expresivo que propone el mensaje de forma pregnante.<\/p>\n\n\n\n<p class=\"has-small-font-size\">En este caso el dise\u00f1o fue creado para la movilizaci\u00f3n ya preestablecida que ocurrir\u00eda el 8 de marzo, reclamando una conmemoraci\u00f3n del d\u00eda lejos de la \u201ccapitalista\u201d e implementada por la sociedad sobre \u201cel d\u00eda de la mujer\u201d, cuyo festejo dista mucho de los acontecimientos ocurridos en aquel hecho hist\u00f3rico, ubicando a la mujer dentro de un rol bastante retr\u00f3grado. Aqu\u00ed se promueve romper ese molde con un mensaje <strong>feminista, convocando a la lucha y el reconocimiento del lugar que ocupa la mujer en la sociedad.<\/strong><\/p>\n\n\n\n<p><\/p>\n\n\n\n<h5 class=\"wp-block-heading\"><strong>Sobre la tipograf\u00eda y elecciones de la pieza<\/strong>.<\/h5>\n\n\n\n<p class=\"has-small-font-size\">En este caso, la puesta se constituye por un texto que se amolda y convive con la ilustraci\u00f3n central para conformar un bloque en com\u00fan.&nbsp; El afiche cuenta con dos tipos de textos, uno con m\u00e1s protagonismo en lettering &nbsp;que intenta imitar al otro, uno tipogr\u00e1fico en el que se utiliza la fuente \u201c<strong>Suez Extra Bold<\/strong>\u201d, ocupando un lugar m\u00e1s secundario.<\/p>\n\n\n\n<p class=\"has-small-font-size\">Si bien la Suez en su dise\u00f1o original tiene un trabajo de ascendentes y descendentes largas, que es su caracter\u00edstica principal, usando solo las may\u00fasculas puede adquirir un nuevo uso, sin ese toque \u201cartdeco\u201d que describen. Al ser una tipograf\u00eda egipcia, denota una cierta dureza y pregnancia, cualidades muy utilizadas en entornos activistas, donde el lugar principal es la calle (o al menos en este caso lo es) y se busca llamar la atenci\u00f3n r\u00e1pida de la gente. Por su parte, el texto expresado en lettering se complejiza desde el centro hacia afuera, destacando m\u00e1s ornamentos en los signos alejados y serifs m\u00e1s exagerados.<\/p>\n\n\n\n<p class=\"has-small-font-size\">Tuvimos la oportunidad de hablar con los creadores de la pieza m\u00e1s all\u00e1 de nuestro propio an\u00e1lisis y conclusiones, para reafirmar las elecciones tomadas.<\/p>\n\n\n\n<blockquote class=\"wp-block-quote is-layout-flow wp-block-quote-is-layout-flow\"><p>\u201cNosotros estamp\u00e1bamos mensajes sociales en la calle (a\u00fan se hace) en los lugares m\u00e1s diversos de Santiago y parte de Chile. En general se usaba mucho el dibujo a mano y us\u00e1bamos la compu ya para trabajar en el original serigr\u00e1fico, retocar o mover piezas, pero siempre prim\u00f3 el boceto y el dibujo manual\u201d.<\/p><cite>Mar\u00eda, dise\u00f1adora de la ilustraci\u00f3n.<\/cite><\/blockquote>\n\n\n\n<p class=\"has-small-font-size\">Algo que sol\u00eda hacer el colectivo era <strong>rescatar gr\u00e1ficas populares<\/strong> para que los mensajes fueran identificativos para la gente, esto quiere decir, apropiarse de los recursos y elementos gr\u00e1ficos que eran utilizados en el \u00e1mbito social y urbano. Los afiches de la \u00e9poca presentaban un car\u00e1cter barrial muy marcado. Se trabajaba haciendo uso de herramientas artesanales muy propias del dibujo y el lettering, que era muy popular en el cartelismo chileno. A mediados de la d\u00e9cada pod\u00eda evidenciarse el uso de la manualidad pl\u00e1stica para desarrollar las letras.<\/p>\n\n\n\n<div class=\"wp-block-image\"><figure class=\"aligncenter size-large is-resized\"><img loading=\"lazy\" decoding=\"async\" src=\"https:\/\/www.catedracosgaya.com.ar\/tipoblog\/2020\/wp-content\/uploads\/2020\/11\/artista_chileno_afichista_acyivista.jpg\" alt=\"\" class=\"wp-image-2145\" width=\"280\" height=\"468\" srcset=\"https:\/\/www.catedracosgaya.com.ar\/tipoblog\/2020\/wp-content\/uploads\/2020\/11\/artista_chileno_afichista_acyivista.jpg 539w, https:\/\/www.catedracosgaya.com.ar\/tipoblog\/2020\/wp-content\/uploads\/2020\/11\/artista_chileno_afichista_acyivista-180x300.jpg 180w\" sizes=\"auto, (max-width: 280px) 100vw, 280px\" \/><figcaption>Eduardo Leblanc, dise\u00f1ador chileno<\/figcaption><\/figure><\/div>\n\n\n\n<p class=\"has-small-font-size\">En esta pieza particularmente, se reconoce la inspiraci\u00f3n directa del fileteado propio de las zonas populares de Argentina, donde las letras se ornamentaban de sobremanera para reforzar frases ingeniosas y refranes po\u00e9ticos. Esta influencia surgi\u00f3 de un viaje realizado por los artistas a nuestra naci\u00f3n, a partir del cual decidieron rescatar esta gr\u00e1fica popular.<\/p>\n\n\n\n<p class=\"has-small-font-size\">Por otro lado, la decisi\u00f3n de arquear la tipograf\u00eda de ese modo permit\u00eda dar un aspecto de movimiento, una influencia muy estilizada usada en el dise\u00f1o propio de puestas referidas al sector musical. El artista que dise\u00f1o las letras reconoce <em>\u201cbacilar sobre el estilo psicod\u00e9lico\u201d<\/em> usado en los afiches de hendrix o the doors.<\/p>\n\n\n\n<div class=\"wp-block-image\"><figure class=\"aligncenter size-large is-resized\"><img loading=\"lazy\" decoding=\"async\" src=\"https:\/\/www.catedracosgaya.com.ar\/tipoblog\/2020\/wp-content\/uploads\/2020\/11\/lolla.jpg\" alt=\"\" class=\"wp-image-2161\" width=\"303\" height=\"447\" srcset=\"https:\/\/www.catedracosgaya.com.ar\/tipoblog\/2020\/wp-content\/uploads\/2020\/11\/lolla.jpg 434w, https:\/\/www.catedracosgaya.com.ar\/tipoblog\/2020\/wp-content\/uploads\/2020\/11\/lolla-203x300.jpg 203w\" sizes=\"auto, (max-width: 303px) 100vw, 303px\" \/><figcaption>Afiche ganador del Lollapalooza, 2014<\/figcaption><\/figure><\/div>\n\n\n\n<p class=\"has-small-font-size\">La imagen es una apolog\u00eda al habla, al ruido, a comunicarse con fuerza de forma literal. Exagera la tipograf\u00eda dando a entender una fuerte compaginaci\u00f3n entre el sonido y aquello que se pronuncia. Con agresividad, no dando lugar a interpretaciones err\u00f3neas, el mensaje se dispara desde la boca de aquella persona que comunica, con peso propio.<\/p>\n\n\n\n<p class=\"has-small-font-size\">Cabe destacar que todas estas decisiones fueron trabajadas luego de elegir la frase. Volviendo a la importancia que le daba el colectivo al contexto social y apelar a lo conocido, propio de su cultura. La elecci\u00f3n no fue al azar, una intervenci\u00f3n al famoso poema de Pablo Neruda, tambi\u00e9n chileno,&nbsp; quien supo reconocer una violaci\u00f3n y otros actos mis\u00f3ginos, para ser usada antag\u00f3nicamente. Y as\u00ed unir el dise\u00f1o con su concepto, representado por varias mujeres abriendo una boca desprendiendo un mensaje que la rodea, el de <strong>no callarse m\u00e1s<\/strong>.<\/p>\n<div class=\"remoji_bar\"><div class=\"remoji_add_container\" data-remoji-id=\"2059\" data-remoji-type=\"post\"><div class=\"remoji_add_icon\"><\/div><\/div><div class=\"remoji_error_bar\" data-remoji-id=\"2059\" data-remoji-type=\"post\" style=\"display: none;\">Error happened.<\/div><\/div>","protected":false},"excerpt":{"rendered":"<p>Una pieza que parafrasea el cl\u00e1sico poema de Pablo Neruda, dentro del marco opresivo de violencia de g\u00e9nero que se viv\u00eda d\u00eda a d\u00eda en la ciudad de Santiago, Chile. Este afiche producido en el 2014, con el objetivo de empapelar las calles convocando a una marcha masiva a la llegada del 8 de marzo, [&hellip;]<\/p>\n","protected":false},"author":92,"featured_media":2071,"comment_status":"open","ping_status":"closed","sticky":false,"template":"","format":"standard","meta":{"_acf_changed":false,"footnotes":""},"categories":[1],"tags":[24,25],"class_list":["post-2059","post","type-post","status-publish","format-standard","has-post-thumbnail","hentry","category-sin-categoria","tag-afiche","tag-cartel"],"acf":[],"_links":{"self":[{"href":"https:\/\/www.catedracosgaya.com.ar\/tipoblog\/2020\/wp-json\/wp\/v2\/posts\/2059","targetHints":{"allow":["GET"]}}],"collection":[{"href":"https:\/\/www.catedracosgaya.com.ar\/tipoblog\/2020\/wp-json\/wp\/v2\/posts"}],"about":[{"href":"https:\/\/www.catedracosgaya.com.ar\/tipoblog\/2020\/wp-json\/wp\/v2\/types\/post"}],"author":[{"embeddable":true,"href":"https:\/\/www.catedracosgaya.com.ar\/tipoblog\/2020\/wp-json\/wp\/v2\/users\/92"}],"replies":[{"embeddable":true,"href":"https:\/\/www.catedracosgaya.com.ar\/tipoblog\/2020\/wp-json\/wp\/v2\/comments?post=2059"}],"version-history":[{"count":3,"href":"https:\/\/www.catedracosgaya.com.ar\/tipoblog\/2020\/wp-json\/wp\/v2\/posts\/2059\/revisions"}],"predecessor-version":[{"id":3179,"href":"https:\/\/www.catedracosgaya.com.ar\/tipoblog\/2020\/wp-json\/wp\/v2\/posts\/2059\/revisions\/3179"}],"wp:featuredmedia":[{"embeddable":true,"href":"https:\/\/www.catedracosgaya.com.ar\/tipoblog\/2020\/wp-json\/wp\/v2\/media\/2071"}],"wp:attachment":[{"href":"https:\/\/www.catedracosgaya.com.ar\/tipoblog\/2020\/wp-json\/wp\/v2\/media?parent=2059"}],"wp:term":[{"taxonomy":"category","embeddable":true,"href":"https:\/\/www.catedracosgaya.com.ar\/tipoblog\/2020\/wp-json\/wp\/v2\/categories?post=2059"},{"taxonomy":"post_tag","embeddable":true,"href":"https:\/\/www.catedracosgaya.com.ar\/tipoblog\/2020\/wp-json\/wp\/v2\/tags?post=2059"}],"curies":[{"name":"wp","href":"https:\/\/api.w.org\/{rel}","templated":true}]}}