{"id":2036,"date":"2020-11-06T18:13:39","date_gmt":"2020-11-06T21:13:39","guid":{"rendered":"http:\/\/www.catedracosgaya.com.ar\/tipoblog\/2020\/?p=2036"},"modified":"2020-11-20T00:38:38","modified_gmt":"2020-11-20T03:38:38","slug":"la-tipografia-en-boca-de-todos-los-animales-no","status":"publish","type":"post","link":"https:\/\/www.catedracosgaya.com.ar\/tipoblog\/2020\/la-tipografia-en-boca-de-todos-los-animales-no\/","title":{"rendered":"La tipograf\u00eda en                    boca de todos:                   \u00a1LOS ANIMALES NO!"},"content":{"rendered":"\n<p><\/p>\n\n\n\n<p class=\"has-text-align-center has-text-color\" style=\"color:#b35d88\"><strong><em>\u201cEmpezar a deconstruir lo que nos ense\u00f1aron para construir algo mejor para todas las especies que habitamos este planeta\u201d<\/em><\/strong>  <\/p>\n\n\n\n<figure class=\"wp-block-gallery columns-1 is-cropped wp-block-gallery-1 is-layout-flex wp-block-gallery-is-layout-flex\"><ul class=\"blocks-gallery-grid\"><li class=\"blocks-gallery-item\"><figure><img loading=\"lazy\" decoding=\"async\" width=\"686\" height=\"1024\" src=\"https:\/\/www.catedracosgaya.com.ar\/tipoblog\/2020\/wp-content\/uploads\/2020\/11\/Afiche-elegido-2-686x1024.jpg\" alt=\"\" data-id=\"2501\" data-full-url=\"https:\/\/www.catedracosgaya.com.ar\/tipoblog\/2020\/wp-content\/uploads\/2020\/11\/Afiche-elegido-2.jpg\" data-link=\"https:\/\/www.catedracosgaya.com.ar\/tipoblog\/2020\/?attachment_id=2501\" class=\"wp-image-2501\" srcset=\"https:\/\/www.catedracosgaya.com.ar\/tipoblog\/2020\/wp-content\/uploads\/2020\/11\/Afiche-elegido-2-686x1024.jpg 686w, https:\/\/www.catedracosgaya.com.ar\/tipoblog\/2020\/wp-content\/uploads\/2020\/11\/Afiche-elegido-2-201x300.jpg 201w, https:\/\/www.catedracosgaya.com.ar\/tipoblog\/2020\/wp-content\/uploads\/2020\/11\/Afiche-elegido-2-768x1146.jpg 768w, https:\/\/www.catedracosgaya.com.ar\/tipoblog\/2020\/wp-content\/uploads\/2020\/11\/Afiche-elegido-2.jpg 924w\" sizes=\"auto, (max-width: 686px) 100vw, 686px\" \/><\/figure><\/li><\/ul><\/figure>\n\n\n\n<p><strong><em>Imagen<\/em><\/strong> <strong>1<em>\u00b0 <\/em><\/strong>: <\/p>\n\n\n\n<p>                    Autores: <strong>Malena Blanco y Federico Callegari<\/strong><\/p>\n\n\n\n<p>                    Obtenida de:<strong> <a href=\"https:\/\/www.voicot.com\/product-page\/afich\">https:\/\/www.voicot.com\/<\/a><\/strong><\/p>\n\n\n\n<p>Voicot es un movimiento art\u00edstico por la liberaci\u00f3n animal, que usan su creatividad, ingenio y recursos acad\u00e9micos para comunicar un mensaje. Se caracterizan por hacer uso del hiperrealismo, de esta forma logran causar incomodidad, pol\u00e9mica, que se nos revuelvan las v\u00edsceras al mirar una realidad que normalmente parece estar oculta a los ojos de todos. Su lucha es muy amplia, y est\u00e1 atravesada por dos ejes principales, el veganismo y la reivindicaci\u00f3n de los derechos de los animales como seres vivos, pasando por su impacto ambiental y el desarrollo de econom\u00edas sostenibles en lugar del consumo masivo que nos caracteriza.<\/p>\n\n\n\n<figure class=\"wp-block-pullquote is-style-default\" style=\"border-color:#e22658\"><blockquote><p><em>\u201cChaco es una de las provincias que m\u00e1s grano produce y que m\u00e1s hambre tiene\u201d<\/em><\/p><cite>Malena Blanco en nota a Infobae<\/cite><\/blockquote><\/figure>\n\n\n\n<p>Todo comienza como una iniciativa que brota de la profesi\u00f3n de sus creadores, ellos sent\u00edan la necesidad de<strong><em> comunicar un mensaje<\/em><\/strong> como publicistas que llegara a\u00fan m\u00e1s lejos, poco a poco fueron   incursionando en la necesidad de expresar mediante la gr\u00e1fica,               y el uso de medios econ\u00f3micos, para que as\u00ed el movimiento          creciera y se expandiera por s\u00ed solo en todos los lugares que              calara el mensaje. Dejaron sus productos y<strong><em> afiches<\/em><\/strong> colgados                 en la web para que cualquiera pueda comprarlos, descargarlos e imprimirlos para ser usados a lo largo y ancho de la ciudad,                  en las calles y en <strong><em>manifestaciones p\u00fablicas<\/em><\/strong>, y as\u00ed fue como eventualmente las personas hicieron de este movimiento                      algo personal llev\u00e1ndolo al siguiente nivel. Como dice su                     co-creadora \u201cya anda sola\u201d. Y parte de la recaudaci\u00f3n es donada             a otras organizaciones sin fines de lucro.<\/p>\n\n\n\n<p>La pieza elegida para el an\u00e1lisis es una combinaci\u00f3n de estilos modernos y art deco. Su apariencia de elegancia, clase y                          glamour se muestra como las tendencias visuales de la d\u00e9cada               de 1920, mezcladas con sans serif<strong> <em>geom\u00e9tricas<\/em><\/strong> en un enfoque                de <strong><em>funcionalidad<\/em><\/strong> y estilos completos (<strong><em>Imagen<\/em><\/strong> <strong>3<em>\u00b0<\/em><\/strong>) de familias de    fuentes  para <strong><em>evitar la monoton\u00eda<\/em><\/strong>. Se evidencia el uso de Sans          Serif  con trazos finos y gruesos, que demuestran un rol marcado                    en cuanto a la estructura de la pieza.<\/p>\n\n\n\n<p class=\"has-text-align-center\">                            <\/p>\n\n\n\n<div class=\"wp-block-image\"><figure class=\"aligncenter size-large is-resized\"><img loading=\"lazy\" decoding=\"async\" src=\"https:\/\/www.catedracosgaya.com.ar\/tipoblog\/2020\/wp-content\/uploads\/2020\/11\/Afiche-elegido3-1.jpg\" alt=\"\" class=\"wp-image-2881\" width=\"386\" height=\"99\" srcset=\"https:\/\/www.catedracosgaya.com.ar\/tipoblog\/2020\/wp-content\/uploads\/2020\/11\/Afiche-elegido3-1.jpg 924w, https:\/\/www.catedracosgaya.com.ar\/tipoblog\/2020\/wp-content\/uploads\/2020\/11\/Afiche-elegido3-1-300x78.jpg 300w, https:\/\/www.catedracosgaya.com.ar\/tipoblog\/2020\/wp-content\/uploads\/2020\/11\/Afiche-elegido3-1-768x199.jpg 768w\" sizes=\"auto, (max-width: 386px) 100vw, 386px\" \/><\/figure><\/div>\n\n\n\n<p><strong><em>Imagen<\/em><\/strong> <strong>2<em>\u00b0 <\/em><\/strong>: <\/p>\n\n\n\n<p>                    Autores: <strong>Malena Blanco y Federico Callegari<\/strong><\/p>\n\n\n\n<p>                    Obtenida de:<strong> <a href=\"https:\/\/www.voicot.com\/product-page\/afich\">https:\/\/www.voicot.com\/<\/a><\/strong><\/p>\n\n\n\n<div class=\"wp-block-image\"><figure class=\"aligncenter size-large is-resized\"><img loading=\"lazy\" decoding=\"async\" src=\"https:\/\/www.catedracosgaya.com.ar\/tipoblog\/2020\/wp-content\/uploads\/2020\/11\/Afiche-elegido1-1.jpg\" alt=\"\" class=\"wp-image-2675\" width=\"343\" height=\"131\" srcset=\"https:\/\/www.catedracosgaya.com.ar\/tipoblog\/2020\/wp-content\/uploads\/2020\/11\/Afiche-elegido1-1.jpg 924w, https:\/\/www.catedracosgaya.com.ar\/tipoblog\/2020\/wp-content\/uploads\/2020\/11\/Afiche-elegido1-1-300x115.jpg 300w, https:\/\/www.catedracosgaya.com.ar\/tipoblog\/2020\/wp-content\/uploads\/2020\/11\/Afiche-elegido1-1-768x294.jpg 768w\" sizes=\"auto, (max-width: 343px) 100vw, 343px\" \/><\/figure><\/div>\n\n\n\n<p><strong><em>Imagen<\/em><\/strong> <strong>3<em>\u00b0 <\/em><\/strong>: <\/p>\n\n\n\n<p>                    Autores: <strong>Malena Blanco y Federico Callegari<\/strong><\/p>\n\n\n\n<p>                    Obtenida de:<strong> <a href=\"https:\/\/www.voicot.com\/product-page\/afich\">https:\/\/www.voicot.com\/<\/a><\/strong><\/p>\n\n\n\n<p class=\"has-text-align-left\">Esto denota la  jerarqu\u00eda de unas palabras sobre otras al usar mayor tama\u00f1o y estar destacadas con bold (<strong><em>Imagen<\/em><\/strong> <strong>2<em>\u00b0<\/em><\/strong>), atrayendo la       atenci\u00f3n del  lector y permiti\u00e9ndole<strong><em> leer f\u00e1cilmente<\/em><\/strong> el mensaje.             A su vez podemos  determinar 3 niveles de lectura como se observan   en la <strong><em>imagen 4\u00b0<\/em><\/strong>.                                                         <\/p>\n\n\n\n<p class=\"has-text-align-center\">                              <\/p>\n\n\n\n<div class=\"wp-block-image\"><figure class=\"aligncenter size-large is-resized\"><img loading=\"lazy\" decoding=\"async\" src=\"https:\/\/www.catedracosgaya.com.ar\/tipoblog\/2020\/wp-content\/uploads\/2020\/11\/Afiche-elegido2-1-686x1024.jpg\" alt=\"\" class=\"wp-image-2883\" width=\"336\" height=\"499\" \/><\/figure><\/div>\n\n\n\n<p><strong><em>Imagen<\/em><\/strong> <strong>4<em>\u00b0 <\/em><\/strong>: <\/p>\n\n\n\n<p>                    Autores: <strong>Malena Blanco y Federico Callegari<\/strong><\/p>\n\n\n\n<p>                    Obtenida de:<strong> <a href=\"https:\/\/www.voicot.com\/product-page\/afich\">https:\/\/www.voicot.com\/<\/a><\/strong><\/p>\n\n\n\n<p>                    Editada para demostraci\u00f3n por: Marina Bach<\/p>\n\n\n\n<p>Hay que destacar que la realizaci\u00f3n de sus afiches son a trav\u00e9s de <em><strong>letterpress<\/strong>,<\/em> lo que condiciona la producci\u00f3n y la composici\u00f3n tipogr\u00e1fica. A su vez le da textura y aspecto desgastado, que es un     estilo caracter\u00edstico de las luchas sociales.<\/p>\n\n\n\n<p>A grandes rasgos la pieza tiene un recorrido <em><strong>guiado por la jerarquizaci\u00f3n<\/strong>,<\/em> tienen palabras m\u00e1s grandes que pretenden          entregar un mensaje m\u00e1s r\u00e1pido y directo. Las dem\u00e1s optan                  por un tama\u00f1o m\u00e1s chico que obliga a detenerse y ver la                    pieza fijamente para <em><strong>comprender el contexto<\/strong>.<\/em> Es decir que                      se toman criterios en base a la funcionalidad de la lectura y                      el peso de la estructura para poder generar                                               un <strong><em>mensaje r\u00e1pido y claro<\/em><\/strong>.<\/p>\n\n\n\n<figure class=\"wp-block-gallery columns-1 is-cropped wp-block-gallery-2 is-layout-flex wp-block-gallery-is-layout-flex\"><ul class=\"blocks-gallery-grid\"><li class=\"blocks-gallery-item\"><figure><img loading=\"lazy\" decoding=\"async\" width=\"1024\" height=\"510\" src=\"https:\/\/www.catedracosgaya.com.ar\/tipoblog\/2020\/wp-content\/uploads\/2020\/11\/jejoooo-1-1024x510.jpg\" alt=\"\" data-id=\"2832\" data-full-url=\"https:\/\/www.catedracosgaya.com.ar\/tipoblog\/2020\/wp-content\/uploads\/2020\/11\/jejoooo-1-scaled.jpg\" data-link=\"https:\/\/www.catedracosgaya.com.ar\/tipoblog\/2020\/?attachment_id=2832\" class=\"wp-image-2832\" srcset=\"https:\/\/www.catedracosgaya.com.ar\/tipoblog\/2020\/wp-content\/uploads\/2020\/11\/jejoooo-1-1024x510.jpg 1024w, https:\/\/www.catedracosgaya.com.ar\/tipoblog\/2020\/wp-content\/uploads\/2020\/11\/jejoooo-1-300x149.jpg 300w, https:\/\/www.catedracosgaya.com.ar\/tipoblog\/2020\/wp-content\/uploads\/2020\/11\/jejoooo-1-768x382.jpg 768w, https:\/\/www.catedracosgaya.com.ar\/tipoblog\/2020\/wp-content\/uploads\/2020\/11\/jejoooo-1-1536x764.jpg 1536w, https:\/\/www.catedracosgaya.com.ar\/tipoblog\/2020\/wp-content\/uploads\/2020\/11\/jejoooo-1-2048x1019.jpg 2048w, https:\/\/www.catedracosgaya.com.ar\/tipoblog\/2020\/wp-content\/uploads\/2020\/11\/jejoooo-1-1200x597.jpg 1200w, https:\/\/www.catedracosgaya.com.ar\/tipoblog\/2020\/wp-content\/uploads\/2020\/11\/jejoooo-1-1980x985.jpg 1980w\" sizes=\"auto, (max-width: 1024px) 100vw, 1024px\" \/><\/figure><\/li><\/ul><\/figure>\n\n\n\n<p>La pieza est\u00e1 formada por un fondo color rosa y la tipograf\u00eda          siempre de color negro ocupa casi la totalidad de la p\u00e1gina.                Esto debido a que <strong><em>la tipograf\u00eda responde al formato comunicativo<\/em><\/strong>            y al objetivo final del mensaje. De la misma manera se observa           que los <strong><em>m\u00e1rgenes son casi nulos<\/em><\/strong>, el contenido llega hasta el              borde la pieza, sin espacios, excepto el generado por las mismas palabras y la interletra.<\/p>\n\n\n\n<p class=\"has-text-align-center has-text-color\" style=\"color:#b35d88\"><strong><em>&#8220;Voicot no se responsabiliza por la fijaci\u00f3n de estos afiches as\u00ed como las personas, las empresas y el estado no se responsabiliza de la matanza de animales m\u00e1s grande la historia.&#8221;<\/em><\/strong><\/p>\n\n\n\n<p>En conclusi\u00f3n respecto al uso de estas <strong><em>expresiones gr\u00e1ficas<\/em><\/strong> en conjunto con el movimiento podemos destacar la utilizaci\u00f3n limpia de las tipograf\u00edas para llamar la <strong><em>atenci\u00f3n <\/em><\/strong>de los simpatizantes que puedan apoyar la causa y sobre todo el uso de los <strong><em>afiches <\/em><\/strong>y la representaci\u00f3n gr\u00e1fica visceral para darle voz a todos los que no pueden hablar.<\/p>\n\n\n\n<p>Enlaces utilizados: <\/p>\n\n\n\n<p><a href=\"https:\/\/www.pagina12.com.ar\/209593-el-mapa-del-veganismo\">https:\/\/www.pagina12.com.ar\/209593-el-mapa-del-veganismo<\/a><\/p>\n\n\n\n<p><a href=\"https:\/\/www.infobae.com\/mix5411\/2020\/09\/18\/voicot-activismo-extremo-y-arte-por-los-derechos-de-los-animales\/\">https:\/\/www.infobae.com\/mix5411\/2020\/09\/18\/voicot-activismo-extremo-y-arte-por-los-derechos-de-los-animales\/<\/a><\/p>\n\n\n\n<p><a href=\"https:\/\/www.voicot.com\/\">https:\/\/www.voicot.com\/<\/a><\/p>\n\n\n\n<p class=\"has-text-align-center has-background-color has-text-color has-background\" style=\"background-color:#b35d88\"><strong>\u00a1Gracias por leer!<\/strong><\/p>\n<div class=\"remoji_bar\"><div class=\"remoji_add_container\" data-remoji-id=\"2036\" data-remoji-type=\"post\"><div class=\"remoji_add_icon\"><\/div><\/div><div class=\"remoji_error_bar\" data-remoji-id=\"2036\" data-remoji-type=\"post\" style=\"display: none;\">Error happened.<\/div><\/div>","protected":false},"excerpt":{"rendered":"<p>\u201cEmpezar a deconstruir lo que nos ense\u00f1aron para construir algo mejor para todas las especies que habitamos este planeta\u201d Imagen 1\u00b0 : Autores: Malena Blanco y Federico Callegari Obtenida de: https:\/\/www.voicot.com\/ Voicot es un movimiento art\u00edstico por la liberaci\u00f3n animal, que usan su creatividad, ingenio y recursos acad\u00e9micos para comunicar un mensaje. Se caracterizan por [&hellip;]<\/p>\n","protected":false},"author":87,"featured_media":0,"comment_status":"open","ping_status":"closed","sticky":false,"template":"","format":"standard","meta":{"_acf_changed":false,"footnotes":""},"categories":[1],"tags":[24],"class_list":["post-2036","post","type-post","status-publish","format-standard","hentry","category-sin-categoria","tag-afiche"],"acf":[],"_links":{"self":[{"href":"https:\/\/www.catedracosgaya.com.ar\/tipoblog\/2020\/wp-json\/wp\/v2\/posts\/2036","targetHints":{"allow":["GET"]}}],"collection":[{"href":"https:\/\/www.catedracosgaya.com.ar\/tipoblog\/2020\/wp-json\/wp\/v2\/posts"}],"about":[{"href":"https:\/\/www.catedracosgaya.com.ar\/tipoblog\/2020\/wp-json\/wp\/v2\/types\/post"}],"author":[{"embeddable":true,"href":"https:\/\/www.catedracosgaya.com.ar\/tipoblog\/2020\/wp-json\/wp\/v2\/users\/87"}],"replies":[{"embeddable":true,"href":"https:\/\/www.catedracosgaya.com.ar\/tipoblog\/2020\/wp-json\/wp\/v2\/comments?post=2036"}],"version-history":[{"count":3,"href":"https:\/\/www.catedracosgaya.com.ar\/tipoblog\/2020\/wp-json\/wp\/v2\/posts\/2036\/revisions"}],"predecessor-version":[{"id":2936,"href":"https:\/\/www.catedracosgaya.com.ar\/tipoblog\/2020\/wp-json\/wp\/v2\/posts\/2036\/revisions\/2936"}],"wp:attachment":[{"href":"https:\/\/www.catedracosgaya.com.ar\/tipoblog\/2020\/wp-json\/wp\/v2\/media?parent=2036"}],"wp:term":[{"taxonomy":"category","embeddable":true,"href":"https:\/\/www.catedracosgaya.com.ar\/tipoblog\/2020\/wp-json\/wp\/v2\/categories?post=2036"},{"taxonomy":"post_tag","embeddable":true,"href":"https:\/\/www.catedracosgaya.com.ar\/tipoblog\/2020\/wp-json\/wp\/v2\/tags?post=2036"}],"curies":[{"name":"wp","href":"https:\/\/api.w.org\/{rel}","templated":true}]}}