{"id":1969,"date":"2020-11-06T16:32:47","date_gmt":"2020-11-06T19:32:47","guid":{"rendered":"http:\/\/www.catedracosgaya.com.ar\/tipoblog\/2020\/?p=1969"},"modified":"2020-11-20T00:55:51","modified_gmt":"2020-11-20T03:55:51","slug":"daca-no-se-van","status":"publish","type":"post","link":"https:\/\/www.catedracosgaya.com.ar\/tipoblog\/2020\/daca-no-se-van\/","title":{"rendered":"DACA no se van."},"content":{"rendered":"\n<p>La pieza seleccionada en este caso, forma parte de una campa\u00f1a para redes sociales denominada #INMIGRANTS ARE ESSENTIAL impulsada por el National Inmigration Law Center y la agrupaci\u00f3n Resilence Force. Establecida en Washintong D.C durante el a\u00f1o 1979, es una de las organizaciones l\u00edderes en los EE.UU. dedicada exclusivamente a defender y promover los derechos de los inmigrantes con bajos ingresos.<\/p>\n\n\n\n<p>Dicha campa\u00f1a busca concientizar y reivindicar la posici\u00f3n de aquellos inmigrantes e hijos de inmigrantes que luchan por la asignaci\u00f3n de sus derechos como leg\u00edtimos habitantes de los Estados Unidos. Espec\u00edficamente lucha por conservar los derechos obtenidos por la la&nbsp;Acci\u00f3n Diferida para los Llegados en la Infancia&nbsp;o&nbsp;DACA, una pol\u00edtica migratoria que tiene como finalidad beneficiar a ciertos inmigrantes indocumentados que llegaron a Estados Unidos&nbsp;cuando eran ni\u00f1os y que cuentan con cierto nivel educativo, en particular a los denominados&nbsp;<em>dreamers<\/em> (So\u00f1adores), medida que fue anunciada en el a\u00f1o 2012.<\/p>\n\n\n\n<figure class=\"wp-block-image size-large is-resized\"><img loading=\"lazy\" decoding=\"async\" src=\"https:\/\/www.catedracosgaya.com.ar\/tipoblog\/2020\/wp-content\/uploads\/2020\/11\/Captura-de-Pantalla-2020-11-06-a-las-16.20.54-1-1024x251.png\" alt=\"\" class=\"wp-image-2250\" width=\"611\" height=\"149\" srcset=\"https:\/\/www.catedracosgaya.com.ar\/tipoblog\/2020\/wp-content\/uploads\/2020\/11\/Captura-de-Pantalla-2020-11-06-a-las-16.20.54-1-1024x251.png 1024w, https:\/\/www.catedracosgaya.com.ar\/tipoblog\/2020\/wp-content\/uploads\/2020\/11\/Captura-de-Pantalla-2020-11-06-a-las-16.20.54-1-300x74.png 300w, https:\/\/www.catedracosgaya.com.ar\/tipoblog\/2020\/wp-content\/uploads\/2020\/11\/Captura-de-Pantalla-2020-11-06-a-las-16.20.54-1-768x188.png 768w, https:\/\/www.catedracosgaya.com.ar\/tipoblog\/2020\/wp-content\/uploads\/2020\/11\/Captura-de-Pantalla-2020-11-06-a-las-16.20.54-1-1536x377.png 1536w, https:\/\/www.catedracosgaya.com.ar\/tipoblog\/2020\/wp-content\/uploads\/2020\/11\/Captura-de-Pantalla-2020-11-06-a-las-16.20.54-1-2048x502.png 2048w, https:\/\/www.catedracosgaya.com.ar\/tipoblog\/2020\/wp-content\/uploads\/2020\/11\/Captura-de-Pantalla-2020-11-06-a-las-16.20.54-1-1200x294.png 1200w, https:\/\/www.catedracosgaya.com.ar\/tipoblog\/2020\/wp-content\/uploads\/2020\/11\/Captura-de-Pantalla-2020-11-06-a-las-16.20.54-1-1980x486.png 1980w\" sizes=\"auto, (max-width: 611px) 100vw, 611px\" \/><\/figure>\n\n\n\n<p>Es importante destacar que, en general, estas piezas contienen un gui\u00f1o a la \u00e9poca de fervor del \u201cSue\u00f1o Americano\u201d en donde se cre\u00eda que Am\u00e9rica era la tierra del progreso y donde todo el mundo ten\u00eda una oportunidad all\u00ed. A lo largo de todas las piezas que aparecen en esta colecci\u00f3n, podemos observar que poseen una est\u00e9tica que remite a los afiches publicitarios de los a\u00f1os 30\/40, por ende las fuentes utilizadas en estas piezas poseen caracter\u00edsticas de una \u00e9poca donde se intentaba estandarizar el uso tipogr\u00e1fico, prescindiendo absolutamente de ornamentos ya que su funci\u00f3n primordial era comunicar el mensaje y no funcionar como elemento decorativo. Otro rasgo destacable es que, al quedar sujetas a las tecnolog\u00edas de los sistemas de impresi\u00f3n, como por ejemplo la serigraf\u00eda, fotolitograf\u00eda y el uso de tipos m\u00f3viles). eran tipograf\u00edas de palo seco, y un tanto grotescas.<\/p>\n\n\n\n<p>Al analizar el mensaje que subyace en esta pieza en particular, podemos observar que la tipograf\u00eda se presenta sobre un cartel que remite a aquellos de advertencia (\u201cKeep Out\u201d o \u201cprohibido pasar\u201d). Esto hace alusi\u00f3n a la violencia que se ejerce en Estados Unidos contra los inmigrantes al querer evitar que ingresen al pa\u00eds.<br>Pero al observar con detalle el mensaje dentro del cartel se puede leer la frase \u201cLos inmigrantes son esenciales, m\u00e1s no el ICE\u201d. Haciendo referencia al pedido de abolici\u00f3n del organismo de investigaci\u00f3n creado para deportar inmigrantes indocumentados, y reivindicando la posici\u00f3n crucial que tienen los inmigrantes dentro del pa\u00eds a la hora de generar progreso econ\u00f3mico y cultural. La tipograf\u00eda en este caso acompa\u00f1a la intenci\u00f3n de la pieza en su totalidad ya que los caracteres del cartel se pueden leer claramente, se encuentran en Bold, generando con sus caracter\u00edsticas un claro impacto en el usuario. Se busca que el auditorio comprenda r\u00e1pida y claramente la idea. Si bien en este caso, la tipograf\u00eda no se encuentra en un punto central de la imagen sirve para reforzar el mensaje que se busca comunicar.<\/p>\n\n\n\n<p>Como mencionamos anteriormente, estas piezas intentan revocar a aquel momento en donde se cre\u00eda en el progreso, en las segundas oportunidades y en los derechos de libertad de las personas y tiene como objetivo transmitir un mensaje de lucha y calma a aquellos inmigrantes que buscan encontrar un nuevo comienzo de prosperidad en nuevas tierras. <\/p>\n<div class=\"remoji_bar\"><div class=\"remoji_container\" data-remoji-id=\"1969\" data-remoji-type=\"post\" data-remoji-name=\"blush\"><img decoding=\"async\" src=\"https:\/\/www.catedracosgaya.com.ar\/tipoblog\/2020\/wp-content\/plugins\/remoji\/data\/emoji\/1f60a.svg\"><span class=\"remoji_count\">1<\/span><\/div><div class=\"remoji_add_container\" data-remoji-id=\"1969\" data-remoji-type=\"post\"><div class=\"remoji_add_icon\"><\/div><\/div><div class=\"remoji_error_bar\" data-remoji-id=\"1969\" data-remoji-type=\"post\" style=\"display: none;\">Error happened.<\/div><\/div>","protected":false},"excerpt":{"rendered":"<p>La pieza seleccionada en este caso, forma parte de una campa\u00f1a para redes sociales denominada #INMIGRANTS ARE ESSENTIAL impulsada por el National Inmigration Law Center y la agrupaci\u00f3n Resilence Force. Establecida en Washintong D.C durante el a\u00f1o 1979, es una de las organizaciones l\u00edderes en los EE.UU. dedicada exclusivamente a defender y promover los derechos [&hellip;]<\/p>\n","protected":false},"author":83,"featured_media":2291,"comment_status":"open","ping_status":"closed","sticky":false,"template":"","format":"standard","meta":{"_acf_changed":false,"footnotes":""},"categories":[1],"tags":[40,53],"class_list":["post-1969","post","type-post","status-publish","format-standard","has-post-thumbnail","hentry","category-sin-categoria","tag-afiche-digital","tag-pieza-informal-para-redes"],"acf":[],"_links":{"self":[{"href":"https:\/\/www.catedracosgaya.com.ar\/tipoblog\/2020\/wp-json\/wp\/v2\/posts\/1969","targetHints":{"allow":["GET"]}}],"collection":[{"href":"https:\/\/www.catedracosgaya.com.ar\/tipoblog\/2020\/wp-json\/wp\/v2\/posts"}],"about":[{"href":"https:\/\/www.catedracosgaya.com.ar\/tipoblog\/2020\/wp-json\/wp\/v2\/types\/post"}],"author":[{"embeddable":true,"href":"https:\/\/www.catedracosgaya.com.ar\/tipoblog\/2020\/wp-json\/wp\/v2\/users\/83"}],"replies":[{"embeddable":true,"href":"https:\/\/www.catedracosgaya.com.ar\/tipoblog\/2020\/wp-json\/wp\/v2\/comments?post=1969"}],"version-history":[{"count":3,"href":"https:\/\/www.catedracosgaya.com.ar\/tipoblog\/2020\/wp-json\/wp\/v2\/posts\/1969\/revisions"}],"predecessor-version":[{"id":2305,"href":"https:\/\/www.catedracosgaya.com.ar\/tipoblog\/2020\/wp-json\/wp\/v2\/posts\/1969\/revisions\/2305"}],"wp:featuredmedia":[{"embeddable":true,"href":"https:\/\/www.catedracosgaya.com.ar\/tipoblog\/2020\/wp-json\/wp\/v2\/media\/2291"}],"wp:attachment":[{"href":"https:\/\/www.catedracosgaya.com.ar\/tipoblog\/2020\/wp-json\/wp\/v2\/media?parent=1969"}],"wp:term":[{"taxonomy":"category","embeddable":true,"href":"https:\/\/www.catedracosgaya.com.ar\/tipoblog\/2020\/wp-json\/wp\/v2\/categories?post=1969"},{"taxonomy":"post_tag","embeddable":true,"href":"https:\/\/www.catedracosgaya.com.ar\/tipoblog\/2020\/wp-json\/wp\/v2\/tags?post=1969"}],"curies":[{"name":"wp","href":"https:\/\/api.w.org\/{rel}","templated":true}]}}