{"id":1926,"date":"2020-11-06T16:38:26","date_gmt":"2020-11-06T19:38:26","guid":{"rendered":"http:\/\/www.catedracosgaya.com.ar\/tipoblog\/2020\/?p=1926"},"modified":"2020-11-17T20:41:36","modified_gmt":"2020-11-17T23:41:36","slug":"ansiedad-tipografica","status":"publish","type":"post","link":"https:\/\/www.catedracosgaya.com.ar\/tipoblog\/2020\/ansiedad-tipografica\/","title":{"rendered":"Ansiedad tipogr\u00e1fica"},"content":{"rendered":"\n<h3 class=\"wp-block-heading\"><strong>\u00bfPuede la tipograf\u00eda empatizar con la salud mental?<\/strong><\/h3>\n\n\n\n<p>La realidad est\u00e1 distorsionada. En la actualidad, la felicidad tiene un elevado costo emocional que genera que estemos en constante b\u00fasqueda de ideales que no existen. Ser feliz como sin\u00f3nimo de \u00e9xito es un par\u00e1metro de la sociedad que le cuesta la salud mental a m\u00e1s de uno.<\/p>\n\n\n\n<p>Entre la extensa lista de problemas en la salud mental, nos topamos con el trastorno de ansiedad generalizada que suele darse en simult\u00e1neo con ataques de p\u00e1nico (palpitaciones, mareos, inestabilidad, etc.)<\/p>\n\n\n\n<blockquote class=\"wp-block-quote is-layout-flow wp-block-quote-is-layout-flow\"><p><em>\u201cLa ansiedad moderada es una emoci\u00f3n humana normal y frecuente. Sin embargo, una ansiedad excesiva puede formar parte del Trastorno de Ansiedad Generalizada quebrando y limitando la vida de las personas. Cuando las preocupaciones son repetitivas y persistentes, ellas pueden convertirse en una forma habitual de enfrentarse a las situaciones\u201d<\/em>. <\/p><cite>(Trastorno de Ansiedad Generalizada,<a rel=\"noreferrer noopener\" href=\"http:\/\/www.aata.org.ar\/pac_tag.html\" target=\"_blank\"> http:\/\/www.aata.org.ar\/pac_tag.html<\/a>)<\/cite><\/blockquote>\n\n\n\n<p style=\"font-size:14px\"><\/p>\n\n\n\n<p><\/p>\n\n\n\n<p> <\/p>\n\n\n\n<h4 class=\"wp-block-heading\"><strong>Tipograf\u00eda emp\u00e1tica<\/strong><\/h4>\n\n\n\n<p>Jenna Breedlove, dise\u00f1adora gr\u00e1fica estadounidense, tuvo el desaf\u00edo de dise\u00f1ar un afiche tipogr\u00e1fico para la universidad con el objetivo de concientizar sobre estas problem\u00e1ticas y difundir fechas que conmemoran los d\u00edas de la salud mental y el trastorno de ansiedad. La pregunta es, \u00bfqu\u00e9 operaciones gr\u00e1ficas podemos aplicar a la tipograf\u00eda de molde, para transmitir un mensaje tan fuerte y particular?<\/p>\n\n\n\n<p>La tipograf\u00eda elegida para casi todas las puestas en la pieza es Bebas Neue, creada en Jap\u00f3n en el a\u00f1o 2005 por Ryoichi Tsunekawa, siendo su primera experiencia en la creaci\u00f3n de familias tipogr\u00e1ficas. La elecci\u00f3n tipogr\u00e1fica es tanto funcional como conceptual. Se logra generar impacto a trav\u00e9s de la tipograf\u00eda como imagen estando en contexto con en el mensaje. Al ser condensada, los espacios entre caracteres son peque\u00f1os, tienen poco aire y generan una sensaci\u00f3n de asfixia y encierro, principalmente en el recurso que aparece dentro de las letras en la palabra <em>Anxiety<\/em>, donde hay poca interl\u00ednea. Las palabras parece que se pisan, representando todos los s\u00edntomas en simult\u00e1neo que una persona con ansiedad puede llegar a tener. Adem\u00e1s, estas palabras son todos los s\u00edntomas que padece una persona con TGA, funcionando como todos los s\u00edntomas del ataque de p\u00e1nico, apareciendo derechos y firmes en contraposici\u00f3n a la palabra <em>Anxiety<\/em>.<\/p>\n\n\n\n<p>Las relaciones espaciales refuerzan el sentido del mensaje, como tambi\u00e9n lo hace la operaci\u00f3n en la tipograf\u00eda como imagen, ubicando la palabra <em>Anxiety <\/em>desequilibrada.<\/p>\n\n\n\n<figure class=\"wp-block-image size-large is-resized\"><img loading=\"lazy\" decoding=\"async\" src=\"https:\/\/www.catedracosgaya.com.ar\/tipoblog\/2020\/wp-content\/uploads\/2020\/11\/i-am-not-my-anxiety_jenna-breedlove_2.png\" alt=\"\" class=\"wp-image-2317\" width=\"609\" height=\"206\" srcset=\"https:\/\/www.catedracosgaya.com.ar\/tipoblog\/2020\/wp-content\/uploads\/2020\/11\/i-am-not-my-anxiety_jenna-breedlove_2.png 615w, https:\/\/www.catedracosgaya.com.ar\/tipoblog\/2020\/wp-content\/uploads\/2020\/11\/i-am-not-my-anxiety_jenna-breedlove_2-300x102.png 300w\" sizes=\"auto, (max-width: 609px) 100vw, 609px\" \/><figcaption>Fragmento del afiche &#8211; <strong>Anxiety and Mental Health Awareness Poster<\/strong>, Jenna Breedlove, 2017<\/figcaption><\/figure>\n\n\n\n<p><em>Yo no soy mi ansiedad<\/em> es la traducci\u00f3n del mensaje. Quiere comunicar sobre el trastorno de la ansiedad, dejando en claro que esta condici\u00f3n no lo definen a uno como ser humano. Adem\u00e1s, agrega informaci\u00f3n en otro nivel de lectura sobre ciertas estad\u00edsticas y manifiesta la importancia y la necesidad de pedir ayuda si se est\u00e1 pasando por esta situaci\u00f3n.&nbsp;El partido conceptual es evidente en la pieza con los recursos que est\u00e1n siendo utilizados. Se logra reforzar el concepto de lo que se siente al vivir con ansiedad.<\/p>\n\n\n\n<p>Como mencionamos antes, la ansiedad produce una reacci\u00f3n psicofisiol\u00f3gica y se caracteriza por algunos s\u00edntomas como sensaciones de agitaci\u00f3n y asfixia, intranquilidad, inestabilidad, dificultad para concentrarse y tensi\u00f3n entre otras.&nbsp;Las decisiones gr\u00e1ficas utilizadas refuerzan estas sensaciones. Las letras de la palabra \u201cAnxiety\u201d aparecen balance\u00e1ndose, a punto de caerse, mostrando desequilibrio y p\u00e9rdida de control que siente una persona que vive con ansiedad. Adem\u00e1s, estas letras en macro que llegan al corte generando una sensaci\u00f3n de que se est\u00e1n desbordando, aparecen cay\u00e9ndose arriba del \u201cI am not my anxiety\u201d, que est\u00e1 rodeado por mucho m\u00e1s aire, a punto de ser aplastado por la ansiedad.<\/p>\n\n\n\n<p>Por \u00faltimo, tambi\u00e9n est\u00e1 la paleta de color. El naranja y el celeste son colores opuestos complementarios, por ende, al usarse juntos hacen que el ojo vibre, queriendo transmitir al espectador malestar, encierro y ansiedad.<\/p>\n\n\n\n<h4 class=\"wp-block-heading\"><strong>Concepto y partido gr\u00e1fico<\/strong><\/h4>\n\n\n\n<p>Definitivamente, estas decisiones no son arbitrarias, sino que est\u00e1n perfectamente ligadas al partido conceptual y al mensaje, siendo incluso hasta literal en algunos momentos.&nbsp;La pieza, aunque realizada para un trabajo universitario, est\u00e1 dirigida a j\u00f3venes adultos y adultos, tanto a aquellos que no padecen el trastorno, como a quienes s\u00ed. Se intenta concientizar a ambas partes, y lo hace a trav\u00e9s del impacto visual: mostr\u00e1ndole a otro lo que le pasa a una persona con ansiedad. El afiche manifiesta lo que se siente estar atravesado por una crisis de ansiedad o p\u00e1nico y todos sus s\u00edntomas.<\/p>\n\n\n\n<p>Estas fueron las operaciones y recursos gr\u00e1ficos que us\u00f3 Jenna Breedlove para hablar de la ansiedad. Y nos preguntamos \u00bfqu\u00e9 otros recursos tipogr\u00e1ficos tenemos disponibles a nuestro alcance para poder apropiarnos del mensaje y poder comunicarlo de una manera efectiva para concientizar?<\/p>\n<div class=\"remoji_bar\"><div class=\"remoji_container\" data-remoji-id=\"1926\" data-remoji-type=\"post\" data-remoji-name=\"ok_hand\"><img decoding=\"async\" src=\"https:\/\/www.catedracosgaya.com.ar\/tipoblog\/2020\/wp-content\/plugins\/remoji\/data\/emoji\/1f44c.svg\"><span class=\"remoji_count\">1<\/span><\/div><div class=\"remoji_container\" data-remoji-id=\"1926\" data-remoji-type=\"post\" data-remoji-name=\"exploding_head\"><img decoding=\"async\" src=\"https:\/\/www.catedracosgaya.com.ar\/tipoblog\/2020\/wp-content\/plugins\/remoji\/data\/emoji\/1f92f.svg\"><span class=\"remoji_count\">1<\/span><\/div><div class=\"remoji_add_container\" data-remoji-id=\"1926\" data-remoji-type=\"post\"><div class=\"remoji_add_icon\"><\/div><\/div><div class=\"remoji_error_bar\" data-remoji-id=\"1926\" data-remoji-type=\"post\" style=\"display: none;\">Error happened.<\/div><\/div>","protected":false},"excerpt":{"rendered":"<p>\u00bfPuede la tipograf\u00eda empatizar con la salud mental? La realidad est\u00e1 distorsionada. En la actualidad, la felicidad tiene un elevado costo emocional que genera que estemos en constante b\u00fasqueda de ideales que no existen. Ser feliz como sin\u00f3nimo de \u00e9xito es un par\u00e1metro de la sociedad que le cuesta la salud mental a m\u00e1s de [&hellip;]<\/p>\n","protected":false},"author":81,"featured_media":2029,"comment_status":"open","ping_status":"closed","sticky":false,"template":"","format":"standard","meta":{"_acf_changed":false,"footnotes":""},"categories":[1],"tags":[40],"class_list":["post-1926","post","type-post","status-publish","format-standard","has-post-thumbnail","hentry","category-sin-categoria","tag-afiche-digital"],"acf":[],"_links":{"self":[{"href":"https:\/\/www.catedracosgaya.com.ar\/tipoblog\/2020\/wp-json\/wp\/v2\/posts\/1926","targetHints":{"allow":["GET"]}}],"collection":[{"href":"https:\/\/www.catedracosgaya.com.ar\/tipoblog\/2020\/wp-json\/wp\/v2\/posts"}],"about":[{"href":"https:\/\/www.catedracosgaya.com.ar\/tipoblog\/2020\/wp-json\/wp\/v2\/types\/post"}],"author":[{"embeddable":true,"href":"https:\/\/www.catedracosgaya.com.ar\/tipoblog\/2020\/wp-json\/wp\/v2\/users\/81"}],"replies":[{"embeddable":true,"href":"https:\/\/www.catedracosgaya.com.ar\/tipoblog\/2020\/wp-json\/wp\/v2\/comments?post=1926"}],"version-history":[{"count":3,"href":"https:\/\/www.catedracosgaya.com.ar\/tipoblog\/2020\/wp-json\/wp\/v2\/posts\/1926\/revisions"}],"predecessor-version":[{"id":3177,"href":"https:\/\/www.catedracosgaya.com.ar\/tipoblog\/2020\/wp-json\/wp\/v2\/posts\/1926\/revisions\/3177"}],"wp:featuredmedia":[{"embeddable":true,"href":"https:\/\/www.catedracosgaya.com.ar\/tipoblog\/2020\/wp-json\/wp\/v2\/media\/2029"}],"wp:attachment":[{"href":"https:\/\/www.catedracosgaya.com.ar\/tipoblog\/2020\/wp-json\/wp\/v2\/media?parent=1926"}],"wp:term":[{"taxonomy":"category","embeddable":true,"href":"https:\/\/www.catedracosgaya.com.ar\/tipoblog\/2020\/wp-json\/wp\/v2\/categories?post=1926"},{"taxonomy":"post_tag","embeddable":true,"href":"https:\/\/www.catedracosgaya.com.ar\/tipoblog\/2020\/wp-json\/wp\/v2\/tags?post=1926"}],"curies":[{"name":"wp","href":"https:\/\/api.w.org\/{rel}","templated":true}]}}