{"id":1821,"date":"2020-11-06T18:09:47","date_gmt":"2020-11-06T21:09:47","guid":{"rendered":"http:\/\/www.catedracosgaya.com.ar\/tipoblog\/2020\/?p=1821"},"modified":"2020-11-20T00:39:43","modified_gmt":"2020-11-20T03:39:43","slug":"distrito-desalojo","status":"publish","type":"post","link":"https:\/\/www.catedracosgaya.com.ar\/tipoblog\/2020\/distrito-desalojo\/","title":{"rendered":"Distrito Desalojo"},"content":{"rendered":"\n<p>Con pocas leyes que cubran su derecho a la vivienda y en un contexto de incendios y desalojos constantes, los vecinos de La Boca, salen a resistir contra los negocios inmobiliarios del gobierno de la ciudad de Buenos Aires. Que pretende armar un distrito de las artes a costa del abandono y empobrecimiento de los habitantes.<\/p>\n\n\n\n<p>El graffiti es un medio utilizado hist\u00f3ricamente de distintas formas en los espacios p\u00fablicos. Ya sea para dejar una marca personal, o de un modo m\u00e1s art\u00edstico, como tambi\u00e9n&nbsp; un mensaje expl\u00edcito de protesta o de lucha. En este sentido, el est\u00e9ncil viene a cobrar un papel clave, porque permite sistematizar y ordenar el sentido y la composici\u00f3n que se est\u00e1 queriendo transmitir y dejarlo plasmado, mediante una tipograf\u00eda espec\u00edfica. As\u00ed, en los reclamos populares se lo utiliza como una herramienta gr\u00e1fica habitual, ya que el mensaje puede llegar de forma r\u00e1pida y concisa. Adem\u00e1s, puede ser producido de forma barata y en serie con ayuda de algunos elementos como acetatos de radiograf\u00edas, trinchetas y pintura en aerosol.<\/p>\n\n\n\n<figure class=\"wp-block-image size-large is-style-default\"><img loading=\"lazy\" decoding=\"async\" width=\"1024\" height=\"576\" src=\"https:\/\/www.catedracosgaya.com.ar\/tipoblog\/2020\/wp-content\/uploads\/2020\/11\/4-1-1024x576.jpg\" alt=\"\" class=\"wp-image-2863\" srcset=\"https:\/\/www.catedracosgaya.com.ar\/tipoblog\/2020\/wp-content\/uploads\/2020\/11\/4-1-1024x576.jpg 1024w, https:\/\/www.catedracosgaya.com.ar\/tipoblog\/2020\/wp-content\/uploads\/2020\/11\/4-1-300x169.jpg 300w, https:\/\/www.catedracosgaya.com.ar\/tipoblog\/2020\/wp-content\/uploads\/2020\/11\/4-1-768x432.jpg 768w, https:\/\/www.catedracosgaya.com.ar\/tipoblog\/2020\/wp-content\/uploads\/2020\/11\/4-1-1536x864.jpg 1536w, https:\/\/www.catedracosgaya.com.ar\/tipoblog\/2020\/wp-content\/uploads\/2020\/11\/4-1-2048x1152.jpg 2048w, https:\/\/www.catedracosgaya.com.ar\/tipoblog\/2020\/wp-content\/uploads\/2020\/11\/4-1-1200x675.jpg 1200w, https:\/\/www.catedracosgaya.com.ar\/tipoblog\/2020\/wp-content\/uploads\/2020\/11\/4-1-1980x1114.jpg 1980w\" sizes=\"auto, (max-width: 1024px) 100vw, 1024px\" \/><\/figure>\n\n\n\n<p>En el barrio porte\u00f1o de La Boca, los vecinos se nuclearon en la agrupaci\u00f3n <em>La Boca Resiste y Propone<\/em>, con la cual llevan a cabo todo tipo de acciones para ayudar a los vecinos trabajando en las desigualdades del barrio en el \u00e1rea habitacional. Realizan asambleas, y proponen acciones concretas desde los planos legales y pol\u00edticos, acompa\u00f1ando a familias que sufrieron incendios, derrumbes y alquileres abusivos, tambi\u00e9n hacen intervenciones en la calle y en las paredes del barrio.&nbsp;<\/p>\n\n\n\n<p>En el marco de una serie de desalojos hist\u00f3ricos, en el a\u00f1o 2018,&nbsp; se enfatizaron en este per\u00edodo por la creaci\u00f3n del Distrito de las Artes, que con el objetivo de fomentar el desarrollo de la creaci\u00f3n, producci\u00f3n y difusi\u00f3n cultural en el sur de la Ciudad de Buenos Aires esconde un conjunto de intereses por parte del Gobierno de la Ciudad junto a empresas constructoras.&nbsp;<\/p>\n\n\n\n<p>Los vecinos realizaron intervenciones en las paredes del barrio, utilizando est\u00e9nciles y realizando murales, inundando las calles con mensajes de rechazo a esta pol\u00edtica que no resuelve la situaci\u00f3n de los vecinos de ninguna manera m\u00e1s que oblig\u00e1ndolos a quedar en situaci\u00f3n de calle o mudarse a otros barrios, y reclamando por acci\u00f3n del Instituto de Vivienda de la Ciudad (IVC) y por Inspecci\u00f3n T\u00e9cnica de Identificaci\u00f3n (ITE).<\/p>\n\n\n\n<figure class=\"wp-block-image size-large is-style-default\"><img loading=\"lazy\" decoding=\"async\" width=\"819\" height=\"1024\" src=\"https:\/\/www.catedracosgaya.com.ar\/tipoblog\/2020\/wp-content\/uploads\/2020\/11\/3-1-819x1024.jpg\" alt=\"\" class=\"wp-image-2867\" srcset=\"https:\/\/www.catedracosgaya.com.ar\/tipoblog\/2020\/wp-content\/uploads\/2020\/11\/3-1-819x1024.jpg 819w, https:\/\/www.catedracosgaya.com.ar\/tipoblog\/2020\/wp-content\/uploads\/2020\/11\/3-1-240x300.jpg 240w, https:\/\/www.catedracosgaya.com.ar\/tipoblog\/2020\/wp-content\/uploads\/2020\/11\/3-1-768x960.jpg 768w, https:\/\/www.catedracosgaya.com.ar\/tipoblog\/2020\/wp-content\/uploads\/2020\/11\/3-1-1229x1536.jpg 1229w, https:\/\/www.catedracosgaya.com.ar\/tipoblog\/2020\/wp-content\/uploads\/2020\/11\/3-1-1638x2048.jpg 1638w, https:\/\/www.catedracosgaya.com.ar\/tipoblog\/2020\/wp-content\/uploads\/2020\/11\/3-1-1200x1500.jpg 1200w, https:\/\/www.catedracosgaya.com.ar\/tipoblog\/2020\/wp-content\/uploads\/2020\/11\/3-1-1980x2475.jpg 1980w, https:\/\/www.catedracosgaya.com.ar\/tipoblog\/2020\/wp-content\/uploads\/2020\/11\/3-1.jpg 2000w\" sizes=\"auto, (max-width: 819px) 100vw, 819px\" \/><\/figure>\n\n\n\n<p>Los est\u00e9nciles realizados con la consigna \u201cBASTA DE DESALOJOS\u201d logran unir dos universos gr\u00e1ficos mediante la codificaci\u00f3n de la tipograf\u00eda <em>stencil,<\/em> con las miscel\u00e1neas que aluden a los fileteados hist\u00f3ricos utilizados en todo tipo de mensajer\u00eda y carteler\u00eda porte\u00f1a y as\u00ed tambi\u00e9n en el barrio de La Boca. Los est\u00e9nciles realizados tambi\u00e9n tienen la capacidad de mimetizarse con el entorno propio de las paredes. Conviven con otro tipo de pintadas y grafitis preexistentes, generando as\u00ed un c\u00f3digo mayor, de acumulaci\u00f3n, perteneciente y reconocible en la urbe porte\u00f1a. En el barrio, no son nuevas las expresiones art\u00edsticas desarrolladas en formato mural o pintada; a su vez estas expresiones conviven en el espacio geogr\u00e1fico con los murales realizados en eventos impulsados por el Gobierno de La Ciudad como \u201cColor BA\u201d, de artistas nacionales e internacionales.&nbsp;<\/p>\n\n\n\n<p>Por eso distintas agrupaciones resisten a esta situaci\u00f3n y plasman en las paredes consignas de lucha y repudio hacia las pol\u00edticas de gentrificaci\u00f3n reiteradas en la zona, y aunque se parezcan en estilo gr\u00e1fico, los intereses de cada parte son contrapuestos y as\u00ed las paredes del barrio siguen disput\u00e1ndose por un orden mayor que unifique los intereses comunes de los habitantes y todav\u00eda no parece lograrse.<\/p>\n<div class=\"remoji_bar\"><div class=\"remoji_add_container\" data-remoji-id=\"1821\" data-remoji-type=\"post\"><div class=\"remoji_add_icon\"><\/div><\/div><div class=\"remoji_error_bar\" data-remoji-id=\"1821\" data-remoji-type=\"post\" style=\"display: none;\">Error happened.<\/div><\/div>","protected":false},"excerpt":{"rendered":"<p>Con pocas leyes que cubran su derecho a la vivienda y en un contexto de incendios y desalojos constantes, los vecinos de La Boca, salen a resistir contra los negocios inmobiliarios del gobierno de la ciudad de Buenos Aires. Que pretende armar un distrito de las artes a costa del abandono y empobrecimiento de los [&hellip;]<\/p>\n","protected":false},"author":77,"featured_media":1886,"comment_status":"open","ping_status":"closed","sticky":false,"template":"","format":"standard","meta":{"_acf_changed":false,"footnotes":""},"categories":[1],"tags":[41,102],"class_list":["post-1821","post","type-post","status-publish","format-standard","has-post-thumbnail","hentry","category-sin-categoria","tag-grafiti","tag-stencil"],"acf":[],"_links":{"self":[{"href":"https:\/\/www.catedracosgaya.com.ar\/tipoblog\/2020\/wp-json\/wp\/v2\/posts\/1821","targetHints":{"allow":["GET"]}}],"collection":[{"href":"https:\/\/www.catedracosgaya.com.ar\/tipoblog\/2020\/wp-json\/wp\/v2\/posts"}],"about":[{"href":"https:\/\/www.catedracosgaya.com.ar\/tipoblog\/2020\/wp-json\/wp\/v2\/types\/post"}],"author":[{"embeddable":true,"href":"https:\/\/www.catedracosgaya.com.ar\/tipoblog\/2020\/wp-json\/wp\/v2\/users\/77"}],"replies":[{"embeddable":true,"href":"https:\/\/www.catedracosgaya.com.ar\/tipoblog\/2020\/wp-json\/wp\/v2\/comments?post=1821"}],"version-history":[{"count":3,"href":"https:\/\/www.catedracosgaya.com.ar\/tipoblog\/2020\/wp-json\/wp\/v2\/posts\/1821\/revisions"}],"predecessor-version":[{"id":2929,"href":"https:\/\/www.catedracosgaya.com.ar\/tipoblog\/2020\/wp-json\/wp\/v2\/posts\/1821\/revisions\/2929"}],"wp:featuredmedia":[{"embeddable":true,"href":"https:\/\/www.catedracosgaya.com.ar\/tipoblog\/2020\/wp-json\/wp\/v2\/media\/1886"}],"wp:attachment":[{"href":"https:\/\/www.catedracosgaya.com.ar\/tipoblog\/2020\/wp-json\/wp\/v2\/media?parent=1821"}],"wp:term":[{"taxonomy":"category","embeddable":true,"href":"https:\/\/www.catedracosgaya.com.ar\/tipoblog\/2020\/wp-json\/wp\/v2\/categories?post=1821"},{"taxonomy":"post_tag","embeddable":true,"href":"https:\/\/www.catedracosgaya.com.ar\/tipoblog\/2020\/wp-json\/wp\/v2\/tags?post=1821"}],"curies":[{"name":"wp","href":"https:\/\/api.w.org\/{rel}","templated":true}]}}