{"id":1796,"date":"2020-11-06T18:13:34","date_gmt":"2020-11-06T21:13:34","guid":{"rendered":"http:\/\/www.catedracosgaya.com.ar\/tipoblog\/2020\/?p=1796"},"modified":"2020-11-16T19:14:39","modified_gmt":"2020-11-16T22:14:39","slug":"basta-de-incendios-ilegales","status":"publish","type":"post","link":"https:\/\/www.catedracosgaya.com.ar\/tipoblog\/2020\/basta-de-incendios-ilegales\/","title":{"rendered":"\u00a1BASTA DE INCENDIOS ILEGALES!"},"content":{"rendered":"\n<p class=\"has-large-font-size\"><strong>En el marco del 25 de septiembre, D\u00eda Global de la Acci\u00f3n por el Clima, y en reclamo de la Ley de Humedales en Argentina. La agrupaci\u00f3n J\u00f3venes por el Clima, sale a las calles a pegar afiches en reclamo de estas problem\u00e1ticas. <\/strong><\/p>\n\n\n\n<p>La pieza seleccionada tiene como causa <strong>concientizar sobre la crisis clim\u00e1tica<\/strong>, especialmente en Am\u00e9rica latina. La problem\u00e1tica que aborda es la quema de bosques y tierras de manera indiscriminada, teniendo como finalidad el loteo y venta. Se pretende accionar sobre la <strong>necesidad de sancionar una ley que proteja el medioambiente<\/strong> y ayude a detener este tipo de situaciones que est\u00e1n muy presentes en la actualidad, debido a los recientes incendios intencionales en el interior del pa\u00eds, en M\u00e9xico y anteriormente en el Amazonas. Por lo tanto se busca enfrentar ciertos intereses de grupos econ\u00f3micos concentrados, responsables de muchos incendios para beneficiarse de ello.<\/p>\n\n\n\n<p>Es una pieza que pertenece a una serie de 2 afiches impresos con tipos m\u00f3viles, que expresan la necesidad de proteger humedales, bosques y bienes comunes naturales, en otras palabras,<strong> pensar a futuro en la vida del planeta y de todos sus habitantes.<\/strong> El costo de producci\u00f3n es econ\u00f3mico y da la posibilidad de que, luego, se fijen de manera masiva por la ciudad. Fue producida en el marco del 25S (25 de Septiembre, D\u00eda Global de la Acci\u00f3n por el Clima) y <em>Fridays For Future<\/em> (movimiento ambientalista contra la crisis clim\u00e1tica que inici\u00f3 la activista Greta Thunberg). En este caso espec\u00edfico, representado por J\u00f3venes Por El Clima Argentina, se trata de alertar, divulgar y concientizar sobre los incendios en el continente y la necesidad urgente de que defendamos nuestro presente para garantizarnos un futuro. <\/p>\n\n\n\n<p>La tipograf\u00eda es la protagonista indiscutible de la pieza sobre todo por la t\u00e9cnica de impresi\u00f3n &#8220;letterpress&#8221; y el criterio para la elecci\u00f3n y combinaci\u00f3n de familias que son funcionales a la necesidad de que el mensaje sea f\u00e1cilmente le\u00eddo. En cuanto a las relaciones espaciales, estas tambi\u00e9n son determinadas por la t\u00e9cnica, porque conlleva ciertas decisiones tipogr\u00e1ficas, como intercalar l\u00edneas del texto en distintas familias, cuerpos y pesos, para lograr componer los textos en un bloque parejo.<\/p>\n\n\n\n<p>El mensaje es muy claro y directo, informa sobre un hecho que puede ser considerado de inter\u00e9s p\u00fablico. Como son carteles sobre protesta ambiental, se trata de una pieza de impacto, que tiene que poder llamar la atenci\u00f3n y ser le\u00edda f\u00e1cilmente. La intenci\u00f3n se centra en el contenido del mensaje, hay una clara decisi\u00f3n en cuanto a elecciones tipogr\u00e1ficas de cuerpo y combinaci\u00f3n de familias, que contempla el tipo de lectura que requiere la pieza en la v\u00eda publica. Por lo tanto, los recursos gr\u00e1ficos est\u00e1n a merced de estos principios y de ciertas convenciones de esta impronta de afiches.<\/p>\n\n\n\n<p>Como la pieza pretende dar visibilizar\u00edan a la problem\u00e1tica de los incendios intencionales en Latinoam\u00e9rica y alertar sobre la crisis clim\u00e1tica a ra\u00edz de eso, los destinatarios son principalmente todos los habitantes comunes de argentina y Am\u00e9rica latina. Pero mas particularmente la juventud de la sociedad, ya que pueden llegar a ser mas receptivos se puede lograr un mayor impacto en ellos y asi, en las generaciones por venir. El tipo de di\u00e1logo que se establece es chocante, quiere alarmar sobre la situaci\u00f3n actual de Am\u00e9rica latina, plante\u00e1ndola como una preocupaci\u00f3n extrema, general y global, que debe ser atendida lo antes posible. Los fines que se persiguen es lograr que a la larga se produzca un cambio en la conciencia colectiva sobre estos temas, que deber\u00edan ser una preocupaci\u00f3n com\u00fan porque nos interpela a todxs.<\/p>\n\n\n\n<p><\/p>\n\n\n\n<figure class=\"wp-block-gallery aligncenter columns-3 is-cropped wp-block-gallery-1 is-layout-flex wp-block-gallery-is-layout-flex\"><ul class=\"blocks-gallery-grid\"><li class=\"blocks-gallery-item\"><figure><img loading=\"lazy\" decoding=\"async\" width=\"741\" height=\"413\" src=\"https:\/\/www.catedracosgaya.com.ar\/tipoblog\/2020\/wp-content\/uploads\/2020\/11\/image-5.png\" alt=\"\" data-id=\"2445\" data-link=\"https:\/\/www.catedracosgaya.com.ar\/tipoblog\/2020\/?attachment_id=2445\" class=\"wp-image-2445\" srcset=\"https:\/\/www.catedracosgaya.com.ar\/tipoblog\/2020\/wp-content\/uploads\/2020\/11\/image-5.png 741w, https:\/\/www.catedracosgaya.com.ar\/tipoblog\/2020\/wp-content\/uploads\/2020\/11\/image-5-300x167.png 300w\" sizes=\"auto, (max-width: 741px) 100vw, 741px\" \/><\/figure><\/li><li class=\"blocks-gallery-item\"><figure><img loading=\"lazy\" decoding=\"async\" width=\"747\" height=\"419\" src=\"https:\/\/www.catedracosgaya.com.ar\/tipoblog\/2020\/wp-content\/uploads\/2020\/11\/image-4-1.png\" alt=\"\" data-id=\"2441\" class=\"wp-image-2441\" srcset=\"https:\/\/www.catedracosgaya.com.ar\/tipoblog\/2020\/wp-content\/uploads\/2020\/11\/image-4-1.png 747w, https:\/\/www.catedracosgaya.com.ar\/tipoblog\/2020\/wp-content\/uploads\/2020\/11\/image-4-1-300x168.png 300w\" sizes=\"auto, (max-width: 747px) 100vw, 747px\" \/><\/figure><\/li><li class=\"blocks-gallery-item\"><figure><img loading=\"lazy\" decoding=\"async\" width=\"960\" height=\"960\" src=\"https:\/\/www.catedracosgaya.com.ar\/tipoblog\/2020\/wp-content\/uploads\/2020\/11\/120041954_3327888963953322_1016431132808863455_n.jpg\" alt=\"\" data-id=\"2452\" data-full-url=\"https:\/\/www.catedracosgaya.com.ar\/tipoblog\/2020\/wp-content\/uploads\/2020\/11\/120041954_3327888963953322_1016431132808863455_n.jpg\" data-link=\"https:\/\/www.catedracosgaya.com.ar\/tipoblog\/2020\/?attachment_id=2452\" class=\"wp-image-2452\" srcset=\"https:\/\/www.catedracosgaya.com.ar\/tipoblog\/2020\/wp-content\/uploads\/2020\/11\/120041954_3327888963953322_1016431132808863455_n.jpg 960w, https:\/\/www.catedracosgaya.com.ar\/tipoblog\/2020\/wp-content\/uploads\/2020\/11\/120041954_3327888963953322_1016431132808863455_n-300x300.jpg 300w, https:\/\/www.catedracosgaya.com.ar\/tipoblog\/2020\/wp-content\/uploads\/2020\/11\/120041954_3327888963953322_1016431132808863455_n-150x150.jpg 150w, https:\/\/www.catedracosgaya.com.ar\/tipoblog\/2020\/wp-content\/uploads\/2020\/11\/120041954_3327888963953322_1016431132808863455_n-768x768.jpg 768w\" sizes=\"auto, (max-width: 960px) 100vw, 960px\" \/><\/figure><\/li><\/ul><\/figure>\n\n\n\n<p style=\"font-size:14px\">Fuentes:<\/p>\n\n\n\n<p style=\"font-size:14px\"><a rel=\"noreferrer noopener\" href=\"https:\/\/instagram.com\/jovenesporelclimarg\" target=\"_blank\"> https:\/\/instagram.com\/jovenesporelclimarg<\/a><\/p>\n\n\n\n<p style=\"font-size:14px\"> <a rel=\"noreferrer noopener\" href=\"https:\/\/www.redaccion.com.ar\/al-borde-del-colapso-que-se-reclama-en-la-movilizacion-global-por-accion-climatica-de-este-viernes\/\" target=\"_blank\">https:\/\/www.redaccion.com.ar\/al-borde-del-colapso-que-se-reclama-en-la-movilizacion-global-por-accion-climatica-de-este-viernes\/<\/a> <\/p>\n\n\n\n<p style=\"font-size:14px\"><a rel=\"noreferrer noopener\" href=\"https:\/\/farn.org.ar\/iafonline2020\/articulos\/6-2-ley-de-humedales-y-gobernanza-ambientalmente-sustentable-y-socialmente-responsable-para-la-cuenca-del-plata\/\" target=\"_blank\"> https:\/\/farn.org.ar\/iafonline2020\/articulos\/6-2-ley-de-humedales-y-gobernanza-ambientalmente-sustentable-y-socialmente-responsable-para-la-cuenca-del-plata\/<\/a><\/p>\n<div class=\"remoji_bar\"><div class=\"remoji_add_container\" data-remoji-id=\"1796\" data-remoji-type=\"post\"><div class=\"remoji_add_icon\"><\/div><\/div><div class=\"remoji_error_bar\" data-remoji-id=\"1796\" data-remoji-type=\"post\" style=\"display: none;\">Error happened.<\/div><\/div>","protected":false},"excerpt":{"rendered":"<p>En el marco del 25 de septiembre, D\u00eda Global de la Acci\u00f3n por el Clima, y en reclamo de la Ley de Humedales en Argentina. La agrupaci\u00f3n J\u00f3venes por el Clima, sale a las calles a pegar afiches en reclamo de estas problem\u00e1ticas. La pieza seleccionada tiene como causa concientizar sobre la crisis clim\u00e1tica, especialmente [&hellip;]<\/p>\n","protected":false},"author":8,"featured_media":1898,"comment_status":"open","ping_status":"closed","sticky":false,"template":"","format":"standard","meta":{"_acf_changed":false,"footnotes":""},"categories":[1],"tags":[24],"class_list":["post-1796","post","type-post","status-publish","format-standard","has-post-thumbnail","hentry","category-sin-categoria","tag-afiche"],"acf":[],"_links":{"self":[{"href":"https:\/\/www.catedracosgaya.com.ar\/tipoblog\/2020\/wp-json\/wp\/v2\/posts\/1796","targetHints":{"allow":["GET"]}}],"collection":[{"href":"https:\/\/www.catedracosgaya.com.ar\/tipoblog\/2020\/wp-json\/wp\/v2\/posts"}],"about":[{"href":"https:\/\/www.catedracosgaya.com.ar\/tipoblog\/2020\/wp-json\/wp\/v2\/types\/post"}],"author":[{"embeddable":true,"href":"https:\/\/www.catedracosgaya.com.ar\/tipoblog\/2020\/wp-json\/wp\/v2\/users\/8"}],"replies":[{"embeddable":true,"href":"https:\/\/www.catedracosgaya.com.ar\/tipoblog\/2020\/wp-json\/wp\/v2\/comments?post=1796"}],"version-history":[{"count":3,"href":"https:\/\/www.catedracosgaya.com.ar\/tipoblog\/2020\/wp-json\/wp\/v2\/posts\/1796\/revisions"}],"predecessor-version":[{"id":2909,"href":"https:\/\/www.catedracosgaya.com.ar\/tipoblog\/2020\/wp-json\/wp\/v2\/posts\/1796\/revisions\/2909"}],"wp:featuredmedia":[{"embeddable":true,"href":"https:\/\/www.catedracosgaya.com.ar\/tipoblog\/2020\/wp-json\/wp\/v2\/media\/1898"}],"wp:attachment":[{"href":"https:\/\/www.catedracosgaya.com.ar\/tipoblog\/2020\/wp-json\/wp\/v2\/media?parent=1796"}],"wp:term":[{"taxonomy":"category","embeddable":true,"href":"https:\/\/www.catedracosgaya.com.ar\/tipoblog\/2020\/wp-json\/wp\/v2\/categories?post=1796"},{"taxonomy":"post_tag","embeddable":true,"href":"https:\/\/www.catedracosgaya.com.ar\/tipoblog\/2020\/wp-json\/wp\/v2\/tags?post=1796"}],"curies":[{"name":"wp","href":"https:\/\/api.w.org\/{rel}","templated":true}]}}