{"id":1300,"date":"2020-11-06T18:25:03","date_gmt":"2020-11-06T21:25:03","guid":{"rendered":"http:\/\/www.catedracosgaya.com.ar\/tipoblog\/2020\/?p=1300"},"modified":"2020-11-19T23:25:53","modified_gmt":"2020-11-20T02:25:53","slug":"supervivencia-digital","status":"publish","type":"post","link":"https:\/\/www.catedracosgaya.com.ar\/tipoblog\/2020\/supervivencia-digital\/","title":{"rendered":"Supervivencia digital"},"content":{"rendered":"\n<h3 class=\"wp-block-heading\"><strong>\u00bfQu\u00e9 ocurre con nuestros derechos cuando estamos en las redes? <\/strong><\/h3>\n\n\n\n<p>Partimos de la Asociaci\u00f3n <a href=\"https:\/\/www.tedic.org\">TEDIC<\/a> (Paraguay), que se encarga de concientizar a la poblaci\u00f3n en temas de <strong>ciberseguridad.<\/strong> Desarrolla tecnolog\u00eda c\u00edvica abierta y defiende los derechos digitales por una Cultura Libre en Internet. Encontramos dentro de sus propuestas, un fanzine que realizaron con motivo del D\u00eda Internacional de los Derechos Humanos (2019) en colaboraci\u00f3n con <a href=\"https:\/\/internews.org\">Internews.<\/a><\/p>\n\n\n\n<figure class=\"wp-block-image size-large\"><img loading=\"lazy\" decoding=\"async\" width=\"1024\" height=\"592\" src=\"https:\/\/www.catedracosgaya.com.ar\/tipoblog\/2020\/wp-content\/uploads\/2020\/11\/CONTEXTO-1-1024x592.png\" alt=\"\" class=\"wp-image-2793\" srcset=\"https:\/\/www.catedracosgaya.com.ar\/tipoblog\/2020\/wp-content\/uploads\/2020\/11\/CONTEXTO-1-1024x592.png 1024w, https:\/\/www.catedracosgaya.com.ar\/tipoblog\/2020\/wp-content\/uploads\/2020\/11\/CONTEXTO-1-300x174.png 300w, https:\/\/www.catedracosgaya.com.ar\/tipoblog\/2020\/wp-content\/uploads\/2020\/11\/CONTEXTO-1-768x444.png 768w, https:\/\/www.catedracosgaya.com.ar\/tipoblog\/2020\/wp-content\/uploads\/2020\/11\/CONTEXTO-1.png 1051w\" sizes=\"auto, (max-width: 1024px) 100vw, 1024px\" \/><figcaption>Manifestaci\u00f3n en Paraguay, <em><strong>\u00ab16 d\u00edas de Activismo\u00bb<\/strong><\/em>, organizados por la ONU.<\/figcaption><\/figure>\n\n\n\n<p>En los pa\u00edses de Am\u00e9rica Latina existen pr\u00e1cticas represivas que vulneran constantemente los derechos de sus ciudadanos y activistas. Este <em>&#8220;Toolkit&#8221;<\/em> propone tips y herramientas para fortalecer las capacidades de seguridad y anonimato antes, durante y despu\u00e9s de haber sido parte de actividades de protesta como marchas y manifestaciones. El mismo est\u00e1 enfocado a las comunidades de activistas y defensores de DDHH, con un especial \u00e9nfasis en mujeres, comunidades vulnerables y LGBT+.&nbsp;<\/p>\n\n\n\n<h5 class=\"wp-block-heading\">Sobre el fanzine<\/h5>\n\n\n\n<figure class=\"wp-block-gallery columns-1 is-cropped wp-block-gallery-1 is-layout-flex wp-block-gallery-is-layout-flex\"><ul class=\"blocks-gallery-grid\"><li class=\"blocks-gallery-item\"><figure><img loading=\"lazy\" decoding=\"async\" width=\"1024\" height=\"722\" src=\"https:\/\/www.catedracosgaya.com.ar\/tipoblog\/2020\/wp-content\/uploads\/2020\/11\/fanzine-pag-1-1024x722.jpg\" alt=\"\" data-id=\"2417\" data-full-url=\"https:\/\/www.catedracosgaya.com.ar\/tipoblog\/2020\/wp-content\/uploads\/2020\/11\/fanzine-pag-1.jpg\" data-link=\"https:\/\/www.catedracosgaya.com.ar\/tipoblog\/2020\/?attachment_id=2417\" class=\"wp-image-2417\" srcset=\"https:\/\/www.catedracosgaya.com.ar\/tipoblog\/2020\/wp-content\/uploads\/2020\/11\/fanzine-pag-1-1024x722.jpg 1024w, https:\/\/www.catedracosgaya.com.ar\/tipoblog\/2020\/wp-content\/uploads\/2020\/11\/fanzine-pag-1-300x211.jpg 300w, https:\/\/www.catedracosgaya.com.ar\/tipoblog\/2020\/wp-content\/uploads\/2020\/11\/fanzine-pag-1-768x541.jpg 768w, https:\/\/www.catedracosgaya.com.ar\/tipoblog\/2020\/wp-content\/uploads\/2020\/11\/fanzine-pag-1-1536x1082.jpg 1536w, https:\/\/www.catedracosgaya.com.ar\/tipoblog\/2020\/wp-content\/uploads\/2020\/11\/fanzine-pag-1-1200x846.jpg 1200w, https:\/\/www.catedracosgaya.com.ar\/tipoblog\/2020\/wp-content\/uploads\/2020\/11\/fanzine-pag-1.jpg 1754w\" sizes=\"auto, (max-width: 1024px) 100vw, 1024px\" \/><\/figure><\/li><\/ul><figcaption class=\"blocks-gallery-caption\">Fanzine <em><strong>\u00abToolkit de seguridad digital para acciones colectivas\u00bb<\/strong><\/em>, versi\u00f3n imprimible, TEDIC, 2019.<\/figcaption><\/figure>\n\n\n\n<p>Se trata de una pieza monocrom\u00e1tica. El uso de una sola tinta (negra)  hace que, en su versi\u00f3n impresa, se pueda variar el color del soporte y que se economicen los recursos a la hora de reproducirlo. Puede visualizarse de manera impresa o digital. El objetivo es que el mensaje llegue a los destinatarios con urgencia, pero tambi\u00e9n les sirva como recurso para el futuro.<\/p>\n\n\n\n<h5 class=\"wp-block-heading\">Familias tipogr\u00e1ficas<\/h5>\n\n\n\n<p>Por un lado, es necesario llamar la atenci\u00f3n y eso puede lograrse con la tipograf\u00eda <strong>\u00abQuestrian\u00bb<\/strong>, cuyo trazo grueso y en caja alta cumple el objetivo; A su vez, creemos que la familia <strong>\u00abLato\u00bb<\/strong> para texto les concede un acierto, ya que proporciona legibilidad tanto en el papel como en la pantalla. <\/p>\n\n\n\n<p><em>Lato<\/em> es de tipo Sans serif human\u00edstica. Su trazo es uniforme, su \u00abg\u00bb es con cola cerrada y oreja y la altura de x es bastante grande. La direcci\u00f3n de los cortes de su trazo son perpendiculares y paralelos a la l\u00ednea de base.<\/p>\n\n\n\n<p>Por otro lado, <em>Questrian<\/em> es una display y solo posee may\u00fasculas por lo que no pudimos hacer un an\u00e1lisis 100% certero. Sin embargo tiene caracter\u00edsticas de Sans serif grotescas por su trazo levemente gradual y su ligera cuadratura en las curvas. Sus remates son, en su mayor parte, levemente oblicuos a la l\u00ednea de base.<\/p>\n\n\n\n<p>Para destacar aquellos datos que resultan m\u00e1s importantes, cuentan tambi\u00e9n con el recurso de combinar variables <em>bold<\/em> y <em>regular<\/em>. Adem\u00e1s de utilizar miscel\u00e1neas (&gt;), que dan cuenta de un clima digital. <\/p>\n\n\n\n<h5 class=\"wp-block-heading\">Relaci\u00f3n con imagenes<\/h5>\n\n\n\n<figure class=\"wp-block-image size-large\"><img loading=\"lazy\" decoding=\"async\" width=\"1024\" height=\"722\" src=\"https:\/\/www.catedracosgaya.com.ar\/tipoblog\/2020\/wp-content\/uploads\/2020\/11\/Toolkit-TEDIC_Formato-Impreso_pages-to-jpg-0002-1024x722.jpg\" alt=\"\" class=\"wp-image-2505\" srcset=\"https:\/\/www.catedracosgaya.com.ar\/tipoblog\/2020\/wp-content\/uploads\/2020\/11\/Toolkit-TEDIC_Formato-Impreso_pages-to-jpg-0002-1024x722.jpg 1024w, https:\/\/www.catedracosgaya.com.ar\/tipoblog\/2020\/wp-content\/uploads\/2020\/11\/Toolkit-TEDIC_Formato-Impreso_pages-to-jpg-0002-300x211.jpg 300w, https:\/\/www.catedracosgaya.com.ar\/tipoblog\/2020\/wp-content\/uploads\/2020\/11\/Toolkit-TEDIC_Formato-Impreso_pages-to-jpg-0002-768x541.jpg 768w, https:\/\/www.catedracosgaya.com.ar\/tipoblog\/2020\/wp-content\/uploads\/2020\/11\/Toolkit-TEDIC_Formato-Impreso_pages-to-jpg-0002-1536x1082.jpg 1536w, https:\/\/www.catedracosgaya.com.ar\/tipoblog\/2020\/wp-content\/uploads\/2020\/11\/Toolkit-TEDIC_Formato-Impreso_pages-to-jpg-0002-1200x846.jpg 1200w, https:\/\/www.catedracosgaya.com.ar\/tipoblog\/2020\/wp-content\/uploads\/2020\/11\/Toolkit-TEDIC_Formato-Impreso_pages-to-jpg-0002-1980x1395.jpg 1980w, https:\/\/www.catedracosgaya.com.ar\/tipoblog\/2020\/wp-content\/uploads\/2020\/11\/Toolkit-TEDIC_Formato-Impreso_pages-to-jpg-0002.jpg 1998w\" sizes=\"auto, (max-width: 1024px) 100vw, 1024px\" \/><figcaption>Fanzine <em><strong>\u00abToolkit de seguridad digital para acciones colectivas\u00bb<\/strong><\/em>, versi\u00f3n imprimible, TEDIC, 2019.<\/figcaption><\/figure>\n\n\n\n<p>La tipograf\u00eda no est\u00e1 funcionando sola, sino que est\u00e1 acompa\u00f1ada por grandes <strong>ilustraciones.<\/strong> Las mismas resultan bastante llamativas y se resuelven con la t\u00e9cnica de ilustraci\u00f3n digital. El conjunto de estos elementos ayuda al lector a comprender el mensaje de manera m\u00e1s r\u00e1pida y eficiente. El rol de la imagen es acompa\u00f1ar cada apartado (antes, durante y despu\u00e9s de la manifestaci\u00f3n) con representaciones de distintos escenarios relevantes para la explicaci\u00f3n de las acciones a tomar. Cumple adicionalmente una funci\u00f3n est\u00e9tica para que a la gente pueda llamarle la atenci\u00f3n esta pieza no solo por su contenido inform\u00e1tico\/funcional sino tambi\u00e9n por su atractivo visual.<\/p>\n\n\n\n<p>Consideramos que esta uni\u00f3n de elementos no es inocente, por el contrario, notamos una <strong>articulaci\u00f3n del universo ilustrativo con el tipogr\u00e1fico.<\/strong> La causante es nuevamente la tipograf\u00eda <em>Questrian<\/em>, la cual posee una caracter\u00edstica algo \u00abcaricaturezca\u00bb, con remates chanfleados y una l\u00ednea de base poco estable. Es utilizada para t\u00edtulos en un tama\u00f1o significativamente mayor a la tipograf\u00eda para lectura inmersiva, ya que tal vez su concentraci\u00f3n de negro har\u00eda que no funcione a menor escala. A su vez la proporci\u00f3n de negro se vincula con los trazos ilustrados. <\/p>\n\n\n\n<p>La familia <em>Lato<\/em> tambi\u00e9n se complementa muy bien tanto con las ilustraciones como con la tipograf\u00eda <em>Questrian<\/em>. Su selecci\u00f3n de variables aportan al juego de contraste constante en la pieza y es llamativa la composici\u00f3n \u201cce\u00f1ida\u201d del texto que se hace con la ilustraci\u00f3n que ocupa una una doble p\u00e1gina (o el formato poster en el fanzine impreso).<\/p>\n\n\n\n<h5 class=\"wp-block-heading\">Otras iniciativas de seguridad digital<\/h5>\n\n\n\n<figure class=\"wp-block-gallery columns-1 is-cropped wp-block-gallery-2 is-layout-flex wp-block-gallery-is-layout-flex\"><ul class=\"blocks-gallery-grid\"><li class=\"blocks-gallery-item\"><figure><img loading=\"lazy\" decoding=\"async\" width=\"707\" height=\"363\" src=\"https:\/\/www.catedracosgaya.com.ar\/tipoblog\/2020\/wp-content\/uploads\/2020\/11\/Fanzines-1024x768-800x600-2.jpg\" alt=\"\" data-id=\"2829\" data-full-url=\"https:\/\/www.catedracosgaya.com.ar\/tipoblog\/2020\/wp-content\/uploads\/2020\/11\/Fanzines-1024x768-800x600-2.jpg\" data-link=\"https:\/\/www.catedracosgaya.com.ar\/tipoblog\/2020\/?attachment_id=2829\" class=\"wp-image-2829\" srcset=\"https:\/\/www.catedracosgaya.com.ar\/tipoblog\/2020\/wp-content\/uploads\/2020\/11\/Fanzines-1024x768-800x600-2.jpg 707w, https:\/\/www.catedracosgaya.com.ar\/tipoblog\/2020\/wp-content\/uploads\/2020\/11\/Fanzines-1024x768-800x600-2-300x154.jpg 300w\" sizes=\"auto, (max-width: 707px) 100vw, 707px\" \/><\/figure><\/li><\/ul><figcaption class=\"blocks-gallery-caption\">Fanzines de <a href=\"https:\/\/cyborgfeminista.tedic.org\">\u00ab<strong><em>CyborgFeminista<\/em><\/strong>\u00bb<\/a>, TEDIC, 2019.<\/figcaption><\/figure>\n\n\n\n<p><strong><a href=\"https:\/\/cyborgfeminista.tedic.org\">CyborgFeministas<\/a><\/strong> es otro de los m\u00faltiples proyectos iniciados por TEDIC y tiene como objetivo entender y explorar el punto donde se cruzan <strong>el g\u00e9nero y las tecnolog\u00edas.<\/strong> Propone una continuaci\u00f3n de la serie de fanzines con tips e informaci\u00f3n para protegerse de distintas amenazas digitales.<\/p>\n<div class=\"remoji_bar\"><div class=\"remoji_add_container\" data-remoji-id=\"1300\" data-remoji-type=\"post\"><div class=\"remoji_add_icon\"><\/div><\/div><div class=\"remoji_error_bar\" data-remoji-id=\"1300\" data-remoji-type=\"post\" style=\"display: none;\">Error happened.<\/div><\/div>","protected":false},"excerpt":{"rendered":"<p>\u00bfQu\u00e9 ocurre con nuestros derechos cuando estamos en las redes? Partimos de la Asociaci\u00f3n TEDIC (Paraguay), que se encarga de concientizar a la poblaci\u00f3n en temas de ciberseguridad. Desarrolla tecnolog\u00eda c\u00edvica abierta y defiende los derechos digitales por una Cultura Libre en Internet. Encontramos dentro de sus propuestas, un fanzine que realizaron con motivo del [&hellip;]<\/p>\n","protected":false},"author":64,"featured_media":0,"comment_status":"open","ping_status":"closed","sticky":false,"template":"","format":"standard","meta":{"_acf_changed":false,"footnotes":""},"categories":[1],"tags":[99],"class_list":["post-1300","post","type-post","status-publish","format-standard","hentry","category-sin-categoria","tag-fanzine"],"acf":[],"_links":{"self":[{"href":"https:\/\/www.catedracosgaya.com.ar\/tipoblog\/2020\/wp-json\/wp\/v2\/posts\/1300","targetHints":{"allow":["GET"]}}],"collection":[{"href":"https:\/\/www.catedracosgaya.com.ar\/tipoblog\/2020\/wp-json\/wp\/v2\/posts"}],"about":[{"href":"https:\/\/www.catedracosgaya.com.ar\/tipoblog\/2020\/wp-json\/wp\/v2\/types\/post"}],"author":[{"embeddable":true,"href":"https:\/\/www.catedracosgaya.com.ar\/tipoblog\/2020\/wp-json\/wp\/v2\/users\/64"}],"replies":[{"embeddable":true,"href":"https:\/\/www.catedracosgaya.com.ar\/tipoblog\/2020\/wp-json\/wp\/v2\/comments?post=1300"}],"version-history":[{"count":3,"href":"https:\/\/www.catedracosgaya.com.ar\/tipoblog\/2020\/wp-json\/wp\/v2\/posts\/1300\/revisions"}],"predecessor-version":[{"id":2964,"href":"https:\/\/www.catedracosgaya.com.ar\/tipoblog\/2020\/wp-json\/wp\/v2\/posts\/1300\/revisions\/2964"}],"wp:attachment":[{"href":"https:\/\/www.catedracosgaya.com.ar\/tipoblog\/2020\/wp-json\/wp\/v2\/media?parent=1300"}],"wp:term":[{"taxonomy":"category","embeddable":true,"href":"https:\/\/www.catedracosgaya.com.ar\/tipoblog\/2020\/wp-json\/wp\/v2\/categories?post=1300"},{"taxonomy":"post_tag","embeddable":true,"href":"https:\/\/www.catedracosgaya.com.ar\/tipoblog\/2020\/wp-json\/wp\/v2\/tags?post=1300"}],"curies":[{"name":"wp","href":"https:\/\/api.w.org\/{rel}","templated":true}]}}