{"id":1100,"date":"2020-11-06T01:50:04","date_gmt":"2020-11-06T04:50:04","guid":{"rendered":"http:\/\/www.catedracosgaya.com.ar\/tipoblog\/2020\/?p=1100"},"modified":"2020-11-16T19:28:53","modified_gmt":"2020-11-16T22:28:53","slug":"bienvenidos-al-chiquero","status":"publish","type":"post","link":"https:\/\/www.catedracosgaya.com.ar\/tipoblog\/2020\/bienvenidos-al-chiquero\/","title":{"rendered":"BIENVENIDOS AL CHIQUERO"},"content":{"rendered":"\n<p class=\"has-large-font-size\"><em>Nosotras hemos elegido para analizar el afiche que est\u00e1 impreso en un espacio p\u00fablico y el mismo pertenece a una serie de afiches creados por el grupo de activistas Voicot en Buenos Aires, Argentina en el 2019. Ellos luchan por los derechos de los animales y sus fundadores son Malena Blanco y Federico Callegari.<\/em><\/p>\n\n\n\n<p>En estos momentos hay muchas actividades en contra del maltrato animal, esta campa\u00f1a apela a eso y a cuidar el medio ambiente. El mensaje de la pieza declara a la <strong>Argentina como el matadero del mundo<\/strong>, y quiere transmitir su oposici\u00f3n al acuerdo con China para crear mega granjas porcinas en nuestro pa\u00eds para el consumo chino. El pasar de criar 6 a criar 100 millones de cerdos no solo provocar\u00eda la matanza masiva constante de seres sintientes, sino que tambi\u00e9n implicar\u00eda la deforestaci\u00f3n y la ocupaci\u00f3n de grandes territorios verdes, lo que causar\u00eda un gran impacto negativo en la tierra, los bosques, los r\u00edos, el aire y las comunidades que los habitan. El mensaje de este afiche pretende ser una advertencia de lo que se va a convertir Argentina si no se frena el contrato lo antes posible.<\/p>\n\n\n\n<p>Voicot tiene una est\u00e9tica particular: la mayor\u00eda de sus afiches son rosados con tipograf\u00eda San serif y se los reconoce f\u00e1cilmente porque corresponden a carteles de protesta pol\u00edtica y social, en los que se quiere ser directo y claro con el mensaje a transmitir. Un buen ejemplo es la espacialidad que se utiliza en <em>\u201cno al acuerdo con china\u201d,<\/em> la cual enfatiza el sentido del texto ya que no usan la interletra; en comparaci\u00f3n con <em>\u201cArgentina\u201d <\/em>que s\u00ed. La palabra <em>\u201cArgentina\u201d <\/em>es una tipograf\u00eda dibujada a mano por Alberto Profilo, las dem\u00e1s tipograf\u00edas son de estilo palo seco, y el hashtag y el legal de abajo se hizo en clich\u00e9 montado. Tambi\u00e9n utilizan criterios de jerarquizaci\u00f3n y la variable bold para que lo primero que se lea sea <em>\u201cmatadero\u201d. <\/em>Es pertinente el uso del color a dos tintas ya que refleja la bandera de Argentina, buscando un sentimiento de conexi\u00f3n con el destinatario. Las tipograf\u00edas al ser talladas se modifican por el uso, entonces cada t\u00e9cnica de reproducci\u00f3n no va a ser la misma ya sea porque se expande la tinta o el simple hecho del desgaste del tipo m\u00f3vil. Lo bueno de este sistema es que al ser barato, tiene mucha m\u00e1s posibilidad de hacerlo masivo. Est\u00e1 dirigido a toda la sociedad, pero los destinatarios primarios son los j\u00f3venes, o sujetos que ya est\u00e1n dentro del activismo del medioambiente y\/o de los derechos de los animales.<\/p>\n\n\n\n<p>\u00c9sta movilizaci\u00f3n ayud\u00f3 a concientizar respecto a las granjas; tambi\u00e9n logr\u00f3 que se demore este acuerdo y que se incorpore un art\u00edculo donde <strong>\u201cse asegura el respeto de las leyes de protecci\u00f3n ambiental, los recursos naturales y la bioseguridad\u201d. <\/strong>Lamentablemente el 29 de Octubre se firm\u00f3 un convenio en Chaco con la empresa Feng Tian Food, de capitales chino-argentinos, para instalar tres mega granjas de cerdos en la provincia.<\/p>\n\n\n\n<div class=\"wp-block-group\"><div class=\"wp-block-group__inner-container is-layout-flow wp-block-group-is-layout-flow\">\n<figure class=\"wp-block-gallery columns-3 is-cropped wp-block-gallery-1 is-layout-flex wp-block-gallery-is-layout-flex\"><ul class=\"blocks-gallery-grid\"><li class=\"blocks-gallery-item\"><figure><img loading=\"lazy\" decoding=\"async\" width=\"768\" height=\"576\" src=\"https:\/\/www.catedracosgaya.com.ar\/tipoblog\/2020\/wp-content\/uploads\/2020\/11\/complemento4.jpeg\" alt=\"\" data-id=\"1175\" data-full-url=\"https:\/\/www.catedracosgaya.com.ar\/tipoblog\/2020\/wp-content\/uploads\/2020\/11\/complemento4.jpeg\" data-link=\"https:\/\/www.catedracosgaya.com.ar\/tipoblog\/2020\/?attachment_id=1175\" class=\"wp-image-1175\" srcset=\"https:\/\/www.catedracosgaya.com.ar\/tipoblog\/2020\/wp-content\/uploads\/2020\/11\/complemento4.jpeg 768w, https:\/\/www.catedracosgaya.com.ar\/tipoblog\/2020\/wp-content\/uploads\/2020\/11\/complemento4-300x225.jpeg 300w\" sizes=\"auto, (max-width: 768px) 100vw, 768px\" \/><\/figure><\/li><li class=\"blocks-gallery-item\"><figure><img loading=\"lazy\" decoding=\"async\" width=\"1024\" height=\"685\" src=\"https:\/\/www.catedracosgaya.com.ar\/tipoblog\/2020\/wp-content\/uploads\/2020\/11\/complemento3-1024x685.jpg\" alt=\"\" data-id=\"1176\" data-full-url=\"https:\/\/www.catedracosgaya.com.ar\/tipoblog\/2020\/wp-content\/uploads\/2020\/11\/complemento3.jpg\" data-link=\"https:\/\/www.catedracosgaya.com.ar\/tipoblog\/2020\/?attachment_id=1176\" class=\"wp-image-1176\" srcset=\"https:\/\/www.catedracosgaya.com.ar\/tipoblog\/2020\/wp-content\/uploads\/2020\/11\/complemento3-1024x685.jpg 1024w, https:\/\/www.catedracosgaya.com.ar\/tipoblog\/2020\/wp-content\/uploads\/2020\/11\/complemento3-300x201.jpg 300w, https:\/\/www.catedracosgaya.com.ar\/tipoblog\/2020\/wp-content\/uploads\/2020\/11\/complemento3-768x514.jpg 768w, https:\/\/www.catedracosgaya.com.ar\/tipoblog\/2020\/wp-content\/uploads\/2020\/11\/complemento3.jpg 1061w\" sizes=\"auto, (max-width: 1024px) 100vw, 1024px\" \/><\/figure><\/li><li class=\"blocks-gallery-item\"><figure><img loading=\"lazy\" decoding=\"async\" width=\"1024\" height=\"685\" src=\"https:\/\/www.catedracosgaya.com.ar\/tipoblog\/2020\/wp-content\/uploads\/2020\/11\/complemento2-1024x685.jpg\" alt=\"\" data-id=\"1177\" data-full-url=\"https:\/\/www.catedracosgaya.com.ar\/tipoblog\/2020\/wp-content\/uploads\/2020\/11\/complemento2.jpg\" data-link=\"https:\/\/www.catedracosgaya.com.ar\/tipoblog\/2020\/?attachment_id=1177\" class=\"wp-image-1177\" srcset=\"https:\/\/www.catedracosgaya.com.ar\/tipoblog\/2020\/wp-content\/uploads\/2020\/11\/complemento2-1024x685.jpg 1024w, https:\/\/www.catedracosgaya.com.ar\/tipoblog\/2020\/wp-content\/uploads\/2020\/11\/complemento2-300x201.jpg 300w, https:\/\/www.catedracosgaya.com.ar\/tipoblog\/2020\/wp-content\/uploads\/2020\/11\/complemento2-768x514.jpg 768w, https:\/\/www.catedracosgaya.com.ar\/tipoblog\/2020\/wp-content\/uploads\/2020\/11\/complemento2.jpg 1061w\" sizes=\"auto, (max-width: 1024px) 100vw, 1024px\" \/><\/figure><\/li><li class=\"blocks-gallery-item\"><figure><img loading=\"lazy\" decoding=\"async\" width=\"965\" height=\"710\" src=\"https:\/\/www.catedracosgaya.com.ar\/tipoblog\/2020\/wp-content\/uploads\/2020\/11\/complemento1-1.png\" alt=\"\" data-id=\"1178\" data-full-url=\"https:\/\/www.catedracosgaya.com.ar\/tipoblog\/2020\/wp-content\/uploads\/2020\/11\/complemento1-1.png\" data-link=\"https:\/\/www.catedracosgaya.com.ar\/tipoblog\/2020\/?attachment_id=1178\" class=\"wp-image-1178\" srcset=\"https:\/\/www.catedracosgaya.com.ar\/tipoblog\/2020\/wp-content\/uploads\/2020\/11\/complemento1-1.png 965w, https:\/\/www.catedracosgaya.com.ar\/tipoblog\/2020\/wp-content\/uploads\/2020\/11\/complemento1-1-300x221.png 300w, https:\/\/www.catedracosgaya.com.ar\/tipoblog\/2020\/wp-content\/uploads\/2020\/11\/complemento1-1-768x565.png 768w\" sizes=\"auto, (max-width: 965px) 100vw, 965px\" \/><\/figure><\/li><\/ul><\/figure>\n<\/div><\/div>\n\n\n\n<hr class=\"wp-block-separator is-style-default\" \/>\n\n\n\n<p><strong>FUENTES:<\/strong><\/p>\n\n\n\n<p class=\"has-small-font-size\"><a href=\"https:\/\/www.voicot.com\/\">https:\/\/www.voicot.com\/<\/a><br><a href=\"https:\/\/prensaobrera.com\/ambiente\/capitanich-pone-en-marcha-el-acuerdo-porcino-con-china\/\">https:\/\/prensaobrera.com\/ambiente\/capitanich-pone-en-marcha-el-acuerdo-porcino-con-china\/ <\/a><br><a href=\"https:\/\/www.infocampo.com.ar\/ganaderia-descartan-futuros-problemas-sanitarios-en-la-frontera-entre-misiones-y-brasil\/\">https:\/\/www.infocampo.com.ar\/ganaderia-descartan-futuros-problemas-sanitarios-en-la-frontera-entre-misiones-y-brasil\/<\/a><br><\/p>\n<div class=\"remoji_bar\"><div class=\"remoji_add_container\" data-remoji-id=\"1100\" data-remoji-type=\"post\"><div class=\"remoji_add_icon\"><\/div><\/div><div class=\"remoji_error_bar\" data-remoji-id=\"1100\" data-remoji-type=\"post\" style=\"display: none;\">Error happened.<\/div><\/div>","protected":false},"excerpt":{"rendered":"<p>Nosotras hemos elegido para analizar el afiche que est\u00e1 impreso en un espacio p\u00fablico y el mismo pertenece a una serie de afiches creados por el grupo de activistas Voicot en Buenos Aires, Argentina en el 2019. Ellos luchan por los derechos de los animales y sus fundadores son Malena Blanco y Federico Callegari. En [&hellip;]<\/p>\n","protected":false},"author":55,"featured_media":1117,"comment_status":"open","ping_status":"closed","sticky":false,"template":"","format":"standard","meta":{"_acf_changed":false,"footnotes":""},"categories":[1],"tags":[24],"class_list":["post-1100","post","type-post","status-publish","format-standard","has-post-thumbnail","hentry","category-sin-categoria","tag-afiche"],"acf":[],"_links":{"self":[{"href":"https:\/\/www.catedracosgaya.com.ar\/tipoblog\/2020\/wp-json\/wp\/v2\/posts\/1100","targetHints":{"allow":["GET"]}}],"collection":[{"href":"https:\/\/www.catedracosgaya.com.ar\/tipoblog\/2020\/wp-json\/wp\/v2\/posts"}],"about":[{"href":"https:\/\/www.catedracosgaya.com.ar\/tipoblog\/2020\/wp-json\/wp\/v2\/types\/post"}],"author":[{"embeddable":true,"href":"https:\/\/www.catedracosgaya.com.ar\/tipoblog\/2020\/wp-json\/wp\/v2\/users\/55"}],"replies":[{"embeddable":true,"href":"https:\/\/www.catedracosgaya.com.ar\/tipoblog\/2020\/wp-json\/wp\/v2\/comments?post=1100"}],"version-history":[{"count":3,"href":"https:\/\/www.catedracosgaya.com.ar\/tipoblog\/2020\/wp-json\/wp\/v2\/posts\/1100\/revisions"}],"predecessor-version":[{"id":1221,"href":"https:\/\/www.catedracosgaya.com.ar\/tipoblog\/2020\/wp-json\/wp\/v2\/posts\/1100\/revisions\/1221"}],"wp:featuredmedia":[{"embeddable":true,"href":"https:\/\/www.catedracosgaya.com.ar\/tipoblog\/2020\/wp-json\/wp\/v2\/media\/1117"}],"wp:attachment":[{"href":"https:\/\/www.catedracosgaya.com.ar\/tipoblog\/2020\/wp-json\/wp\/v2\/media?parent=1100"}],"wp:term":[{"taxonomy":"category","embeddable":true,"href":"https:\/\/www.catedracosgaya.com.ar\/tipoblog\/2020\/wp-json\/wp\/v2\/categories?post=1100"},{"taxonomy":"post_tag","embeddable":true,"href":"https:\/\/www.catedracosgaya.com.ar\/tipoblog\/2020\/wp-json\/wp\/v2\/tags?post=1100"}],"curies":[{"name":"wp","href":"https:\/\/api.w.org\/{rel}","templated":true}]}}