{"id":1095,"date":"2020-11-06T01:55:42","date_gmt":"2020-11-06T04:55:42","guid":{"rendered":"http:\/\/www.catedracosgaya.com.ar\/tipoblog\/2020\/?p=1095"},"modified":"2020-11-19T19:11:23","modified_gmt":"2020-11-19T22:11:23","slug":"el-no-es-mas-fuerte-cuando-lo-decimos-entre-todxs","status":"publish","type":"post","link":"https:\/\/www.catedracosgaya.com.ar\/tipoblog\/2020\/el-no-es-mas-fuerte-cuando-lo-decimos-entre-todxs\/","title":{"rendered":"El NO es m\u00e1s fuerte cuando lo decimos entre todxs"},"content":{"rendered":"\n<p class=\"has-drop-cap\">A veces con la elecci\u00f3n de una tipograf\u00eda correcta y una organizaci\u00f3n espacial que genere impacto se pueden transmitir muchas ideas. La pieza que se toma para el an\u00e1lisis forma parte de una campa\u00f1a para la v\u00eda p\u00fablica, llevada a cabo por <strong>Voicot<\/strong>, organizaci\u00f3n de difusi\u00f3n por la liberaci\u00f3n animal, humana y de la tierra. Tienen grupos por distintos pa\u00edses.\u00a0<\/p>\n\n\n\n<p>Esta fue realizada en 2020, en contra del acuerdo comercial entre Argentina y China para producir en nuestro pa\u00eds carne de cerdo de forma industrial. Su preocupaci\u00f3n sobre el tema gan\u00f3 visibilidad con el acuerdo, pero es una lucha que vienen promoviendo desde mucho antes.<\/p>\n\n\n\n<h4 class=\"wp-block-heading\"><strong>Caracter\u00edsticas de la tipograf\u00eda usada<\/strong><\/h4>\n\n\n\n<p>La univers, se puede clasificar dentro del grupo de familias <strong>Sans serif grotescas.<\/strong><\/p>\n\n\n\n<ul class=\"wp-block-list\"><li>Se puede observar una ligera cuadratura en las curvas.<\/li><li>El trazo de la tipograf\u00eda es uniforme.<\/li><li>Tiene una altura de x alta.<\/li><li>El mundo requer\u00eda una comunicaci\u00f3n globalmente comprensible y un supuesto lenguaje de formas neutras y sin peculiaridades regionales. La Univers era la letra que correspond\u00eda a ese lenguaje, el cual utiliza y le sirve a Voicot, para internacionalizar su mensaje.<\/li><\/ul>\n\n\n\n<h4 class=\"wp-block-heading\"><strong>An\u00e1lisis tipogr\u00e1fico y reflexi\u00f3n<\/strong><\/h4>\n\n\n\n<p>Se trata de un afiche donde la tipograf\u00eda se lleva el papel protag\u00f3nico. Se busca que esta sea clara, para facilitar la lectura as\u00ed como priorizar la importancia y la urgencia del mensaje, de ese \u00abNO\u00bb contra las f\u00e1bricas. Se puede observar que el criterio que prevalece en la elecci\u00f3n y combinaci\u00f3n de familias es funcional y la intervenci\u00f3n de la misma es m\u00ednima con tal de que prevalezca la legibilidad.<\/p>\n\n\n\n<p>La pieza presenta una<strong> <\/strong>postura ideol\u00f3gica marcada<strong>,<\/strong> es transmitir que no se realice el acuerdo y <strong>concientizar sobre el efecto negativo en la salud y el medioambiente.<\/strong> El partido gr\u00e1fico se evidencia en la contundencia del \u00abNO\u00bb que ocupa la mayor\u00eda del campo y deja claro la b\u00fasqueda del impacto y la pregnancia.\u00a0<\/p>\n\n\n\n<p>La tipograf\u00eda a trav\u00e9s de la composici\u00f3n y del cambio de escala evidencia el descontento, el desacuerdo y la impotencia. Otro recurso gr\u00e1fico que utiliza es el color del fondo, colores celeste y blanco de la bandera argentina para interpelar a\u00fan m\u00e1s al espectador.<\/p>\n\n\n\n<p>Est\u00e1 destinado a los ciudadanos argentinos y a los legisladores para que tomen conciencia y no acepten el acuerdo. Es por esta raz\u00f3n que el di\u00e1logo visual que se busca es chocante y que llame la atenci\u00f3n, para luego lograr generar un efecto de complicidad en el que se adhieran y acompa\u00f1en en la causa y sea m\u00e1s f\u00e1cil evitarla.&nbsp;<\/p>\n\n\n\n<p>Lo particular es que dejan que los interesados, puedan hacerse sus propios imprimibles e invitan a la acci\u00f3n desde cualquier medio\/soporte. Siendo este \u00faltimo el fin comunicacional principal de la pieza.<\/p>\n\n\n\n<h4 class=\"wp-block-heading\"><strong>Otros afiches<\/strong><\/h4>\n\n\n\n<p>En la misma campa\u00f1a se puede observar como el uso de la familia tipogr\u00e1fica es la misma, en varios casos, lo \u00fanico que var\u00eda es la forma de intervenirla, manipulando y deformando los anchos de los caracteres. O incluso con la variaci\u00f3n en el interletrado para generar contraste.<\/p>\n\n\n\n<figure class=\"wp-block-image size-large\"><img loading=\"lazy\" decoding=\"async\" width=\"426\" height=\"601\" src=\"https:\/\/www.catedracosgaya.com.ar\/tipoblog\/2020\/wp-content\/uploads\/2020\/11\/image-1-1.png\" alt=\"\" class=\"wp-image-1135\" srcset=\"https:\/\/www.catedracosgaya.com.ar\/tipoblog\/2020\/wp-content\/uploads\/2020\/11\/image-1-1.png 426w, https:\/\/www.catedracosgaya.com.ar\/tipoblog\/2020\/wp-content\/uploads\/2020\/11\/image-1-1-213x300.png 213w\" sizes=\"auto, (max-width: 426px) 100vw, 426px\" \/><\/figure>\n\n\n\n<figure class=\"wp-block-image size-large\"><img loading=\"lazy\" decoding=\"async\" width=\"602\" height=\"604\" src=\"https:\/\/www.catedracosgaya.com.ar\/tipoblog\/2020\/wp-content\/uploads\/2020\/11\/image-1-2.png\" alt=\"Afiche en la v\u00eda p\u00fablica de la campa\u00f1a contra la fabrica de cerdos en china. Voicot.\" class=\"wp-image-1136\" srcset=\"https:\/\/www.catedracosgaya.com.ar\/tipoblog\/2020\/wp-content\/uploads\/2020\/11\/image-1-2.png 602w, https:\/\/www.catedracosgaya.com.ar\/tipoblog\/2020\/wp-content\/uploads\/2020\/11\/image-1-2-300x300.png 300w, https:\/\/www.catedracosgaya.com.ar\/tipoblog\/2020\/wp-content\/uploads\/2020\/11\/image-1-2-150x150.png 150w\" sizes=\"auto, (max-width: 602px) 100vw, 602px\" \/><figcaption>Otros afiches de la campa\u00f1a en v\u00eda p\u00fablica de Voicot.<\/figcaption><\/figure>\n\n\n\n<h4 class=\"wp-block-heading\">Fuentes consultadas<\/h4>\n\n\n\n<p><a href=\"https:\/\/www.instagram.com\/voicot\/?hl=es-la\">Voicot (@voicot)<\/a>&nbsp;<\/p>\n\n\n\n<p><a href=\"https:\/\/www.voicot.com\/\">https:\/\/www.voicot.com\/<\/a><\/p>\n\n\n\n<p><a href=\"https:\/\/www.carbonetipografia.com.ar\/tipografia-y-estilo-internacional\/\">https:\/\/www.carbonetipografia.com.ar\/tipografia-y-estilo-internacional\/<\/a><\/p>\n<div class=\"remoji_bar\"><div class=\"remoji_add_container\" data-remoji-id=\"1095\" data-remoji-type=\"post\"><div class=\"remoji_add_icon\"><\/div><\/div><div class=\"remoji_error_bar\" data-remoji-id=\"1095\" data-remoji-type=\"post\" style=\"display: none;\">Error happened.<\/div><\/div>","protected":false},"excerpt":{"rendered":"<p>A veces con la elecci\u00f3n de una tipograf\u00eda correcta y una organizaci\u00f3n espacial que genere impacto se pueden transmitir muchas ideas. La pieza que se toma para el an\u00e1lisis forma parte de una campa\u00f1a para la v\u00eda p\u00fablica, llevada a cabo por Voicot, organizaci\u00f3n de difusi\u00f3n por la liberaci\u00f3n animal, humana y de la tierra. [&hellip;]<\/p>\n","protected":false},"author":54,"featured_media":1143,"comment_status":"open","ping_status":"closed","sticky":false,"template":"","format":"standard","meta":{"_acf_changed":false,"footnotes":""},"categories":[1],"tags":[24],"class_list":["post-1095","post","type-post","status-publish","format-standard","has-post-thumbnail","hentry","category-sin-categoria","tag-afiche"],"acf":[],"_links":{"self":[{"href":"https:\/\/www.catedracosgaya.com.ar\/tipoblog\/2020\/wp-json\/wp\/v2\/posts\/1095","targetHints":{"allow":["GET"]}}],"collection":[{"href":"https:\/\/www.catedracosgaya.com.ar\/tipoblog\/2020\/wp-json\/wp\/v2\/posts"}],"about":[{"href":"https:\/\/www.catedracosgaya.com.ar\/tipoblog\/2020\/wp-json\/wp\/v2\/types\/post"}],"author":[{"embeddable":true,"href":"https:\/\/www.catedracosgaya.com.ar\/tipoblog\/2020\/wp-json\/wp\/v2\/users\/54"}],"replies":[{"embeddable":true,"href":"https:\/\/www.catedracosgaya.com.ar\/tipoblog\/2020\/wp-json\/wp\/v2\/comments?post=1095"}],"version-history":[{"count":3,"href":"https:\/\/www.catedracosgaya.com.ar\/tipoblog\/2020\/wp-json\/wp\/v2\/posts\/1095\/revisions"}],"predecessor-version":[{"id":1229,"href":"https:\/\/www.catedracosgaya.com.ar\/tipoblog\/2020\/wp-json\/wp\/v2\/posts\/1095\/revisions\/1229"}],"wp:featuredmedia":[{"embeddable":true,"href":"https:\/\/www.catedracosgaya.com.ar\/tipoblog\/2020\/wp-json\/wp\/v2\/media\/1143"}],"wp:attachment":[{"href":"https:\/\/www.catedracosgaya.com.ar\/tipoblog\/2020\/wp-json\/wp\/v2\/media?parent=1095"}],"wp:term":[{"taxonomy":"category","embeddable":true,"href":"https:\/\/www.catedracosgaya.com.ar\/tipoblog\/2020\/wp-json\/wp\/v2\/categories?post=1095"},{"taxonomy":"post_tag","embeddable":true,"href":"https:\/\/www.catedracosgaya.com.ar\/tipoblog\/2020\/wp-json\/wp\/v2\/tags?post=1095"}],"curies":[{"name":"wp","href":"https:\/\/api.w.org\/{rel}","templated":true}]}}