{"id":1058,"date":"2020-11-06T02:19:46","date_gmt":"2020-11-06T05:19:46","guid":{"rendered":"http:\/\/www.catedracosgaya.com.ar\/tipoblog\/2020\/?p=1058"},"modified":"2020-11-17T20:46:37","modified_gmt":"2020-11-17T23:46:37","slug":"diversidad-y-respeto","status":"publish","type":"post","link":"https:\/\/www.catedracosgaya.com.ar\/tipoblog\/2020\/diversidad-y-respeto\/","title":{"rendered":"Diversidad y respeto"},"content":{"rendered":"\n<p>La campa\u00f1a No Soy Tu Chiste, fue creada por el escritor, ilustrador y activista Daniel Arzola el 23 de enero del a\u00f1o 2013 en respuesta a los numerosos actos de violencia contra la comunidad LGBTI en Venezuela y el mundo.<\/p>\n\n\n\n<figure class=\"wp-block-image size-large is-resized\"><img loading=\"lazy\" decoding=\"async\" src=\"https:\/\/www.catedracosgaya.com.ar\/tipoblog\/2020\/wp-content\/uploads\/2020\/11\/homofobia-666x1024.jpg\" alt=\"\" class=\"wp-image-1096\" width=\"793\" height=\"1218\" srcset=\"https:\/\/www.catedracosgaya.com.ar\/tipoblog\/2020\/wp-content\/uploads\/2020\/11\/homofobia-666x1024.jpg 666w, https:\/\/www.catedracosgaya.com.ar\/tipoblog\/2020\/wp-content\/uploads\/2020\/11\/homofobia-195x300.jpg 195w\" sizes=\"auto, (max-width: 793px) 100vw, 793px\" \/><\/figure>\n\n\n\n<p>La pieza lleva el t\u00edtulo \u201cLa homosexualidad no se aprende la homofobia si\u201d. La frase est\u00e1 escrita en una tipograf\u00eda sans serif geom\u00e9trica, utiliza un estilo repetitivo e hist\u00f3ricamente asociado a la manifestaci\u00f3n con caracteres condensados, f\u00e1cilmente legibles a grandes distancias, en donde las palabra \u201cHomofobia\u201d de mayor tama\u00f1o demarcan el primer nivel de lectura, luego en segundo nivel de lectura por tama\u00f1o la palabra \u201caprende\u201d, y como \u00faltimo nivel de lectura el resto de los signos que componen a la oraci\u00f3n. La paleta crom\u00e1tica en contraste tambi\u00e9n acent\u00faan dichos t\u00e9rminos, en este caso el color rojo sobre al fondo marr\u00f3n.<\/p>\n\n\n\n<p>En la parte media de la composici\u00f3n se puede observar la palabra \u201codio\u201d en color blanco, que hacen referencia a ondas de sonido que se van introduciendo en los oidos del ni\u00f1e, generando un malestar, o incomodidad, perturbando al personaje, generando desprecio, rabia, violencia; palabras que tipograficamente son plantadas en la cabeza, produciendo un destemple. De la misma manera HETE (odio en ingl\u00e9s) en la vestimenta de la figura, haciendo menci\u00f3n a c\u00f3mo las palabras nos atraviesan el cuerpo, y que tan bulnerables podemos ser frente a distintas aversiones.<\/p>\n\n\n\n<p>En la parte inferior de la pieza se distingue la agrupaci\u00f3n \u201cNo soy un chiste\u201d tambi\u00e9n en menor tama\u00f1o y ajustado a la caja de texto, el nombre del autor y el a\u00f1o de realizaci\u00f3n, compuestas con la misma familia tipogr\u00e1fica que el t\u00edtulo.<\/p>\n\n\n\n<p>Esta piezas entre otras han llegado a m\u00e1s de 30 pa\u00edses incluyendo a Rusia donde es compartida en portales web aunque esto sea penado por su ley.<\/p>\n\n\n\n<p>No Soy Tu Chiste se encuentra disponible en tres idiomas: castellano, ingl\u00e9s y portugu\u00e9s. La campa\u00f1a posee 50 afiches ilustrados que plantean temas como homofobia, bullying, matrimonio entre personas del mismo sexo. Uno de los motivos que inspiraron la iniciativa fue un crimen ocurrido contra un joven de 18 a\u00f1os que fue quemado vivo por ser homosexual en la comunidad de Maracay.<\/p>\n\n\n\n<p>La campa\u00f1a ha sido difundida en Facebook, Tumblr, Twitter, as\u00ed como tambi\u00e9n diversos medios de comunicaci\u00f3n en Latinoam\u00e9rica como la revista Estampas1 de Venezuela y Papel Literario2 del Diario El Nacional (Venezuela) adem\u00e1s del diario P\u00e1gina 12 de Argentina.3 Medios de comunicaci\u00f3n de Europa tambi\u00e9n han atendido la campa\u00f1a como la revista austriaca Vangardist Magazine.4 El 8 de octubre de 2013 la cantante estadounidense Madonna expres\u00f3 por medio de su cuenta en Twitter5 que amaba este proyecto.<\/p>\n\n\n\n<p>                                      <\/p>\n\n\n\n<p>En marzo de 2017 se inaugur\u00f3 en la ciudad de Buenos Aires, mediante la Ley 5778, la estaci\u00f3n de subte \u201cCarlos J\u00e1uregui\u201d, la primera del mundo en llevar el nombre de un militante de diversidad sexual y derechos humanos.<\/p>\n\n\n\n<p>Este espacio cuenta con la intervenci\u00f3n art\u00edstica de Daniel Arzola, cuya intenci\u00f3n es reflejar el recorrido hist\u00f3rico y avances en materia de derechos y legislaci\u00f3n. Adem\u00e1s, la estaci\u00f3n cuenta con informaci\u00f3n, videos y datos de inter\u00e9s sobre diversidad sexual en la Ciudad de Buenos Aires.<\/p>\n\n\n\n<p>A trav\u00e9s de esta propuesta de alto impacto visual, la estaci\u00f3n Carlos J\u00e1uregui se convierte en un punto de alta visibilidad del colectivo LGBTI, por el que circulan alrededor de 300.000 personas por d\u00eda, fomentando la inclusi\u00f3n y la buena convivencia, con el fin de alcanzar la igualdad real y construir una sociedad m\u00e1s igualitaria y libre de prejuicios.<\/p>\n\n\n\n<figure class=\"wp-block-image size-large\"><img loading=\"lazy\" decoding=\"async\" width=\"720\" height=\"720\" src=\"https:\/\/www.catedracosgaya.com.ar\/tipoblog\/2020\/wp-content\/uploads\/2020\/11\/17523039_1446979685332544_8992597120306531105_n.jpg\" alt=\"\" class=\"wp-image-1137\" srcset=\"https:\/\/www.catedracosgaya.com.ar\/tipoblog\/2020\/wp-content\/uploads\/2020\/11\/17523039_1446979685332544_8992597120306531105_n.jpg 720w, https:\/\/www.catedracosgaya.com.ar\/tipoblog\/2020\/wp-content\/uploads\/2020\/11\/17523039_1446979685332544_8992597120306531105_n-300x300.jpg 300w, https:\/\/www.catedracosgaya.com.ar\/tipoblog\/2020\/wp-content\/uploads\/2020\/11\/17523039_1446979685332544_8992597120306531105_n-150x150.jpg 150w\" sizes=\"auto, (max-width: 720px) 100vw, 720px\" \/><figcaption>Interior de la estaci\u00f3n <em>Carlos J\u00e1uregui.<\/em><\/figcaption><\/figure>\n\n\n\n<figure class=\"wp-block-image size-large\"><img loading=\"lazy\" decoding=\"async\" width=\"700\" height=\"466\" src=\"https:\/\/www.catedracosgaya.com.ar\/tipoblog\/2020\/wp-content\/uploads\/2020\/11\/1_bsRxIlGLl0Hc23DYsO8wgA.jpeg\" alt=\"\" class=\"wp-image-1140\" srcset=\"https:\/\/www.catedracosgaya.com.ar\/tipoblog\/2020\/wp-content\/uploads\/2020\/11\/1_bsRxIlGLl0Hc23DYsO8wgA.jpeg 700w, https:\/\/www.catedracosgaya.com.ar\/tipoblog\/2020\/wp-content\/uploads\/2020\/11\/1_bsRxIlGLl0Hc23DYsO8wgA-300x200.jpeg 300w\" sizes=\"auto, (max-width: 700px) 100vw, 700px\" \/><figcaption>Composici\u00f3n del mural que se encuentra en la entrada de la estaci\u00f3n Santa Fe \u2014 <em>Carlos<\/em> <em>J\u00e1uregui<\/em>. (<strong>Daniel Arzola<\/strong>. Todos los derechos reservados).&nbsp;<br><\/figcaption><\/figure>\n\n\n\n<p>Siguiendo los mismos pasos, este a\u00f1o&nbsp;Daniel fue convocado por Netflix, para crear un Mural conmemorativo para el d\u00eda de las madres, con dos personajes de su serie \u201cLa casa de las flores\u201d, serie que tiene gran contenido y apoyo a la comunidad LGBTI+,&nbsp;la obra se encuentra en la Avenida Cabildo 2279&nbsp;de la ciudad de Buenos Aires y permanecer\u00e1 all\u00ed durante un mes. El proyecto lanzado por la plataforma de&nbsp;streaming&nbsp;re\u00fane a diferentes artistas que representaron a madres de shows de Netflix y cuyas obras se encuentran en Buenos Aires.&nbsp;<\/p>\n\n\n\n<figure class=\"wp-block-image size-large\"><img loading=\"lazy\" decoding=\"async\" width=\"562\" height=\"597\" src=\"https:\/\/www.catedracosgaya.com.ar\/tipoblog\/2020\/wp-content\/uploads\/2020\/11\/la-casa-de-las-flores.png\" alt=\"\" class=\"wp-image-1144\" srcset=\"https:\/\/www.catedracosgaya.com.ar\/tipoblog\/2020\/wp-content\/uploads\/2020\/11\/la-casa-de-las-flores.png 562w, https:\/\/www.catedracosgaya.com.ar\/tipoblog\/2020\/wp-content\/uploads\/2020\/11\/la-casa-de-las-flores-282x300.png 282w\" sizes=\"auto, (max-width: 562px) 100vw, 562px\" \/><\/figure>\n\n\n\n<p><\/p>\n\n\n\n<p>Tuvimos&nbsp;el privilegio de poder ponernos en contacto con Daniel y esto le preguntamos:&nbsp;<\/p>\n\n\n\n<p><strong>1. \u00bfC\u00f3mo surgi\u00f3 el proyecto &#8220;No soy tu chiste&#8221;?<\/strong>&nbsp;<\/p>\n\n\n\n<p>_La idea surgi\u00f3 de la necesidad de crear contenido que fuese educativo&nbsp;y accesible, que adem\u00e1s abriera un debate sobre la existencia de&nbsp;personas LGBTQ+ en Venezuela. La ejecuci\u00f3n del proyecto se dio&nbsp;cursando mi \u00faltimo a\u00f1o en la escuela de arte Rafael Monasterios en&nbsp;Maracay. Mi proyecto fue crear una campa\u00f1a gr\u00e1fica usando mi propia&nbsp;obra y experiencia de vida, el resultado fue &#8220;No Soy Tu Chiste&#8221;.&nbsp;<br>&nbsp;<br><strong>2. \u00bfQu\u00e9 importancia le das a las letras y la tipograf\u00eda, a la hora de<\/strong>&nbsp;<br><strong>componer y dise\u00f1ar?<\/strong>&nbsp;<\/p>\n\n\n\n<p>_Admiro mucho la capacidad de quienes dise\u00f1an tipograf\u00edas. Realmente es&nbsp;la parte que menos disfruto, siento que no soy muy bueno diagramando&nbsp;textos. En el caso de &#8220;No Soy Tu Chiste&#8221; la influencia fue el&nbsp;activismo, hacerlo de forma cruda y directa. Creo que la importancia a&nbsp;la hora de comunicar con textos por m\u00e1s b\u00e1sico que suene es que el&nbsp;texto sea legible, que sea lea f\u00e1cil.&nbsp;<br>&nbsp;<br><strong>3. Estamos de acuerdo que&nbsp;ten\u00e9s&nbsp;un estilo \u00fanico y brillante, \u00bf<\/strong>E<strong>ste uso<\/strong>&nbsp;<strong>de m\u00faltiples colores saturados y diversidad de texturas lleva el<\/strong>&nbsp;<strong>mensaje &#8220;oculto&#8221; de que la diversidad enriquece?<\/strong>&nbsp;<\/p>\n\n\n\n<p>_\u00a1Muchas gracias! Creo que he entendido m\u00e1s sobre mi trabajo gracias a&nbsp;la interacci\u00f3n que se produce con la gente. Es algo que he podido&nbsp;apreciar gracias a la respuesta de las personas, porque puedes querer&nbsp;comunicar algo, pero la gente puede entender otra cosa. Cuando retrato&nbsp;a un personaje quiero que est\u00e9 compuesto por capas, por varios colores&nbsp;y texturas, porque creo que as\u00ed somos, estamos compuestos por muchas&nbsp;dimensiones que terminan formando lo que somos.&nbsp;<br>&nbsp;<br><strong>4. \u00bfTen\u00e9s alguna familia tipogr\u00e1fica favorita?<\/strong>&nbsp;<\/p>\n\n\n\n<p>_No tengo ninguna favorita, creo que depende de la ocasi\u00f3n, pero con&nbsp;una tipograf\u00eda palo seco puedes decirlo todo.&nbsp;<br>&nbsp;<br><strong>5. \u00bfCre\u00e9s que hubo un cambio social o pol\u00edtico despu\u00e9s del accionar de<\/strong>&nbsp;<strong>esta campa\u00f1a?<\/strong>&nbsp;<\/p>\n\n\n\n<p>_Puedo decir que hubo un cambio, mi vida cambi\u00f3 por completo, porque&nbsp;pude escapar de una sociedad que intentaba borrarme, pero esa realidad&nbsp;se sigue viviendo en Venezuela y en muchos lugares del mundo. Lo que&nbsp;un artista puede cambiar en la sociedad, es dejar un trabajo que&nbsp;trascienda su propia historia y su propia vida, dejar evidencia de lo&nbsp;que vivimos en lo que creamos. Hoy existe gente respondiendo con mi&nbsp;trabajo al humor usado como formato de violencia y esa fue la&nbsp;finalidad con la que fue creado.&nbsp;<br>&nbsp;<br><strong>6. \u00bfCu\u00e1l ha sido tu mayor desaf\u00edo?<\/strong>&nbsp;<\/p>\n\n\n\n<p>_Sobrevivir siendo&nbsp;queer&nbsp;y pobre en una sociedad que se volv\u00eda poco a&nbsp;poco una dictadura militar. Lograr escapar de un pa\u00eds en llamas donde&nbsp;un plato de comida se ha vuelto un lujo. Aprender a vivir sin un lugar&nbsp;al que no puedes volver.&nbsp;<br>&nbsp;<br><strong>7. \u00bfQu\u00e9 te interesar\u00eda que ocurriera con nosotros (la comunidad LGBT+)<\/strong>&nbsp;<strong>y que no haya ocurrido a\u00fan?<\/strong>&nbsp;<\/p>\n\n\n\n<p>_En este momento en el mundo hay m\u00e1s pa\u00edses que condenan la sexualidad&nbsp;y el g\u00e9nero de las personas que&nbsp;pa\u00edses&nbsp;donde sea legal existir m\u00e1s&nbsp;all\u00e1 de la heterosexualidad impuesta. Deseo que nadie tenga que ser&nbsp;despedido de su trabajo por su sexualidad, que nadie tenga que ir a&nbsp;prisi\u00f3n, morir colgado o recibir latigazos porque es gay o lesbiana, que una persona trans pueda tener derecho al respeto y reconocimiento&nbsp;<br>de su identidad.&nbsp;<br>&nbsp;<br><strong>8. Para terminar, \u00bfnos podr\u00eda revelar que tipograf\u00edas uso para marcar este excelente proyecto?<\/strong>&nbsp;<\/p>\n\n\n\n<p>_Como &#8220;No Soy Tu Chiste&#8221; se trat\u00f3 de un proyecto acad\u00e9mico intervine&nbsp;una tipograf\u00eda de libre uso que no conten\u00eda caracteres especiales y se&nbsp;los agregu\u00e9. Se trata de la tipograf\u00eda&nbsp;Manteka.&nbsp;<\/p>\n\n\n\n<p><\/p>\n\n\n\n<p>________________<\/p>\n\n\n\n<p><\/p>\n\n\n\n<p class=\"has-secondary-color has-text-color has-small-font-size\"><strong><em>Referencias<\/em><\/strong>:<\/p>\n\n\n\n<p class=\"has-secondary-color has-text-color has-small-font-size\">arzolad.blogspot.com<\/p>\n\n\n\n<p class=\"has-secondary-color has-text-color has-small-font-size\">buenosaires.gob.ar &gt; estacion-carlos-jauregui<\/p>\n\n\n\n<p class=\"has-secondary-color has-text-color has-small-font-size\">medium.com\/@maridaraujop<\/p>\n\n\n\n<p class=\"has-secondary-color has-text-color has-small-font-size\">instagram.com\/arzola_d<a href=\"https:\/\/www.google.com\/search?sxsrf=ALeKk03DeVKORM3ImhVFAYhKGz5KDiVIMA%3A1604636626576&amp;ei=0s-kX97aItik5OUP2cuSoA0&amp;q=estacion+de+subte+diversidad&amp;oq=estacion+&amp;gs_lcp=CgZwc3ktYWIQARgAMgQIIxAnMgIIADIICAAQsQMQgwEyBQgAELEDMgUILhCxAzIFCC4QsQMyAggAMgUIABCxAzIFCC4QsQMyCAgAELEDEIMBOgQIABBHOgQIABBDOgQILhBDOgIILjoICC4QsQMQgwE6CgguELEDEIMBEEM6BwgAELEDEENQw_4PWOuHEGCilRBoAHAEeACAAV6IAYwGkgEBOZgBAKABAaoBB2d3cy13aXrIAQTAAQE&amp;sclient=psy-ab#\"><\/a><\/p>\n\n\n\n<p><\/p>\n<div class=\"remoji_bar\"><div class=\"remoji_add_container\" data-remoji-id=\"1058\" data-remoji-type=\"post\"><div class=\"remoji_add_icon\"><\/div><\/div><div class=\"remoji_error_bar\" data-remoji-id=\"1058\" data-remoji-type=\"post\" style=\"display: none;\">Error happened.<\/div><\/div>","protected":false},"excerpt":{"rendered":"<p>La campa\u00f1a No Soy Tu Chiste, fue creada por el escritor, ilustrador y activista Daniel Arzola el 23 de enero del a\u00f1o 2013 en respuesta a los numerosos actos de violencia contra la comunidad LGBTI en Venezuela y el mundo. La pieza lleva el t\u00edtulo \u201cLa homosexualidad no se aprende la homofobia si\u201d. La frase [&hellip;]<\/p>\n","protected":false},"author":52,"featured_media":1165,"comment_status":"open","ping_status":"closed","sticky":false,"template":"","format":"standard","meta":{"_acf_changed":false,"footnotes":""},"categories":[1],"tags":[24,25,28,27,53,50],"class_list":["post-1058","post","type-post","status-publish","format-standard","has-post-thumbnail","hentry","category-sin-categoria","tag-afiche","tag-cartel","tag-flyer","tag-mural","tag-pieza-informal-para-redes","tag-post-de-instagram"],"acf":[],"_links":{"self":[{"href":"https:\/\/www.catedracosgaya.com.ar\/tipoblog\/2020\/wp-json\/wp\/v2\/posts\/1058","targetHints":{"allow":["GET"]}}],"collection":[{"href":"https:\/\/www.catedracosgaya.com.ar\/tipoblog\/2020\/wp-json\/wp\/v2\/posts"}],"about":[{"href":"https:\/\/www.catedracosgaya.com.ar\/tipoblog\/2020\/wp-json\/wp\/v2\/types\/post"}],"author":[{"embeddable":true,"href":"https:\/\/www.catedracosgaya.com.ar\/tipoblog\/2020\/wp-json\/wp\/v2\/users\/52"}],"replies":[{"embeddable":true,"href":"https:\/\/www.catedracosgaya.com.ar\/tipoblog\/2020\/wp-json\/wp\/v2\/comments?post=1058"}],"version-history":[{"count":3,"href":"https:\/\/www.catedracosgaya.com.ar\/tipoblog\/2020\/wp-json\/wp\/v2\/posts\/1058\/revisions"}],"predecessor-version":[{"id":3183,"href":"https:\/\/www.catedracosgaya.com.ar\/tipoblog\/2020\/wp-json\/wp\/v2\/posts\/1058\/revisions\/3183"}],"wp:featuredmedia":[{"embeddable":true,"href":"https:\/\/www.catedracosgaya.com.ar\/tipoblog\/2020\/wp-json\/wp\/v2\/media\/1165"}],"wp:attachment":[{"href":"https:\/\/www.catedracosgaya.com.ar\/tipoblog\/2020\/wp-json\/wp\/v2\/media?parent=1058"}],"wp:term":[{"taxonomy":"category","embeddable":true,"href":"https:\/\/www.catedracosgaya.com.ar\/tipoblog\/2020\/wp-json\/wp\/v2\/categories?post=1058"},{"taxonomy":"post_tag","embeddable":true,"href":"https:\/\/www.catedracosgaya.com.ar\/tipoblog\/2020\/wp-json\/wp\/v2\/tags?post=1058"}],"curies":[{"name":"wp","href":"https:\/\/api.w.org\/{rel}","templated":true}]}}