{"id":8034,"date":"2019-09-09T23:46:19","date_gmt":"2019-09-10T02:46:19","guid":{"rendered":"https:\/\/www.catedracosgaya.com.ar\/tipoblog\/2019\/?p=8034"},"modified":"2019-09-09T23:46:25","modified_gmt":"2019-09-10T02:46:25","slug":"tension-mata-diseno","status":"publish","type":"post","link":"https:\/\/www.catedracosgaya.com.ar\/tipoblog\/2019\/tension-mata-diseno\/","title":{"rendered":"\u00bfTensi\u00f3n mata dise\u00f1o?"},"content":{"rendered":"\n<p><strong>Recuerdo una ense\u00f1anza en una clase de m\u00fasica, \u201ctensi\u00f3n mata sonido\u201d, la cual indicaba como el estr\u00e9s y tensiones pueden alterar el sonido. Tomando esta premisa analizo si la tensi\u00f3n afecta al desarrollo de un proceso creativo en el dise\u00f1o gr\u00e1fico.<\/strong><\/p>\n\n\n\n<p>Entonces surge la pregunta de esta publicaci\u00f3n, \u00bftensi\u00f3n mata dise\u00f1o?, En una primera instancia, de un pensamiento preestablecido surge la idea de que la tensi\u00f3n en cierta medida puede ser un condicionante, o tal vez algo negativo en el desarrollo del dise\u00f1o, no obstante esto siempre esta vinculado a la persona que afronta un desaf\u00edo, y siempre determinado por m\u00faltiples variables. Cada individuo es \u00fanico, pero comparte ciertas caracter\u00edsticas comunes con otros, en cuanto al desarrollo de su creatividad (imaginar, dibujar, leer, etc.).<br><\/p>\n\n\n\n<p>Existe el termino Tensi\u00f3n creativa, la cual consiste en la diferencia entre lo que deseamos hacer y la realidad actual, siempre bajo la premisa de conceptos o ideas que producen soluciones originales. La relaci\u00f3n que existe en el estr\u00e9s y la creatividad puede ser productiva, en un proyecto de entrega, regulando peque\u00f1as dosis de estr\u00e9s puede motivar al desarrollo de la misma, siempre manteniendo un objetivo fijo, que nos servir\u00e1 como punto de referencia para tomar decisiones concretas.<\/p>\n\n\n\n<p>Se podr\u00eda decir que inconscientemente una persona elige estar en situaciones de tensi\u00f3n, si nos abstraemos, e imaginamos que el proyecto es un punto de llegada, elegir\u00edamos transitar un camino, en el cual se generan nuevos conceptos, ideas y asociaciones, entre lo conocido y desconocido, es un cambio en el cual lo importante es la actitud, y la finalizaci\u00f3n del mismo.<br>Es un cambio, que implica atravesar experiencias para obtener el proceso de aprendizaje.<br> <\/p>\n\n\n\n<p><strong>\u201dEsta tensi\u00f3n que sentimos, y que re definimos como la energ\u00eda que nos impulsa fuera de la zona de comodidad hacia una zona desconocida para lograr hacer realidad la visi\u00f3n, se llama tensi\u00f3n creativa\u201d,<\/strong> Peter Senge.<\/p>\n\n\n\n<p>En conclusi\u00f3n, se puede determinar que la tensi\u00f3n act\u00faa como un potenciador, las situaciones limites puede hacer que las acciones y toma de decisiones sean mas claras y r\u00e1pidas. Es un recurso favorable para la creaci\u00f3n, aunque es preferible no siempre estar bajo esa condicionante.<\/p>\n\n\n\n<p><\/p>\n\n\n\n<p>https:\/\/www.sonria.com\/glossary\/tension-creativa\/<br>https:\/\/talentosostenible.acciona.com\/5-disciplinas-peter-senge\/<br>https:\/\/blog.hubspot.es\/marketing\/relacion-estres-creatividad<\/p>\n","protected":false},"excerpt":{"rendered":"<p>Recuerdo una ense\u00f1anza en una clase de m\u00fasica, \u201ctensi\u00f3n mata sonido\u201d, la cual indicaba como el estr\u00e9s y tensiones pueden alterar el sonido. Tomando esta premisa analizo si la tensi\u00f3n afecta al desarrollo de un proceso creativo en el dise\u00f1o gr\u00e1fico. Entonces surge la pregunta de esta publicaci\u00f3n, \u00bftensi\u00f3n mata dise\u00f1o?, En una primera instancia, [&hellip;]<\/p>\n","protected":false},"author":244,"featured_media":0,"comment_status":"closed","ping_status":"closed","sticky":false,"template":"","format":"standard","meta":{"jetpack_post_was_ever_published":false,"_jetpack_newsletter_access":"","_jetpack_dont_email_post_to_subs":false,"_jetpack_newsletter_tier_id":0,"_jetpack_memberships_contains_paywalled_content":false,"_jetpack_memberships_contains_paid_content":false,"footnotes":"","jetpack_publicize_message":"\u00bfTensi\u00f3n mata dise\u00f1o?  #\u200eTipoblog #Tipograf&iacute;a2 #C&aacute;tedraCosgaya #\u200eFADU #\u200eUBA","jetpack_publicize_feature_enabled":true,"jetpack_social_post_already_shared":true,"jetpack_social_options":{"image_generator_settings":{"template":"highway","default_image_id":0,"font":"","enabled":false},"version":2}},"categories":[26,27,33],"tags":[],"class_list":["post-8034","post","type-post","status-publish","format-standard","hentry","category-cultura","category-educacion","category-sociedad"],"jetpack_publicize_connections":[],"jetpack_featured_media_url":"","jetpack_sharing_enabled":true,"jetpack_shortlink":"https:\/\/wp.me\/paXRK8-25A","jetpack_likes_enabled":true,"_links":{"self":[{"href":"https:\/\/www.catedracosgaya.com.ar\/tipoblog\/2019\/wp-json\/wp\/v2\/posts\/8034","targetHints":{"allow":["GET"]}}],"collection":[{"href":"https:\/\/www.catedracosgaya.com.ar\/tipoblog\/2019\/wp-json\/wp\/v2\/posts"}],"about":[{"href":"https:\/\/www.catedracosgaya.com.ar\/tipoblog\/2019\/wp-json\/wp\/v2\/types\/post"}],"author":[{"embeddable":true,"href":"https:\/\/www.catedracosgaya.com.ar\/tipoblog\/2019\/wp-json\/wp\/v2\/users\/244"}],"replies":[{"embeddable":true,"href":"https:\/\/www.catedracosgaya.com.ar\/tipoblog\/2019\/wp-json\/wp\/v2\/comments?post=8034"}],"version-history":[{"count":2,"href":"https:\/\/www.catedracosgaya.com.ar\/tipoblog\/2019\/wp-json\/wp\/v2\/posts\/8034\/revisions"}],"predecessor-version":[{"id":8036,"href":"https:\/\/www.catedracosgaya.com.ar\/tipoblog\/2019\/wp-json\/wp\/v2\/posts\/8034\/revisions\/8036"}],"wp:attachment":[{"href":"https:\/\/www.catedracosgaya.com.ar\/tipoblog\/2019\/wp-json\/wp\/v2\/media?parent=8034"}],"wp:term":[{"taxonomy":"category","embeddable":true,"href":"https:\/\/www.catedracosgaya.com.ar\/tipoblog\/2019\/wp-json\/wp\/v2\/categories?post=8034"},{"taxonomy":"post_tag","embeddable":true,"href":"https:\/\/www.catedracosgaya.com.ar\/tipoblog\/2019\/wp-json\/wp\/v2\/tags?post=8034"}],"curies":[{"name":"wp","href":"https:\/\/api.w.org\/{rel}","templated":true}]}}