{"id":7715,"date":"2019-07-01T15:33:26","date_gmt":"2019-07-01T18:33:26","guid":{"rendered":"https:\/\/www.catedracosgaya.com.ar\/tipoblog\/2019\/?p=7715"},"modified":"2019-07-01T15:33:32","modified_gmt":"2019-07-01T18:33:32","slug":"tipografia-colectiva-la-filosofia-del-codigo-abierto","status":"publish","type":"post","link":"https:\/\/www.catedracosgaya.com.ar\/tipoblog\/2019\/tipografia-colectiva-la-filosofia-del-codigo-abierto\/","title":{"rendered":"Tipograf\u00eda colectiva, la filosof\u00eda del c\u00f3digo abierto."},"content":{"rendered":"\n<p>Es as\u00ed, la filosof\u00eda del c\u00f3digo abierto aplicada en el mundo tipogr\u00e1fico. Collletttivo\u00a0es el nombre de una fundici\u00f3n digital de tipograf\u00edas libres, basada en la filosof\u00eda de c\u00f3digo abierto, donde los dise\u00f1os pueden ser modificados online por otros. <\/p>\n\n\n\n<figure class=\"wp-block-image\"><img data-recalc-dims=\"1\" decoding=\"async\" src=\"https:\/\/i0.wp.com\/graffica.info\/wp-content\/uploads\/2019\/05\/00-collletttivo.jpg?w=640&#038;ssl=1\" alt=\"Collletttivo, la fundici\u00c3\u00b3n que promueve la filosof\u00c3\u00ada c\u00c3\u00b3digo abierto aplicada a la tipograf\u00c3\u00ada\" \/><\/figure>\n\n\n\n<p>Con base en Italia,\u00a0Collletttivo\u00a0comenz\u00f3 en 2017 como un proyecto en el que unos cuantos tip\u00f3grafos pon\u00edan su portfolio tipogr\u00e1fico\u00a0<em>online<\/em>\u00a0para que los miembros del grupo pudieran compartir sus experimentos de dise\u00f1o. Desde entonces, el grupo se ha condensado en un colectivo peque\u00f1o, pero muy activo.  <\/p>\n\n\n\n<p><strong>\u00bfPor qu\u00e9 la idea del c\u00f3digo abierto?<\/strong><br>La respuesta es sencilla, compartir tipograf\u00edas sin intenciones comerciales. Su objetivo es crear un grupo extenso y abierto de aficionados a la tipograf\u00eda en el que todos los miembros puedan aprender y mejorar a trav\u00e9s de la pr\u00e1ctica y el intercambio mutuo. Su filosof\u00eda obedece antes a fines m\u00e1s colaborativos y experimentales, que a un prop\u00f3sito comercial.\u00a0<\/p>\n\n\n\n<figure class=\"wp-block-image\"><img data-recalc-dims=\"1\" decoding=\"async\" src=\"https:\/\/i0.wp.com\/www.frizzifrizzi.it\/wp-content\/uploads\/2019\/02\/collletttivo_mattone_0.jpg?w=640&#038;ssl=1\" alt=\"\" \/><\/figure>\n\n\n\n<p>El nombre en s\u00ed se basa en el significado principal del grupo. El t\u00e9rmino Collletttivo es un juego de palabras que deriva de la palabra \u2018colectivo\u2019. La introducci\u00f3n de las \u2018l\u2019 y la \u2018t\u2019 adicionales obedecen a un juego de palabras que hace referencia al t\u00e9rmino italiano que denomina tipograf\u00eda abierta:<br>COL (L) LET (T) TIVO: COLECTIVO (L) IBERA (T) HIPOGRAF\u00cdA.  <br>\u2018libera tipografia\u2019.<\/p>\n\n\n\n<figure class=\"wp-block-image\"><img data-recalc-dims=\"1\" height=\"640\" width=\"640\" decoding=\"async\" src=\"https:\/\/i0.wp.com\/graffica.info\/wp-content\/uploads\/2019\/05\/04-collletttivo-1024x1024.jpg?resize=640%2C640&#038;ssl=1\" alt=\"Collletttivo, la fundici\u00c3\u00b3n que promueve la filosof\u00c3\u00ada c\u00c3\u00b3digo abierto aplicada a la tipograf\u00c3\u00ada\" \/><\/figure>\n\n\n\n<p>Actualmente, Collletttivo est\u00e1 formado por siete creativos con sede en Mil\u00e1n que trabajan en diferentes proyectos, imparten talleres y charlas. Tambi\u00e9n cabe mencionar la presencia de otros dise\u00f1adores que han publicado sus tipograf\u00edas en el sitio web y que est\u00e1n disponibles para descargar de forma gratuita. <\/p>\n\n\n\n<p>Mesaapia, Ortica, Halibut, Mattone, Porpora o Ribes son los nombres de algunas de las fuentes dise\u00f1adas por los miembros del grupo y que se pueden ver, descargar y consultar online en su p\u00e1gina web\u00a0collletttivo.it.<br><br><br><br><br> <br><\/p>\n\n\n\n<p>Links relacionados: <br><br><a href=\"https:\/\/www.frizzifrizzi.it\/2019\/02\/22\/collletttivo-una-giovane-type-foundry-che-distribuisce-gratuitamente-font\/\">https:\/\/www.frizzifrizzi.it\/2019\/02\/22\/collletttivo-una-giovane-type-foundry-che-distribuisce-gratuitamente-font\/<\/a> <br><br><a href=\"https:\/\/graffica.info\/collletttivo-la-fundicion-que-promueve-la-filosofia-codigo-abierto-aplicada-a-la-tipografia\/\">https:\/\/graffica.info\/collletttivo-la-fundicion-que-promueve-la-filosofia-codigo-abierto-aplicada-a-la-tipografia\/<\/a> <br><br> <a href=\"https:\/\/www.instagram.com\/collletttivo\/\">https:\/\/www.instagram.com\/collletttivo\/<\/a> <br><br><a rel=\"noreferrer noopener\" href=\"https:\/\/www.collletttivo.it\/\" target=\"_blank\">collletttivo.it<\/a><\/p>\n\n\n\n<p><\/p>\n","protected":false},"excerpt":{"rendered":"<p>Es as\u00ed, la filosof\u00eda del c\u00f3digo abierto aplicada en el mundo tipogr\u00e1fico. Collletttivo\u00a0es el nombre de una fundici\u00f3n digital de tipograf\u00edas libres, basada en la filosof\u00eda de c\u00f3digo abierto, donde los dise\u00f1os pueden ser modificados online por otros. Con base en Italia,\u00a0Collletttivo\u00a0comenz\u00f3 en 2017 como un proyecto en el que unos cuantos tip\u00f3grafos pon\u00edan su [&hellip;]<\/p>\n","protected":false},"author":234,"featured_media":0,"comment_status":"closed","ping_status":"closed","sticky":false,"template":"","format":"standard","meta":{"jetpack_post_was_ever_published":false,"_jetpack_newsletter_access":"","_jetpack_dont_email_post_to_subs":false,"_jetpack_newsletter_tier_id":0,"_jetpack_memberships_contains_paywalled_content":false,"_jetpack_memberships_contains_paid_content":false,"footnotes":"","jetpack_publicize_message":"Tipograf\u00eda colectiva, la filosof\u00eda del c\u00f3digo abierto.  #\u200eTipoblog #Tipograf&iacute;a2 #C&aacute;tedraCosgaya #\u200eFADU #\u200eUBA","jetpack_publicize_feature_enabled":true,"jetpack_social_post_already_shared":true,"jetpack_social_options":{"image_generator_settings":{"template":"highway","default_image_id":0,"font":"","enabled":false},"version":2}},"categories":[26,27],"tags":[122,121],"class_list":["post-7715","post","type-post","status-publish","format-standard","hentry","category-cultura","category-educacion","tag-codigo-abierto","tag-collletttivo"],"jetpack_publicize_connections":[],"jetpack_featured_media_url":"","jetpack_sharing_enabled":true,"jetpack_shortlink":"https:\/\/wp.me\/paXRK8-20r","jetpack_likes_enabled":true,"_links":{"self":[{"href":"https:\/\/www.catedracosgaya.com.ar\/tipoblog\/2019\/wp-json\/wp\/v2\/posts\/7715","targetHints":{"allow":["GET"]}}],"collection":[{"href":"https:\/\/www.catedracosgaya.com.ar\/tipoblog\/2019\/wp-json\/wp\/v2\/posts"}],"about":[{"href":"https:\/\/www.catedracosgaya.com.ar\/tipoblog\/2019\/wp-json\/wp\/v2\/types\/post"}],"author":[{"embeddable":true,"href":"https:\/\/www.catedracosgaya.com.ar\/tipoblog\/2019\/wp-json\/wp\/v2\/users\/234"}],"replies":[{"embeddable":true,"href":"https:\/\/www.catedracosgaya.com.ar\/tipoblog\/2019\/wp-json\/wp\/v2\/comments?post=7715"}],"version-history":[{"count":10,"href":"https:\/\/www.catedracosgaya.com.ar\/tipoblog\/2019\/wp-json\/wp\/v2\/posts\/7715\/revisions"}],"predecessor-version":[{"id":7725,"href":"https:\/\/www.catedracosgaya.com.ar\/tipoblog\/2019\/wp-json\/wp\/v2\/posts\/7715\/revisions\/7725"}],"wp:attachment":[{"href":"https:\/\/www.catedracosgaya.com.ar\/tipoblog\/2019\/wp-json\/wp\/v2\/media?parent=7715"}],"wp:term":[{"taxonomy":"category","embeddable":true,"href":"https:\/\/www.catedracosgaya.com.ar\/tipoblog\/2019\/wp-json\/wp\/v2\/categories?post=7715"},{"taxonomy":"post_tag","embeddable":true,"href":"https:\/\/www.catedracosgaya.com.ar\/tipoblog\/2019\/wp-json\/wp\/v2\/tags?post=7715"}],"curies":[{"name":"wp","href":"https:\/\/api.w.org\/{rel}","templated":true}]}}