{"id":6837,"date":"2019-05-30T12:04:40","date_gmt":"2019-05-30T15:04:40","guid":{"rendered":"https:\/\/www.catedracosgaya.com.ar\/tipoblog\/2019\/?p=6837"},"modified":"2019-05-30T12:04:46","modified_gmt":"2019-05-30T15:04:46","slug":"tipos-de-decisiones","status":"publish","type":"post","link":"https:\/\/www.catedracosgaya.com.ar\/tipoblog\/2019\/tipos-de-decisiones\/","title":{"rendered":"Tipos de decisiones"},"content":{"rendered":"<p>Una de las cosas que m\u00e1s me impacienta a la hora de encarar un proyecto, trabajo o lo que sea que vaya a tener letras es elegir cu\u00e1les y c\u00f3mo usarlas. La tipograf\u00eda es uno de los pilares fundamentales de cualquier pieza de dise\u00f1o. En las reflexiones que se aproximan dejar\u00e9 de lado cuestiones de legibilidad, elecci\u00f3n para textos de lectura y combinaci\u00f3n de fuentes y me centrar\u00e9 en la tipograf\u00eda como medio de manifestaci\u00f3n gr\u00e1fica (m\u00e1s relacionada a titulares, destacados, afiches, carteles publicitarios etc.), refiri\u00e9ndome a la elecci\u00f3n tipogr\u00e1fica para transmitir un concepto, una idea o una sensaci\u00f3n.<\/p>\n<p>_<\/p>\n<p><em>\u00bfExiste una f\u00f3rmula para tan importante determinaci\u00f3n? l<\/em>a verdad, no lo s\u00e9 fehacientemente pero me gustar\u00eda compartir con ustedes algunas historias y conclusiones que fui recopilando y que quiz\u00e1s sirvan como punto de partida para esta crucial elecci\u00f3n.<\/p>\n<p>Primero pensemos que cada fuente fue creada en un contexto (social, pol\u00edtico, econ\u00f3mico, art\u00edstico, tecnol\u00f3gico), eso tiene mucho para decirnos, ese entorno de creaci\u00f3n permite generar asociaciones simb\u00f3licas en el lector que transmiten algo acerca del contenido. Hace un tiempo estaba leyendo <em>Maestros Tip\u00f3grafos<\/em> (1) de Mario Ort\u00edz, texto en el cual habla entre tantas cosas de la fuente Bifur. Para los que no la conocen, fue creada por Cassandre en 1929 y est\u00e1 formada por un trazo negro que act\u00faa como soporte y por el otro una trama de fin\u00edsimas l\u00edneas paralelas (horizontales y verticales) que terminan conformando cada letra. En ella podemos encontrar huellas vanguardistas e impronta del Art Dec\u00f3. La Bifur se ve\u00eda reflejada en los objetos de uso cotidiano (como el aparato de radio), autom\u00f3viles, arquitectura. Era una manifestaci\u00f3n del proceso por el que pasaba el mundo en ese entonces. El uso de familias arquet\u00edpicas como estas, nos sirven para reflejar una \u00e9poca determinada (en una pieza que necesite emular ese tiempo por ejemplo) pero tienen la limitaci\u00f3n de que se convierten en eso en la mente de todos y no trascienden, quedan tan fuertemente unidas a una \u00e9poca que se transforman en <em>\u201cfantasmas semi\u00f3ticos\u201d <\/em>(2), lo mismo pasa con una g\u00f3tica o con otras fuentes tan arraigadas a una tiempo cultural o a una asociaci\u00f3n simb\u00f3lica, como una tipo que simula el paso de una m\u00e1quina de escribir.<\/p>\n<figure id=\"attachment_6934\" aria-describedby=\"caption-attachment-6934\" style=\"width: 300px\" class=\"wp-caption aligncenter\"><img data-recalc-dims=\"1\" loading=\"lazy\" decoding=\"async\" data-attachment-id=\"6934\" data-permalink=\"https:\/\/www.catedracosgaya.com.ar\/tipoblog\/2019\/tipos-de-decisiones\/bifur-2\/\" data-orig-file=\"https:\/\/i0.wp.com\/www.catedracosgaya.com.ar\/tipoblog\/2019\/wp-content\/uploads\/2019\/05\/bifur-1.png?fit=500%2C500&amp;ssl=1\" data-orig-size=\"500,500\" data-comments-opened=\"0\" data-image-meta=\"{&quot;aperture&quot;:&quot;0&quot;,&quot;credit&quot;:&quot;&quot;,&quot;camera&quot;:&quot;&quot;,&quot;caption&quot;:&quot;&quot;,&quot;created_timestamp&quot;:&quot;0&quot;,&quot;copyright&quot;:&quot;&quot;,&quot;focal_length&quot;:&quot;0&quot;,&quot;iso&quot;:&quot;0&quot;,&quot;shutter_speed&quot;:&quot;0&quot;,&quot;title&quot;:&quot;&quot;,&quot;orientation&quot;:&quot;0&quot;}\" data-image-title=\"bifur\" data-image-description=\"\" data-image-caption=\"\" data-large-file=\"https:\/\/i0.wp.com\/www.catedracosgaya.com.ar\/tipoblog\/2019\/wp-content\/uploads\/2019\/05\/bifur-1.png?fit=500%2C500&amp;ssl=1\" class=\"wp-image-6934 size-medium\" src=\"https:\/\/i0.wp.com\/www.catedracosgaya.com.ar\/tipoblog\/2019\/wp-content\/uploads\/2019\/05\/bifur-1.png?resize=300%2C300&#038;ssl=1\" alt=\"\" width=\"300\" height=\"300\" srcset=\"https:\/\/i0.wp.com\/www.catedracosgaya.com.ar\/tipoblog\/2019\/wp-content\/uploads\/2019\/05\/bifur-1.png?resize=300%2C300&amp;ssl=1 300w, https:\/\/i0.wp.com\/www.catedracosgaya.com.ar\/tipoblog\/2019\/wp-content\/uploads\/2019\/05\/bifur-1.png?resize=150%2C150&amp;ssl=1 150w, https:\/\/i0.wp.com\/www.catedracosgaya.com.ar\/tipoblog\/2019\/wp-content\/uploads\/2019\/05\/bifur-1.png?resize=55%2C55&amp;ssl=1 55w, https:\/\/i0.wp.com\/www.catedracosgaya.com.ar\/tipoblog\/2019\/wp-content\/uploads\/2019\/05\/bifur-1.png?w=500&amp;ssl=1 500w\" sizes=\"auto, (max-width: 300px) 100vw, 300px\" \/><figcaption id=\"caption-attachment-6934\" class=\"wp-caption-text\">La Bifur y una radio de la \u00e9poca<\/figcaption><\/figure>\n<p>Cada estilo trae su carga y comparaciones precedentes de las cuales no puede escapar. Una caligr\u00e1fica puede transmitir elegancia, una manuscrita al paso protesta, una grotesca contemporaneidad, todo dependiendo del marco que la contenga (siempre).<\/p>\n<p><strong>\u00a0<\/strong><\/p>\n<p><strong>Tipograf\u00eda como expresi\u00f3n<\/strong><\/p>\n<p>Otros de los relatos de Ortiz cuentan la historia de la osad\u00eda de un herrero del Holocausto. En ese momento las puertas de los campos de concentraci\u00f3n llevaban soldadas en austeras letras san serif una frase que dec\u00eda algo as\u00ed como el trabajo los liberar\u00e1 (en alem\u00e1n), el prisionero obligado a montar este nefasto letrero, sold\u00f3 la b larga al rev\u00e9s como muestra de su disconformidad. Esta historia nos deja claro entonces que las letras son mucho m\u00e1s que simples formas y cualquier decisi\u00f3n que tomemos en torno a ellas nos permite otorgarle una segunda lectura, <strong>podemos usarlas para comunicar un significado, una idea o transmitir una emoci\u00f3n mediante su manipulaci\u00f3n<\/strong>. Rotar, espejar, romper, yuxtaponer, ocultar, jugar con escalas y contrastes, cualquier operaci\u00f3n morfol\u00f3gica es v\u00e1lida<\/p>\n<p>En <strong>conclusi\u00f3n<\/strong>, a la hora de la elecci\u00f3n tipogr\u00e1fica, as\u00ed como en qu\u00e9 contexto la dispondremos y como operemos sobre ella para expresar un tiempo, un tono, una ideolog\u00eda o una manifestaci\u00f3n de cualquier tipo, no se puede dejar nada librado al azar.<strong> Para eso es primordial tener muy en claro qu\u00e9 es lo que queremos transmitir, documentarnos y luego tomar la decisi\u00f3n correcta.<\/strong><\/p>\n<p>Le dejo algunas fuentes de inspiraci\u00f3n a las que vale la pena echarle un vistazo:<\/p>\n<p>La <strong>poes\u00eda concreta y el trabajo<\/strong> de <em>Carlos Drummond de Andrade<\/em>, <em>St\u00e9phane<\/em> <em>Mallarm\u00e9, George Herberte Ian Hamilton Finlay<\/em>; en el <strong>constructivismo ruso<\/strong>, la <strong>Bauhaus<\/strong> y el <strong>dada\u00edsmo<\/strong>; en <strong>la obra <\/strong>de <em>Otto Storch, Alexey Brodovitch, Tom Wolsey, Neville Brody, David Carson, Mart\u00edn Venezky <\/em>y<em> Vince Frost.<\/em><\/p>\n<figure id=\"attachment_6997\" aria-describedby=\"caption-attachment-6997\" style=\"width: 300px\" class=\"wp-caption aligncenter\"><img data-recalc-dims=\"1\" loading=\"lazy\" decoding=\"async\" data-attachment-id=\"6997\" data-permalink=\"https:\/\/www.catedracosgaya.com.ar\/tipoblog\/2019\/tipos-de-decisiones\/referentes\/\" data-orig-file=\"https:\/\/i0.wp.com\/www.catedracosgaya.com.ar\/tipoblog\/2019\/wp-content\/uploads\/2019\/05\/referentes.png?fit=450%2C450&amp;ssl=1\" data-orig-size=\"450,450\" data-comments-opened=\"0\" data-image-meta=\"{&quot;aperture&quot;:&quot;0&quot;,&quot;credit&quot;:&quot;&quot;,&quot;camera&quot;:&quot;&quot;,&quot;caption&quot;:&quot;&quot;,&quot;created_timestamp&quot;:&quot;0&quot;,&quot;copyright&quot;:&quot;&quot;,&quot;focal_length&quot;:&quot;0&quot;,&quot;iso&quot;:&quot;0&quot;,&quot;shutter_speed&quot;:&quot;0&quot;,&quot;title&quot;:&quot;&quot;,&quot;orientation&quot;:&quot;0&quot;}\" data-image-title=\"referentes\" data-image-description=\"&lt;p&gt;de izq. a de: Venezky. Frost, Carson, Mallarm\u00e9, y Brody &lt;\/p&gt;\n\" data-image-caption=\"\" data-large-file=\"https:\/\/i0.wp.com\/www.catedracosgaya.com.ar\/tipoblog\/2019\/wp-content\/uploads\/2019\/05\/referentes.png?fit=450%2C450&amp;ssl=1\" class=\"wp-image-6997 size-medium\" src=\"https:\/\/i0.wp.com\/www.catedracosgaya.com.ar\/tipoblog\/2019\/wp-content\/uploads\/2019\/05\/referentes.png?resize=300%2C300&#038;ssl=1\" alt=\"\" width=\"300\" height=\"300\" srcset=\"https:\/\/i0.wp.com\/www.catedracosgaya.com.ar\/tipoblog\/2019\/wp-content\/uploads\/2019\/05\/referentes.png?resize=300%2C300&amp;ssl=1 300w, https:\/\/i0.wp.com\/www.catedracosgaya.com.ar\/tipoblog\/2019\/wp-content\/uploads\/2019\/05\/referentes.png?resize=150%2C150&amp;ssl=1 150w, https:\/\/i0.wp.com\/www.catedracosgaya.com.ar\/tipoblog\/2019\/wp-content\/uploads\/2019\/05\/referentes.png?resize=55%2C55&amp;ssl=1 55w, https:\/\/i0.wp.com\/www.catedracosgaya.com.ar\/tipoblog\/2019\/wp-content\/uploads\/2019\/05\/referentes.png?w=450&amp;ssl=1 450w\" sizes=\"auto, (max-width: 300px) 100vw, 300px\" \/><figcaption id=\"caption-attachment-6997\" class=\"wp-caption-text\">de izq. a der. Venezky, Frost, Carson, Mallarm\u00e9 y Brody<\/figcaption><\/figure>\n<hr \/>\n<p>(1) Del Cuaderno de Lengua y Literatura V, VI y VII<br \/>\n(2) Dice Mario Ortiz sobre las fuentes que son huellas de un futuro pasado.<\/p>\n<p><strong>\u00a0<\/strong><\/p>\n<p><strong>Bibliograf\u00eda<\/strong>:<\/p>\n<p>Ortiz, de Mario.<em> Cuadernos de lengua y literatura V, VI y VII;<\/em> (Eterna Cadencia, 2013)<\/p>\n<p>Lupton, Ellen. <em>Pensar con tipos<\/em>; (Gili, 2013)<\/p>\n<p>Caldwell, Cath. \u00a0<em>Dise\u00f1o Editorial.<\/em> (Gili, 2014)<\/p>\n","protected":false},"excerpt":{"rendered":"<p>Una de las cosas que m\u00e1s me impacienta a la hora de encarar un proyecto, trabajo o lo que sea que vaya a tener letras es elegir cu\u00e1les y c\u00f3mo usarlas. La tipograf\u00eda es uno de los pilares fundamentales de cualquier pieza de dise\u00f1o. En las reflexiones que se aproximan dejar\u00e9 de lado cuestiones de [&hellip;]<\/p>\n","protected":false},"author":221,"featured_media":7000,"comment_status":"closed","ping_status":"closed","sticky":false,"template":"","format":"standard","meta":{"jetpack_post_was_ever_published":false,"_jetpack_newsletter_access":"","_jetpack_dont_email_post_to_subs":false,"_jetpack_newsletter_tier_id":0,"_jetpack_memberships_contains_paywalled_content":false,"_jetpack_memberships_contains_paid_content":false,"footnotes":"","jetpack_publicize_message":"Tipos de decisiones  #\u200eTipoblog #Tipograf&iacute;a2 #C&aacute;tedraCosgaya #\u200eFADU #\u200eUBA","jetpack_publicize_feature_enabled":true,"jetpack_social_post_already_shared":true,"jetpack_social_options":{"image_generator_settings":{"template":"highway","default_image_id":0,"font":"","enabled":false},"version":2}},"categories":[26,29],"tags":[48],"class_list":["post-6837","post","type-post","status-publish","format-standard","has-post-thumbnail","hentry","category-cultura","category-historia","tag-tipografia"],"jetpack_publicize_connections":[],"jetpack_featured_media_url":"https:\/\/i0.wp.com\/www.catedracosgaya.com.ar\/tipoblog\/2019\/wp-content\/uploads\/2019\/05\/dest.png?fit=450%2C450&ssl=1","jetpack_sharing_enabled":true,"jetpack_shortlink":"https:\/\/wp.me\/paXRK8-1Mh","jetpack_likes_enabled":true,"_links":{"self":[{"href":"https:\/\/www.catedracosgaya.com.ar\/tipoblog\/2019\/wp-json\/wp\/v2\/posts\/6837","targetHints":{"allow":["GET"]}}],"collection":[{"href":"https:\/\/www.catedracosgaya.com.ar\/tipoblog\/2019\/wp-json\/wp\/v2\/posts"}],"about":[{"href":"https:\/\/www.catedracosgaya.com.ar\/tipoblog\/2019\/wp-json\/wp\/v2\/types\/post"}],"author":[{"embeddable":true,"href":"https:\/\/www.catedracosgaya.com.ar\/tipoblog\/2019\/wp-json\/wp\/v2\/users\/221"}],"replies":[{"embeddable":true,"href":"https:\/\/www.catedracosgaya.com.ar\/tipoblog\/2019\/wp-json\/wp\/v2\/comments?post=6837"}],"version-history":[{"count":30,"href":"https:\/\/www.catedracosgaya.com.ar\/tipoblog\/2019\/wp-json\/wp\/v2\/posts\/6837\/revisions"}],"predecessor-version":[{"id":7105,"href":"https:\/\/www.catedracosgaya.com.ar\/tipoblog\/2019\/wp-json\/wp\/v2\/posts\/6837\/revisions\/7105"}],"wp:featuredmedia":[{"embeddable":true,"href":"https:\/\/www.catedracosgaya.com.ar\/tipoblog\/2019\/wp-json\/wp\/v2\/media\/7000"}],"wp:attachment":[{"href":"https:\/\/www.catedracosgaya.com.ar\/tipoblog\/2019\/wp-json\/wp\/v2\/media?parent=6837"}],"wp:term":[{"taxonomy":"category","embeddable":true,"href":"https:\/\/www.catedracosgaya.com.ar\/tipoblog\/2019\/wp-json\/wp\/v2\/categories?post=6837"},{"taxonomy":"post_tag","embeddable":true,"href":"https:\/\/www.catedracosgaya.com.ar\/tipoblog\/2019\/wp-json\/wp\/v2\/tags?post=6837"}],"curies":[{"name":"wp","href":"https:\/\/api.w.org\/{rel}","templated":true}]}}