{"id":6720,"date":"2019-05-20T18:03:01","date_gmt":"2019-05-20T21:03:01","guid":{"rendered":"https:\/\/www.catedracosgaya.com.ar\/tipoblog\/2019\/?p=6720"},"modified":"2019-05-20T18:06:40","modified_gmt":"2019-05-20T21:06:40","slug":"la-tipografia-como-una-herramienta-de-inclusion","status":"publish","type":"post","link":"https:\/\/www.catedracosgaya.com.ar\/tipoblog\/2019\/la-tipografia-como-una-herramienta-de-inclusion\/","title":{"rendered":"La tipograf\u00eda como una herramienta de inclusi\u00f3n."},"content":{"rendered":"\n<h2 class=\"wp-block-heading\">A veces, en el mundo del dise\u00f1o, romper las reglas es necesario.<\/h2>\n\n\n\n<p>Si algo hay que tener en claro en los tiempos que corren es que no todas las realidades son iguales. Investigando un poco sobre dise\u00f1o, tipograf\u00eda e inclusi\u00f3n llegu\u00e9 a 3 proyectos que tienen un mismo objetivo: que el dise\u00f1o sea algo accesible para todes. <\/p>\n\n\n\n<p>En cuestiones de <strong>salud<\/strong> llegu\u00e9 a 2 proyectos distintos: Dyslexie y Ready, dos tipograf\u00edas creadas para ser inclusivas.<\/p>\n\n\n\n<p>La Organizaci\u00f3n Mundial de la Salud define a la dislexia como un trastorno espec\u00edfico de la lectura cuya caracter\u00edstica principal es la dificultad espec\u00edfica y significativa en el desarrollo de las habilidades para la lectura. Este trastorno afecta a un 5% de los ni\u00f1os de 7 a 9 a\u00f1os.<\/p>\n\n\n\n<p>El dise\u00f1ador gr\u00e1fico Christian Boer recuerda su primer acercamiento a la lectura como un hecho bastante tr\u00e1gico. Y aunque fue diagnosticado a los 6 a\u00f1os y recibi\u00f3 ayuda en su etapa escolar, le costaba comprender p\u00e1ginas con mucho texto. Es por eso que, muchos a\u00f1os despu\u00e9s, decidi\u00f3 dise\u00f1ar su propia tipograf\u00eda. Fue entonces que naci\u00f3 <a href=\"https:\/\/www.dyslexiefont.com\/en\/home\/\">Dyslexie<\/a>, una fuente cuyo objetivo es superar algunos de los problemas que las personas con dislexia tienen al momento de leer. Y aunque Dyslexie comenz\u00f3 como un proyecto personal para poder graduarse, Boer se dio cuenta que exist\u00eda una demanda real por el producto que hab\u00eda logrado. Fue as\u00ed que esta tipograf\u00eda se convirti\u00f3 en un elemento de inclusi\u00f3n.<\/p>\n\n\n\n<p>Por otro lado, la dise\u00f1adora Mat P\u00e9rez creo la tipograf\u00eda Ready, dise\u00f1ada especialmente para lectores con retinopat\u00eda diab\u00e9tica. Esta condici\u00f3n es una complicaci\u00f3n ocular de la diabetes&nbsp;que est\u00e1 causada por el deterioro de los vasos sangu\u00edneos que irrigan la retina. Esta vez, la dise\u00f1adora se bas\u00f3 en los principios que rigen el &#8220;universal design&#8221;, una corriente que defiende el dise\u00f1o accesible. La funci\u00f3n de esta tipograf\u00eda es clara: que sea de f\u00e1cil lectura, para poder acceder a ella de forma r\u00e1pida y efectiva.<\/p>\n\n\n\n<p>Por el lado de lo <strong>social<\/strong> encontr\u00e9 un proyecto que me llam\u00f3 mucho la atenci\u00f3n. <a href=\"https:\/\/www.homelessfonts.org\/\">Homelessfonts<\/a> nace en Espa\u00f1a como un proyecto de la Fundaci\u00f3n Arrels. El objetivo principal es dignificar, de cierta forma, a las personas que viven en situaci\u00f3n de calle y sensibilizar sobre esta problem\u00e1tica que es  cada vez m\u00e1s frecuente. Lo que buscaban era darle otra funci\u00f3n a la caligraf\u00eda de estas personas m\u00e1s all\u00e1 de la de escribir carteles para contar su realidad, por ejemplo. Fue as\u00ed que en un taller de caligraf\u00eda y junto a dise\u00f1adores lograron digitalizar los resultados y convertirlos en fuentes utilizables.  Estas fuentes pueden verse en el sitio web y est\u00e1n a la venta para que empresas y particulares puedan utilizarlas en sus proyectos. Los ingresos que se obtienen de estas ventas est\u00e1n destinados para que la fundaci\u00f3n pueda continuar con su labor de ayudar a las personas sin hogar.  <\/p>\n\n\n\n<p>Lo que estos tres proyectos me dejan como reflexi\u00f3n es que el dise\u00f1o tiene que tener como uno de sus objetivos principales ser funcional y accesible a todas las personas, m\u00e1s all\u00e1 de sus condiciones. <\/p>\n","protected":false},"excerpt":{"rendered":"<p>A veces, en el mundo del dise\u00f1o, romper las reglas es necesario. Si algo hay que tener en claro en los tiempos que corren es que no todas las realidades son iguales. Investigando un poco sobre dise\u00f1o, tipograf\u00eda e inclusi\u00f3n llegu\u00e9 a 3 proyectos que tienen un mismo objetivo: que el dise\u00f1o sea algo accesible [&hellip;]<\/p>\n","protected":false},"author":97,"featured_media":6724,"comment_status":"closed","ping_status":"closed","sticky":false,"template":"","format":"standard","meta":{"jetpack_post_was_ever_published":false,"_jetpack_newsletter_access":"","_jetpack_dont_email_post_to_subs":false,"_jetpack_newsletter_tier_id":0,"_jetpack_memberships_contains_paywalled_content":false,"_jetpack_memberships_contains_paid_content":false,"footnotes":"","jetpack_publicize_message":"La tipograf\u00eda como una herramienta de inclusi\u00f3n.  #\u200eTipoblog #Tipograf&iacute;a2 #C&aacute;tedraCosgaya #\u200eFADU #\u200eUBA","jetpack_publicize_feature_enabled":true,"jetpack_social_post_already_shared":true,"jetpack_social_options":{"image_generator_settings":{"template":"highway","default_image_id":0,"font":"","enabled":false},"version":2}},"categories":[32,33],"tags":[49,47,48],"class_list":["post-6720","post","type-post","status-publish","format-standard","has-post-thumbnail","hentry","category-salud","category-sociedad","tag-inclusion","tag-salud","tag-tipografia"],"jetpack_publicize_connections":[],"jetpack_featured_media_url":"https:\/\/i0.wp.com\/www.catedracosgaya.com.ar\/tipoblog\/2019\/wp-content\/uploads\/2019\/05\/a_guillermo-homelessfonts-900x506.jpg?fit=900%2C506&ssl=1","jetpack_sharing_enabled":true,"jetpack_shortlink":"https:\/\/wp.me\/paXRK8-1Ko","jetpack_likes_enabled":true,"_links":{"self":[{"href":"https:\/\/www.catedracosgaya.com.ar\/tipoblog\/2019\/wp-json\/wp\/v2\/posts\/6720","targetHints":{"allow":["GET"]}}],"collection":[{"href":"https:\/\/www.catedracosgaya.com.ar\/tipoblog\/2019\/wp-json\/wp\/v2\/posts"}],"about":[{"href":"https:\/\/www.catedracosgaya.com.ar\/tipoblog\/2019\/wp-json\/wp\/v2\/types\/post"}],"author":[{"embeddable":true,"href":"https:\/\/www.catedracosgaya.com.ar\/tipoblog\/2019\/wp-json\/wp\/v2\/users\/97"}],"replies":[{"embeddable":true,"href":"https:\/\/www.catedracosgaya.com.ar\/tipoblog\/2019\/wp-json\/wp\/v2\/comments?post=6720"}],"version-history":[{"count":6,"href":"https:\/\/www.catedracosgaya.com.ar\/tipoblog\/2019\/wp-json\/wp\/v2\/posts\/6720\/revisions"}],"predecessor-version":[{"id":6727,"href":"https:\/\/www.catedracosgaya.com.ar\/tipoblog\/2019\/wp-json\/wp\/v2\/posts\/6720\/revisions\/6727"}],"wp:featuredmedia":[{"embeddable":true,"href":"https:\/\/www.catedracosgaya.com.ar\/tipoblog\/2019\/wp-json\/wp\/v2\/media\/6724"}],"wp:attachment":[{"href":"https:\/\/www.catedracosgaya.com.ar\/tipoblog\/2019\/wp-json\/wp\/v2\/media?parent=6720"}],"wp:term":[{"taxonomy":"category","embeddable":true,"href":"https:\/\/www.catedracosgaya.com.ar\/tipoblog\/2019\/wp-json\/wp\/v2\/categories?post=6720"},{"taxonomy":"post_tag","embeddable":true,"href":"https:\/\/www.catedracosgaya.com.ar\/tipoblog\/2019\/wp-json\/wp\/v2\/tags?post=6720"}],"curies":[{"name":"wp","href":"https:\/\/api.w.org\/{rel}","templated":true}]}}