{"id":126,"name":"Eliana Marchesi","url":"","description":"Nac\u00ed el 18 de agosto 1989. Curs\u00e9 5 a\u00f1os la carrera de Letras en la U.B.A, impulsada por mi pasi\u00f3n a la literatura y escritura. Finalmente, decid\u00ed dedicarme a otra veta que me gustaba y con la que me sent\u00eda m\u00e1s comprometida, el dise\u00f1o. Desde 2014, soy estudiante de la carrera de Dise\u00f1o Gr\u00e1fico en la U.B.A; gracias a la educaci\u00f3n p\u00fablica y gratuita de calidad de nuestro pa\u00eds &lt;3","link":"https:\/\/www.catedracosgaya.com.ar\/tipoblog\/2018\/author\/eliana-marchesi\/","slug":"eliana-marchesi","avatar_urls":{"24":"https:\/\/secure.gravatar.com\/avatar\/50513c3b05a869272327b5606f57ceb73ac3b3ecb3dff233f517888d75dcd244?s=24&d=mm&r=g","48":"https:\/\/secure.gravatar.com\/avatar\/50513c3b05a869272327b5606f57ceb73ac3b3ecb3dff233f517888d75dcd244?s=48&d=mm&r=g","96":"https:\/\/secure.gravatar.com\/avatar\/50513c3b05a869272327b5606f57ceb73ac3b3ecb3dff233f517888d75dcd244?s=96&d=mm&r=g"},"meta":{"jetpack_donation_warning_dismissed":false},"_links":{"self":[{"href":"https:\/\/www.catedracosgaya.com.ar\/tipoblog\/2018\/wp-json\/wp\/v2\/users\/126","targetHints":{"allow":["GET"]}}],"collection":[{"href":"https:\/\/www.catedracosgaya.com.ar\/tipoblog\/2018\/wp-json\/wp\/v2\/users"}]}}