{"id":6466,"date":"2018-10-29T23:01:12","date_gmt":"2018-10-30T02:01:12","guid":{"rendered":"http:\/\/www.catedracosgaya.com.ar\/tipoblog\/2018\/?p=6466"},"modified":"2018-10-29T23:07:39","modified_gmt":"2018-10-30T02:07:39","slug":"todo-aquello-que-perturba-la-visualizacion","status":"publish","type":"post","link":"https:\/\/www.catedracosgaya.com.ar\/tipoblog\/2018\/todo-aquello-que-perturba-la-visualizacion\/","title":{"rendered":"Todo aquello que perturba la visualizaci\u00f3n"},"content":{"rendered":"<p><span style=\"font-weight: 400\">Desde chica que le presto mucha atenci\u00f3n a los carteles en la calle. Publicidades, hasta ploteos en las vidrieras en los locales, pizarras afuera de las verduler\u00edas y carteles de locales. Ahora, con 22 a\u00f1os, es algo que sigo haciendo, sobre todo cuando viajo en colectivo, y la verdad, hace de mis viajes largos un poco m\u00e1s divertidos. <\/span><\/p>\n<p><span style=\"font-weight: 400\">En el tramo de casi 10 km que hago constantemente por la Av. Maip\u00fa (que luego se convierte en Av. Santa Fe y despu\u00e9s en Av. Centenario), hay mucho material para entretenerse. Se trata de una avenida con muchos comercios, pero tambi\u00e9n con muchas paradas de colectivo con espacio para publicidades, edificios con publicidades colgadas a lo largo y ancho de sus fachadas, y un sin fin de carteles luminosos de estaciones de servicio, locales de comida r\u00e1pida, farmacias, etc. A veces me divierte, a veces me hace sentir aturdida. <\/span><\/p>\n<p><span style=\"font-weight: 400\">Hace unos a\u00f1os, no me acuerdo en que materia, un profesor nos pregunt\u00f3 si alguna vez hab\u00edamos ido a San Pablo, Brasil, y si hab\u00edamos notado algo raro. Una compa\u00f1era contest\u00f3, \u201cSi, yo fui. No hay publicidades en la calle.\u201d \u00a1\u00bfQu\u00e9?!<\/span><\/p>\n<p><span style=\"font-weight: 400\">En 2007, en esta ciudad, se aprob\u00f3 la <strong>\u201cLey Ciudad Limpia\u201d<\/strong> como respuesta a un crecimiento desmesurado de carteles publicitarios. Esta ley proh\u00edbe la publicidad exterior y regula el tama\u00f1o de carteles en las fachadas comerciales. Fue un proceso que logr\u00f3 que la ciudad quede m\u00e1s limpia, como su nombre lo indica, dejando lugar para que la arquitectura de la ciudad tome el protagonismo que se merece, devolvi\u00e9ndole su propia identidad. <\/span><\/p>\n<p>&nbsp;<\/p>\n<blockquote>\n<h3><span style=\"font-weight: 400\">&#8220;El paisaje de Sao Paulo est\u00e1 menos contaminado visualmente. Se ha intentado revalorizar la construcci\u00f3n de espacios y no el uso de la ciudad meramente como soporte de comercializaci\u00f3n de mercanc\u00edas&#8221;\u00a0<\/span><\/h3>\n<p><span class=\"embed-youtube\" style=\"text-align:center; display: block;\"><iframe loading=\"lazy\" class=\"youtube-player\" width=\"640\" height=\"360\" src=\"https:\/\/www.youtube.com\/embed\/V0FUY5KI67Y?version=3&#038;rel=1&#038;showsearch=0&#038;showinfo=1&#038;iv_load_policy=1&#038;fs=1&#038;hl=es-AR&#038;autohide=2&#038;wmode=transparent\" allowfullscreen=\"true\" style=\"border:0;\" sandbox=\"allow-scripts allow-same-origin allow-popups allow-presentation allow-popups-to-escape-sandbox\"><\/iframe><\/span><\/p><\/blockquote>\n<p>&nbsp;<\/p>\n<p><span style=\"font-weight: 400\">Esto me hace pensar en qu\u00e9 es la contaminaci\u00f3n visual, si es algo que nos afecta a todos, c\u00f3mo es que nos afecta, y si la Ley Ciudad Limpia es un ejemplo a seguir. Seg\u00fan la plataforma Ecolog\u00eda Verde, <strong>la contaminaci\u00f3n visual<\/strong> es \u201c<\/span><span style=\"font-weight: 400\"> todo aquello que <\/span><b>afecta o perturba la visualizaci\u00f3n<\/b><span style=\"font-weight: 400\"> de una determinada zona o rompe la est\u00e9tica del paisaje.\u201d Pero no se trata solamente de lo que \u201cqueda bien o mal\u201d, si no de los est\u00edmulos constantes que recibimos. Estos tienen impacto en nuestra salud, disminuyen nuestra eficiencia, causan dolores de cabeza, estr\u00e9s, trastornos de atenci\u00f3n, y lo m\u00e1s peligroso, distracciones a la hora de conducir que pueden terminar en accidentes. <\/span><\/p>\n<p><span style=\"font-weight: 400\">Les propongo que traten de vivir un d\u00eda de sus vidas cotidianas sin publicidad. Creo que es casi imposible. Primero, no podr\u00edamos salir a la calle, no podr\u00edamos ir a trabajar ni a cursar a la facultad. Ni hablar de mirar televisi\u00f3n, ni Facebook, ni Instagram, plataforma que muestra una publicidad cada 5 posteos. La \u00fanica salida ser\u00eda irse al medio del campo. O ni siquiera, las rutas tambi\u00e9n est\u00e1n invadidas por estructuras monstruosas que su \u00fanica funci\u00f3n es exponer una publicidad. Estamos atrapados. <\/span><\/p>\n<p><span style=\"font-weight: 400\">Investigando, encontr\u00e9 obras de distintos artistas y dise\u00f1adores sobre este tema. Una de ellas es la de <a href=\"http:\/\/www.nicolasdamiens.com\/project\/tokyo-no-ads\/\">Nicol\u00e1s Damiens<\/a>, un dise\u00f1ador franc\u00e9s que explora c\u00f3mo ser\u00eda el paisaje urbano de Tokyo sin anuncios. Siendo los carteles en la v\u00eda p\u00fablica tan caracter\u00edsticos en esta ciudad, se podr\u00eda discutir la importancia de estos para la creaci\u00f3n de la identidad de Tokyo. Entonces, \u00bfen qu\u00e9 quedamos?<\/span><\/p>\n<div data-carousel-extra='{&quot;blog_id&quot;:1,&quot;permalink&quot;:&quot;https:\/\/www.catedracosgaya.com.ar\/tipoblog\/2018\/todo-aquello-que-perturba-la-visualizacion\/&quot;}' id='gallery-1' class='gallery galleryid-6466 gallery-columns-1 gallery-size-large'><figure class='gallery-item'>\n\t\t\t<div class='gallery-icon landscape'>\n\t\t\t\t<a href='https:\/\/www.catedracosgaya.com.ar\/tipoblog\/2018\/todo-aquello-que-perturba-la-visualizacion\/captura-de-pantalla-2018-10-29-a-las-22-46-24\/'><img loading=\"lazy\" decoding=\"async\" width=\"640\" height=\"427\" src=\"https:\/\/www.catedracosgaya.com.ar\/tipoblog\/2018\/wp-content\/uploads\/2018\/10\/Captura-de-pantalla-2018-10-29-a-las-22.46.24.png\" class=\"attachment-large size-large\" alt=\"\" srcset=\"https:\/\/www.catedracosgaya.com.ar\/tipoblog\/2018\/wp-content\/uploads\/2018\/10\/Captura-de-pantalla-2018-10-29-a-las-22.46.24.png 943w, https:\/\/www.catedracosgaya.com.ar\/tipoblog\/2018\/wp-content\/uploads\/2018\/10\/Captura-de-pantalla-2018-10-29-a-las-22.46.24-300x200.png 300w, https:\/\/www.catedracosgaya.com.ar\/tipoblog\/2018\/wp-content\/uploads\/2018\/10\/Captura-de-pantalla-2018-10-29-a-las-22.46.24-768x512.png 768w\" sizes=\"auto, (max-width: 640px) 100vw, 640px\" data-attachment-id=\"6467\" data-permalink=\"https:\/\/www.catedracosgaya.com.ar\/tipoblog\/2018\/todo-aquello-que-perturba-la-visualizacion\/captura-de-pantalla-2018-10-29-a-las-22-46-24\/\" data-orig-file=\"https:\/\/www.catedracosgaya.com.ar\/tipoblog\/2018\/wp-content\/uploads\/2018\/10\/Captura-de-pantalla-2018-10-29-a-las-22.46.24.png\" data-orig-size=\"943,629\" data-comments-opened=\"0\" data-image-meta=\"{&quot;aperture&quot;:&quot;0&quot;,&quot;credit&quot;:&quot;&quot;,&quot;camera&quot;:&quot;&quot;,&quot;caption&quot;:&quot;&quot;,&quot;created_timestamp&quot;:&quot;0&quot;,&quot;copyright&quot;:&quot;&quot;,&quot;focal_length&quot;:&quot;0&quot;,&quot;iso&quot;:&quot;0&quot;,&quot;shutter_speed&quot;:&quot;0&quot;,&quot;title&quot;:&quot;&quot;,&quot;orientation&quot;:&quot;0&quot;}\" data-image-title=\"Captura de pantalla 2018-10-29 a la(s) 22.46.24\" data-image-description=\"\" data-image-caption=\"\" data-large-file=\"https:\/\/www.catedracosgaya.com.ar\/tipoblog\/2018\/wp-content\/uploads\/2018\/10\/Captura-de-pantalla-2018-10-29-a-las-22.46.24.png\" \/><\/a>\n\t\t\t<\/div><\/figure><figure class='gallery-item'>\n\t\t\t<div class='gallery-icon landscape'>\n\t\t\t\t<a href='https:\/\/www.catedracosgaya.com.ar\/tipoblog\/2018\/todo-aquello-que-perturba-la-visualizacion\/captura-de-pantalla-2018-10-29-a-las-22-46-29\/'><img loading=\"lazy\" decoding=\"async\" width=\"640\" height=\"424\" src=\"https:\/\/www.catedracosgaya.com.ar\/tipoblog\/2018\/wp-content\/uploads\/2018\/10\/Captura-de-pantalla-2018-10-29-a-las-22.46.29.png\" class=\"attachment-large size-large\" alt=\"\" aria-describedby=\"gallery-1-6468\" srcset=\"https:\/\/www.catedracosgaya.com.ar\/tipoblog\/2018\/wp-content\/uploads\/2018\/10\/Captura-de-pantalla-2018-10-29-a-las-22.46.29.png 944w, https:\/\/www.catedracosgaya.com.ar\/tipoblog\/2018\/wp-content\/uploads\/2018\/10\/Captura-de-pantalla-2018-10-29-a-las-22.46.29-300x199.png 300w, https:\/\/www.catedracosgaya.com.ar\/tipoblog\/2018\/wp-content\/uploads\/2018\/10\/Captura-de-pantalla-2018-10-29-a-las-22.46.29-768x509.png 768w\" sizes=\"auto, (max-width: 640px) 100vw, 640px\" data-attachment-id=\"6468\" data-permalink=\"https:\/\/www.catedracosgaya.com.ar\/tipoblog\/2018\/todo-aquello-que-perturba-la-visualizacion\/captura-de-pantalla-2018-10-29-a-las-22-46-29\/\" data-orig-file=\"https:\/\/www.catedracosgaya.com.ar\/tipoblog\/2018\/wp-content\/uploads\/2018\/10\/Captura-de-pantalla-2018-10-29-a-las-22.46.29.png\" data-orig-size=\"944,626\" data-comments-opened=\"0\" data-image-meta=\"{&quot;aperture&quot;:&quot;0&quot;,&quot;credit&quot;:&quot;&quot;,&quot;camera&quot;:&quot;&quot;,&quot;caption&quot;:&quot;&quot;,&quot;created_timestamp&quot;:&quot;0&quot;,&quot;copyright&quot;:&quot;&quot;,&quot;focal_length&quot;:&quot;0&quot;,&quot;iso&quot;:&quot;0&quot;,&quot;shutter_speed&quot;:&quot;0&quot;,&quot;title&quot;:&quot;&quot;,&quot;orientation&quot;:&quot;0&quot;}\" data-image-title=\"Captura de pantalla 2018-10-29 a la(s) 22.46.29\" data-image-description=\"\" data-image-caption=\"&lt;p&gt;Tokyo No Ads, Nicolas Damiens&lt;\/p&gt;\n\" data-large-file=\"https:\/\/www.catedracosgaya.com.ar\/tipoblog\/2018\/wp-content\/uploads\/2018\/10\/Captura-de-pantalla-2018-10-29-a-las-22.46.29.png\" \/><\/a>\n\t\t\t<\/div>\n\t\t\t\t<figcaption class='wp-caption-text gallery-caption' id='gallery-1-6468'>\n\t\t\t\tTokyo No Ads, Nicolas Damiens\n\t\t\t\t<\/figcaption><\/figure>\n\t\t<\/div>\n\n<p><span style=\"font-weight: 400\">Creo que como todo en la vida, la respuesta es: encontrar el equilibrio. No creo que haya que eliminar la publicidad de las calles, pero si considero que nosotros como (futuros) dise\u00f1adores y dise\u00f1adoras, tenemos una gran responsabilidad en este tema. Debemos tomar consciencia de c\u00f3mo la contaminaci\u00f3n visual nos afecta, y buscar soluciones que permitan que la publicidad exista de una manera menos invasiva. No nos olvidemos que todo lo que hacemos, transforma el mundo. Que sea para bien. <\/span><\/p>\n<p>&nbsp;<\/p>\n<p>&nbsp;<\/p>\n<p>Fuentes:<\/p>\n<p>https:\/\/elpais.com\/elpais\/2015\/11\/23\/seres_urbanos\/1448262000_144826.html<\/p>\n<p>https:\/\/www.lanacion.com.ar\/1703672-invasora-contaminacion-visual-urbana<\/p>\n<p>http:\/\/www.laciudadviva.org\/blogs\/?p=21025<\/p>\n<p>https:\/\/www.bbc.com\/mundo\/ultimas_noticias\/2014\/11\/141125_economia_francia_grenoble_elimina_publicidad_calles_lv<\/p>\n<blockquote class=\"wp-embedded-content\" data-secret=\"cPTTkNrYoK\"><p><a href=\"http:\/\/www.nicolasdamiens.com\/project\/tokyo-no-ads\/\">Tokyo No Ads<\/a><\/p><\/blockquote>\n<p><iframe loading=\"lazy\" class=\"wp-embedded-content\" sandbox=\"allow-scripts\" security=\"restricted\" style=\"position: absolute; visibility: hidden;\" title=\"\u00ab\u00a0Tokyo No Ads\u00a0\u00bb &#8212; nicolasdamiens\" src=\"http:\/\/www.nicolasdamiens.com\/project\/tokyo-no-ads\/embed\/#?secret=cPTTkNrYoK\" data-secret=\"cPTTkNrYoK\" width=\"600\" height=\"338\" frameborder=\"0\" marginwidth=\"0\" marginheight=\"0\" scrolling=\"no\"><\/iframe><\/p>\n","protected":false},"excerpt":{"rendered":"<p>Vivimos en un mundo y en un momento en el que la publicidad invade nuestras vidas. \u00bfHasta qu\u00e9 punto est\u00e1 bien? Nosotros como dise\u00f1adores, \u00bfpodemos hacer algo al respecto? <\/p>\n","protected":false},"author":206,"featured_media":6471,"comment_status":"closed","ping_status":"closed","sticky":false,"template":"","format":"standard","meta":{"jetpack_post_was_ever_published":false,"_jetpack_newsletter_access":"","_jetpack_dont_email_post_to_subs":false,"_jetpack_newsletter_tier_id":0,"_jetpack_memberships_contains_paywalled_content":false,"_jetpack_memberships_contains_paid_content":false,"footnotes":"","jetpack_publicize_message":"Todo aquello que perturba la visualizaci\u00f3n  #\u200eTipoblog #Tipograf&iacute;a2 #C&aacute;tedraCosgaya #\u200eFADU #\u200eUBA","jetpack_publicize_feature_enabled":true,"jetpack_social_post_already_shared":true,"jetpack_social_options":{"image_generator_settings":{"template":"highway","default_image_id":0,"font":"","enabled":false},"version":2}},"categories":[27,28,24],"tags":[244,73,231],"class_list":["post-6466","post","type-post","status-publish","format-standard","has-post-thumbnail","hentry","category-cultura","category-mercado","category-sociedad","tag-contaminacion-visual","tag-diseno","tag-publicidad"],"jetpack_publicize_connections":[],"jetpack_featured_media_url":"https:\/\/www.catedracosgaya.com.ar\/tipoblog\/2018\/wp-content\/uploads\/2018\/10\/P1010328-1.jpg","jetpack_sharing_enabled":true,"jetpack_shortlink":"https:\/\/wp.me\/p9TJog-1Gi","_links":{"self":[{"href":"https:\/\/www.catedracosgaya.com.ar\/tipoblog\/2018\/wp-json\/wp\/v2\/posts\/6466","targetHints":{"allow":["GET"]}}],"collection":[{"href":"https:\/\/www.catedracosgaya.com.ar\/tipoblog\/2018\/wp-json\/wp\/v2\/posts"}],"about":[{"href":"https:\/\/www.catedracosgaya.com.ar\/tipoblog\/2018\/wp-json\/wp\/v2\/types\/post"}],"author":[{"embeddable":true,"href":"https:\/\/www.catedracosgaya.com.ar\/tipoblog\/2018\/wp-json\/wp\/v2\/users\/206"}],"replies":[{"embeddable":true,"href":"https:\/\/www.catedracosgaya.com.ar\/tipoblog\/2018\/wp-json\/wp\/v2\/comments?post=6466"}],"version-history":[{"count":3,"href":"https:\/\/www.catedracosgaya.com.ar\/tipoblog\/2018\/wp-json\/wp\/v2\/posts\/6466\/revisions"}],"predecessor-version":[{"id":6473,"href":"https:\/\/www.catedracosgaya.com.ar\/tipoblog\/2018\/wp-json\/wp\/v2\/posts\/6466\/revisions\/6473"}],"wp:featuredmedia":[{"embeddable":true,"href":"https:\/\/www.catedracosgaya.com.ar\/tipoblog\/2018\/wp-json\/wp\/v2\/media\/6471"}],"wp:attachment":[{"href":"https:\/\/www.catedracosgaya.com.ar\/tipoblog\/2018\/wp-json\/wp\/v2\/media?parent=6466"}],"wp:term":[{"taxonomy":"category","embeddable":true,"href":"https:\/\/www.catedracosgaya.com.ar\/tipoblog\/2018\/wp-json\/wp\/v2\/categories?post=6466"},{"taxonomy":"post_tag","embeddable":true,"href":"https:\/\/www.catedracosgaya.com.ar\/tipoblog\/2018\/wp-json\/wp\/v2\/tags?post=6466"}],"curies":[{"name":"wp","href":"https:\/\/api.w.org\/{rel}","templated":true}]}}