{"id":5873,"date":"2018-09-05T23:20:13","date_gmt":"2018-09-06T02:20:13","guid":{"rendered":"http:\/\/www.catedracosgaya.com.ar\/tipoblog\/2018\/?p=5873"},"modified":"2018-09-05T23:20:13","modified_gmt":"2018-09-06T02:20:13","slug":"es-hora-de-arremangarnos-y-salvar-la-gestualidad","status":"publish","type":"post","link":"https:\/\/www.catedracosgaya.com.ar\/tipoblog\/2018\/es-hora-de-arremangarnos-y-salvar-la-gestualidad\/","title":{"rendered":"Es hora de arremangarnos y salvar la gestualidad."},"content":{"rendered":"<p>Seguramente no recuerdes cuando fue la primera vez que tomaste un l\u00e1piz. Fue hace tanto tiempo que a\u00fan no \u00e9ramos capaces de recordar. La mayor\u00eda de los lectores en este foro han tenido la dicha de haberse codeado con millones de soportes y materiales que nos dieran por resultado, aunque sea un trazo. Crayones, l\u00e1pices, fibras, pinceles, etc. Siempre han estado al alcance de nuestras manos desde muy peque\u00f1os.<\/p>\n<p>Si nos ponemos un poco m\u00e1s t\u00e9cnicos, la habilidad de poder sostener un l\u00e1piz se desarrolla entre los dos a\u00f1os y sigue agudiz\u00e1ndose y perfeccion\u00e1ndose hasta los 6, inicio de la edad preescolar.\u00a0 Esta habilidad, en realidad, la podemos llamar como \u2018desarrollo de la pinza digital\u2019. Permitiendo de esta manera la sujeci\u00f3n y manipulaci\u00f3n de elementos. Teniendo como meta principal el desarrollo de la motricidad fina. <strong>No podemos dejar de lado lo trascendental de esta capacidad a la hora de comunicarnos y dar los primeros pasos en el mundo del lenguaje.<\/strong><\/p>\n<p>A\u00f1o 2018. Aunque nos parezca irrisorio, los ni\u00f1os ya no prefieren un l\u00e1piz y un papel. Una pantalla destellante de colores \u00a0y su destacable manejo intuitivo utilizado por las manos, han ocupado la escena principal. Ni\u00f1eras f\u00e1ciles y m\u00e1s baratas que pagar aportes jubilatorios, han tomado de rehenes a los peque\u00f1os, y con ellos, al desarrollo neuromadurativo correcto para su edad. <strong>Abriendo una brecha entre el inicio del camino de la gestualidad y del doubl\u00e9-tap.<\/strong><\/p>\n<p>Puede que falte much\u00edsimo tiempo, pero si ya estamos en una instancia de un \u00a0desarrollo anormal de lo gestual,\u00a0 que pasar\u00eda si esto dejamos que esto avance. Muchas preguntas me inundan la cabeza, entre tanto me pregunto si en el futuro ser\u00e1 necesario aprender a escribir, utilizando nuestras propias manos. Algo que hoy es completamente natural. No pretendo quitarles todo tipo de dispositivos m\u00f3viles a los ni\u00f1os que nos rodean. Pero no puedo dejar de pensar que pasar\u00eda si\u2026 (inserte su pregunta distopica aqu\u00ed).<\/p>\n<p><strong>Queda en ustedes, lectores, el fomentar los momentos creativos, aut\u00e9nticos y experimentales de las generaciones venideras. Hag\u00e1monos cargo. Salvemos lo gestual.<\/strong><\/p>\n","protected":false},"excerpt":{"rendered":"<p>La mayor\u00eda de los lectores en este foro han tenido la dicha de haberse codeado con millones de soportes y materiales que nos dieran por resultado, aunque sea un trazo. Eso hoy en d\u00eda, est\u00e1 en peligro de extinci\u00f3n.<\/p>\n","protected":false},"author":147,"featured_media":0,"comment_status":"closed","ping_status":"closed","sticky":false,"template":"","format":"standard","meta":{"jetpack_post_was_ever_published":false,"_jetpack_newsletter_access":"","_jetpack_dont_email_post_to_subs":false,"_jetpack_newsletter_tier_id":0,"_jetpack_memberships_contains_paywalled_content":false,"_jetpack_memberships_contains_paid_content":false,"footnotes":"","jetpack_publicize_message":"Es hora de arremangarnos y salvar la gestualidad.  #\u200eTipoblog #Tipograf&iacute;a2 #C&aacute;tedraCosgaya #\u200eFADU #\u200eUBA","jetpack_publicize_feature_enabled":true,"jetpack_social_post_already_shared":true,"jetpack_social_options":{"image_generator_settings":{"template":"highway","default_image_id":0,"font":"","enabled":false},"version":2}},"categories":[21,20,25],"tags":[],"class_list":["post-5873","post","type-post","status-publish","format-standard","hentry","category-ciencia","category-educacion","category-tecnologia"],"jetpack_publicize_connections":[],"jetpack_featured_media_url":"","jetpack_sharing_enabled":true,"jetpack_shortlink":"https:\/\/wp.me\/p9TJog-1wJ","_links":{"self":[{"href":"https:\/\/www.catedracosgaya.com.ar\/tipoblog\/2018\/wp-json\/wp\/v2\/posts\/5873","targetHints":{"allow":["GET"]}}],"collection":[{"href":"https:\/\/www.catedracosgaya.com.ar\/tipoblog\/2018\/wp-json\/wp\/v2\/posts"}],"about":[{"href":"https:\/\/www.catedracosgaya.com.ar\/tipoblog\/2018\/wp-json\/wp\/v2\/types\/post"}],"author":[{"embeddable":true,"href":"https:\/\/www.catedracosgaya.com.ar\/tipoblog\/2018\/wp-json\/wp\/v2\/users\/147"}],"replies":[{"embeddable":true,"href":"https:\/\/www.catedracosgaya.com.ar\/tipoblog\/2018\/wp-json\/wp\/v2\/comments?post=5873"}],"version-history":[{"count":3,"href":"https:\/\/www.catedracosgaya.com.ar\/tipoblog\/2018\/wp-json\/wp\/v2\/posts\/5873\/revisions"}],"predecessor-version":[{"id":5876,"href":"https:\/\/www.catedracosgaya.com.ar\/tipoblog\/2018\/wp-json\/wp\/v2\/posts\/5873\/revisions\/5876"}],"wp:attachment":[{"href":"https:\/\/www.catedracosgaya.com.ar\/tipoblog\/2018\/wp-json\/wp\/v2\/media?parent=5873"}],"wp:term":[{"taxonomy":"category","embeddable":true,"href":"https:\/\/www.catedracosgaya.com.ar\/tipoblog\/2018\/wp-json\/wp\/v2\/categories?post=5873"},{"taxonomy":"post_tag","embeddable":true,"href":"https:\/\/www.catedracosgaya.com.ar\/tipoblog\/2018\/wp-json\/wp\/v2\/tags?post=5873"}],"curies":[{"name":"wp","href":"https:\/\/api.w.org\/{rel}","templated":true}]}}