{"id":5654,"date":"2018-08-29T00:17:15","date_gmt":"2018-08-29T03:17:15","guid":{"rendered":"http:\/\/www.catedracosgaya.com.ar\/tipoblog\/2018\/?p=5654"},"modified":"2018-08-29T00:38:06","modified_gmt":"2018-08-29T03:38:06","slug":"3-2-1-trajan","status":"publish","type":"post","link":"https:\/\/www.catedracosgaya.com.ar\/tipoblog\/2018\/3-2-1-trajan\/","title":{"rendered":"3&#8230; 2 &#8230; 1 TRAJAN!"},"content":{"rendered":"<ul>\n<li style=\"text-align: center\">\u00a0Si al principio de la pel\u00edcula ves esto:<\/li>\n<\/ul>\n<p><img loading=\"lazy\" decoding=\"async\" data-attachment-id=\"5659\" data-permalink=\"https:\/\/www.catedracosgaya.com.ar\/tipoblog\/2018\/3-2-1-trajan\/comedia\/\" data-orig-file=\"https:\/\/www.catedracosgaya.com.ar\/tipoblog\/2018\/wp-content\/uploads\/2018\/08\/comedia.png\" data-orig-size=\"472,262\" data-comments-opened=\"0\" data-image-meta=\"{&quot;aperture&quot;:&quot;0&quot;,&quot;credit&quot;:&quot;&quot;,&quot;camera&quot;:&quot;&quot;,&quot;caption&quot;:&quot;&quot;,&quot;created_timestamp&quot;:&quot;0&quot;,&quot;copyright&quot;:&quot;&quot;,&quot;focal_length&quot;:&quot;0&quot;,&quot;iso&quot;:&quot;0&quot;,&quot;shutter_speed&quot;:&quot;0&quot;,&quot;title&quot;:&quot;&quot;,&quot;orientation&quot;:&quot;0&quot;}\" data-image-title=\"comedia\" data-image-description=\"\" data-image-caption=\"\" data-large-file=\"https:\/\/www.catedracosgaya.com.ar\/tipoblog\/2018\/wp-content\/uploads\/2018\/08\/comedia.png\" class=\"wp-image-5659 aligncenter\" src=\"http:\/\/www.catedracosgaya.com.ar\/tipoblog\/2018\/wp-content\/uploads\/2018\/08\/comedia-300x167.png\" alt=\"\" width=\"530\" height=\"295\" srcset=\"https:\/\/www.catedracosgaya.com.ar\/tipoblog\/2018\/wp-content\/uploads\/2018\/08\/comedia-300x167.png 300w, https:\/\/www.catedracosgaya.com.ar\/tipoblog\/2018\/wp-content\/uploads\/2018\/08\/comedia.png 472w\" sizes=\"auto, (max-width: 530px) 100vw, 530px\" \/><\/p>\n<p style=\"text-align: center\"><em>Sabes que se viene una de comedia que puede estar buen\u00edsima o ser de Adam Sandler.<\/em><\/p>\n<p>&nbsp;<\/p>\n<ul>\n<li style=\"text-align: center\">Si ves esto es una pel\u00edcula de acci\u00f3n con disparos donde nunca le dan al protagonista.<\/li>\n<\/ul>\n<p style=\"text-align: center\"><img loading=\"lazy\" decoding=\"async\" data-attachment-id=\"5657\" data-permalink=\"https:\/\/www.catedracosgaya.com.ar\/tipoblog\/2018\/3-2-1-trajan\/accion\/\" data-orig-file=\"https:\/\/www.catedracosgaya.com.ar\/tipoblog\/2018\/wp-content\/uploads\/2018\/08\/accion.png\" data-orig-size=\"665,259\" data-comments-opened=\"0\" data-image-meta=\"{&quot;aperture&quot;:&quot;0&quot;,&quot;credit&quot;:&quot;&quot;,&quot;camera&quot;:&quot;&quot;,&quot;caption&quot;:&quot;&quot;,&quot;created_timestamp&quot;:&quot;0&quot;,&quot;copyright&quot;:&quot;&quot;,&quot;focal_length&quot;:&quot;0&quot;,&quot;iso&quot;:&quot;0&quot;,&quot;shutter_speed&quot;:&quot;0&quot;,&quot;title&quot;:&quot;&quot;,&quot;orientation&quot;:&quot;0&quot;}\" data-image-title=\"accion\" data-image-description=\"\" data-image-caption=\"\" data-large-file=\"https:\/\/www.catedracosgaya.com.ar\/tipoblog\/2018\/wp-content\/uploads\/2018\/08\/accion.png\" class=\" wp-image-5657 aligncenter\" src=\"http:\/\/www.catedracosgaya.com.ar\/tipoblog\/2018\/wp-content\/uploads\/2018\/08\/accion-300x117.png\" alt=\"\" width=\"601\" height=\"234\" srcset=\"https:\/\/www.catedracosgaya.com.ar\/tipoblog\/2018\/wp-content\/uploads\/2018\/08\/accion-300x117.png 300w, https:\/\/www.catedracosgaya.com.ar\/tipoblog\/2018\/wp-content\/uploads\/2018\/08\/accion.png 665w\" sizes=\"auto, (max-width: 601px) 100vw, 601px\" \/><\/p>\n<p>&nbsp;<\/p>\n<ul>\n<li style=\"text-align: center\">Este de ciencia ficci\u00f3n o misterio.<\/li>\n<\/ul>\n<p><img loading=\"lazy\" decoding=\"async\" data-attachment-id=\"5660\" data-permalink=\"https:\/\/www.catedracosgaya.com.ar\/tipoblog\/2018\/3-2-1-trajan\/scifi\/\" data-orig-file=\"https:\/\/www.catedracosgaya.com.ar\/tipoblog\/2018\/wp-content\/uploads\/2018\/08\/scifi.png\" data-orig-size=\"582,268\" data-comments-opened=\"0\" data-image-meta=\"{&quot;aperture&quot;:&quot;0&quot;,&quot;credit&quot;:&quot;&quot;,&quot;camera&quot;:&quot;&quot;,&quot;caption&quot;:&quot;&quot;,&quot;created_timestamp&quot;:&quot;0&quot;,&quot;copyright&quot;:&quot;&quot;,&quot;focal_length&quot;:&quot;0&quot;,&quot;iso&quot;:&quot;0&quot;,&quot;shutter_speed&quot;:&quot;0&quot;,&quot;title&quot;:&quot;&quot;,&quot;orientation&quot;:&quot;0&quot;}\" data-image-title=\"scifi\" data-image-description=\"\" data-image-caption=\"\" data-large-file=\"https:\/\/www.catedracosgaya.com.ar\/tipoblog\/2018\/wp-content\/uploads\/2018\/08\/scifi.png\" class=\"wp-image-5660 aligncenter\" src=\"http:\/\/www.catedracosgaya.com.ar\/tipoblog\/2018\/wp-content\/uploads\/2018\/08\/scifi-300x138.png\" alt=\"\" width=\"530\" height=\"244\" srcset=\"https:\/\/www.catedracosgaya.com.ar\/tipoblog\/2018\/wp-content\/uploads\/2018\/08\/scifi-300x138.png 300w, https:\/\/www.catedracosgaya.com.ar\/tipoblog\/2018\/wp-content\/uploads\/2018\/08\/scifi.png 582w\" sizes=\"auto, (max-width: 530px) 100vw, 530px\" \/><\/p>\n<ul>\n<li style=\"text-align: center\">Este de autos y velocidad donde no existen las calles con baches.<\/li>\n<\/ul>\n<p><img loading=\"lazy\" decoding=\"async\" data-attachment-id=\"5662\" data-permalink=\"https:\/\/www.catedracosgaya.com.ar\/tipoblog\/2018\/3-2-1-trajan\/velocidad\/\" data-orig-file=\"https:\/\/www.catedracosgaya.com.ar\/tipoblog\/2018\/wp-content\/uploads\/2018\/08\/velocidad.png\" data-orig-size=\"613,251\" data-comments-opened=\"0\" data-image-meta=\"{&quot;aperture&quot;:&quot;0&quot;,&quot;credit&quot;:&quot;&quot;,&quot;camera&quot;:&quot;&quot;,&quot;caption&quot;:&quot;&quot;,&quot;created_timestamp&quot;:&quot;0&quot;,&quot;copyright&quot;:&quot;&quot;,&quot;focal_length&quot;:&quot;0&quot;,&quot;iso&quot;:&quot;0&quot;,&quot;shutter_speed&quot;:&quot;0&quot;,&quot;title&quot;:&quot;&quot;,&quot;orientation&quot;:&quot;0&quot;}\" data-image-title=\"velocidad\" data-image-description=\"\" data-image-caption=\"\" data-large-file=\"https:\/\/www.catedracosgaya.com.ar\/tipoblog\/2018\/wp-content\/uploads\/2018\/08\/velocidad.png\" class=\" wp-image-5662 aligncenter\" src=\"http:\/\/www.catedracosgaya.com.ar\/tipoblog\/2018\/wp-content\/uploads\/2018\/08\/velocidad-300x123.png\" alt=\"\" width=\"556\" height=\"228\" srcset=\"https:\/\/www.catedracosgaya.com.ar\/tipoblog\/2018\/wp-content\/uploads\/2018\/08\/velocidad-300x123.png 300w, https:\/\/www.catedracosgaya.com.ar\/tipoblog\/2018\/wp-content\/uploads\/2018\/08\/velocidad.png 613w\" sizes=\"auto, (max-width: 556px) 100vw, 556px\" \/><\/p>\n<p>&nbsp;<\/p>\n<ul>\n<li style=\"text-align: center\">Este de aventuras de Disney o DreamWorks<\/li>\n<\/ul>\n<p><img loading=\"lazy\" decoding=\"async\" data-attachment-id=\"5658\" data-permalink=\"https:\/\/www.catedracosgaya.com.ar\/tipoblog\/2018\/3-2-1-trajan\/aventura\/\" data-orig-file=\"https:\/\/www.catedracosgaya.com.ar\/tipoblog\/2018\/wp-content\/uploads\/2018\/08\/aventura.png\" data-orig-size=\"383,260\" data-comments-opened=\"0\" data-image-meta=\"{&quot;aperture&quot;:&quot;0&quot;,&quot;credit&quot;:&quot;&quot;,&quot;camera&quot;:&quot;&quot;,&quot;caption&quot;:&quot;&quot;,&quot;created_timestamp&quot;:&quot;0&quot;,&quot;copyright&quot;:&quot;&quot;,&quot;focal_length&quot;:&quot;0&quot;,&quot;iso&quot;:&quot;0&quot;,&quot;shutter_speed&quot;:&quot;0&quot;,&quot;title&quot;:&quot;&quot;,&quot;orientation&quot;:&quot;0&quot;}\" data-image-title=\"aventura\" data-image-description=\"\" data-image-caption=\"\" data-large-file=\"https:\/\/www.catedracosgaya.com.ar\/tipoblog\/2018\/wp-content\/uploads\/2018\/08\/aventura.png\" class=\" wp-image-5658 aligncenter\" src=\"http:\/\/www.catedracosgaya.com.ar\/tipoblog\/2018\/wp-content\/uploads\/2018\/08\/aventura-300x204.png\" alt=\"\" width=\"441\" height=\"300\" srcset=\"https:\/\/www.catedracosgaya.com.ar\/tipoblog\/2018\/wp-content\/uploads\/2018\/08\/aventura-300x204.png 300w, https:\/\/www.catedracosgaya.com.ar\/tipoblog\/2018\/wp-content\/uploads\/2018\/08\/aventura.png 383w\" sizes=\"auto, (max-width: 441px) 100vw, 441px\" \/><\/p>\n<h4 style=\"text-align: center\">Pero si ves esto?<\/h4>\n<p style=\"text-align: center\"><img loading=\"lazy\" decoding=\"async\" data-attachment-id=\"5666\" data-permalink=\"https:\/\/www.catedracosgaya.com.ar\/tipoblog\/2018\/3-2-1-trajan\/c9cd32f7adb61ef18701ed5466da15e6\/\" data-orig-file=\"https:\/\/www.catedracosgaya.com.ar\/tipoblog\/2018\/wp-content\/uploads\/2018\/08\/c9cd32f7adb61ef18701ed5466da15e6.png\" data-orig-size=\"1583,759\" data-comments-opened=\"0\" data-image-meta=\"{&quot;aperture&quot;:&quot;0&quot;,&quot;credit&quot;:&quot;&quot;,&quot;camera&quot;:&quot;&quot;,&quot;caption&quot;:&quot;&quot;,&quot;created_timestamp&quot;:&quot;0&quot;,&quot;copyright&quot;:&quot;&quot;,&quot;focal_length&quot;:&quot;0&quot;,&quot;iso&quot;:&quot;0&quot;,&quot;shutter_speed&quot;:&quot;0&quot;,&quot;title&quot;:&quot;&quot;,&quot;orientation&quot;:&quot;0&quot;}\" data-image-title=\"c9cd32f7adb61ef18701ed5466da15e6\" data-image-description=\"\" data-image-caption=\"\" data-large-file=\"https:\/\/www.catedracosgaya.com.ar\/tipoblog\/2018\/wp-content\/uploads\/2018\/08\/c9cd32f7adb61ef18701ed5466da15e6-1024x491.png\" class=\" wp-image-5666 aligncenter\" src=\"http:\/\/www.catedracosgaya.com.ar\/tipoblog\/2018\/wp-content\/uploads\/2018\/08\/c9cd32f7adb61ef18701ed5466da15e6-300x144.png\" alt=\"\" width=\"821\" height=\"394\" srcset=\"https:\/\/www.catedracosgaya.com.ar\/tipoblog\/2018\/wp-content\/uploads\/2018\/08\/c9cd32f7adb61ef18701ed5466da15e6-300x144.png 300w, https:\/\/www.catedracosgaya.com.ar\/tipoblog\/2018\/wp-content\/uploads\/2018\/08\/c9cd32f7adb61ef18701ed5466da15e6-768x368.png 768w, https:\/\/www.catedracosgaya.com.ar\/tipoblog\/2018\/wp-content\/uploads\/2018\/08\/c9cd32f7adb61ef18701ed5466da15e6-1024x491.png 1024w, https:\/\/www.catedracosgaya.com.ar\/tipoblog\/2018\/wp-content\/uploads\/2018\/08\/c9cd32f7adb61ef18701ed5466da15e6.png 1583w\" sizes=\"auto, (max-width: 821px) 100vw, 821px\" \/><\/p>\n<p><img loading=\"lazy\" decoding=\"async\" data-attachment-id=\"5667\" data-permalink=\"https:\/\/www.catedracosgaya.com.ar\/tipoblog\/2018\/3-2-1-trajan\/35999020_1836624723099015_4121426578309644288_n\/\" data-orig-file=\"https:\/\/www.catedracosgaya.com.ar\/tipoblog\/2018\/wp-content\/uploads\/2018\/08\/35999020_1836624723099015_4121426578309644288_n.jpg\" data-orig-size=\"480,480\" data-comments-opened=\"0\" data-image-meta=\"{&quot;aperture&quot;:&quot;0&quot;,&quot;credit&quot;:&quot;&quot;,&quot;camera&quot;:&quot;&quot;,&quot;caption&quot;:&quot;&quot;,&quot;created_timestamp&quot;:&quot;0&quot;,&quot;copyright&quot;:&quot;&quot;,&quot;focal_length&quot;:&quot;0&quot;,&quot;iso&quot;:&quot;0&quot;,&quot;shutter_speed&quot;:&quot;0&quot;,&quot;title&quot;:&quot;&quot;,&quot;orientation&quot;:&quot;0&quot;}\" data-image-title=\"35999020_1836624723099015_4121426578309644288_n\" data-image-description=\"\" data-image-caption=\"\" data-large-file=\"https:\/\/www.catedracosgaya.com.ar\/tipoblog\/2018\/wp-content\/uploads\/2018\/08\/35999020_1836624723099015_4121426578309644288_n.jpg\" class=\"wp-image-5667 aligncenter\" src=\"http:\/\/www.catedracosgaya.com.ar\/tipoblog\/2018\/wp-content\/uploads\/2018\/08\/35999020_1836624723099015_4121426578309644288_n-300x300.jpg\" alt=\"\" width=\"413\" height=\"413\" srcset=\"https:\/\/www.catedracosgaya.com.ar\/tipoblog\/2018\/wp-content\/uploads\/2018\/08\/35999020_1836624723099015_4121426578309644288_n-300x300.jpg 300w, https:\/\/www.catedracosgaya.com.ar\/tipoblog\/2018\/wp-content\/uploads\/2018\/08\/35999020_1836624723099015_4121426578309644288_n-150x150.jpg 150w, https:\/\/www.catedracosgaya.com.ar\/tipoblog\/2018\/wp-content\/uploads\/2018\/08\/35999020_1836624723099015_4121426578309644288_n-55x55.jpg 55w, https:\/\/www.catedracosgaya.com.ar\/tipoblog\/2018\/wp-content\/uploads\/2018\/08\/35999020_1836624723099015_4121426578309644288_n.jpg 480w\" sizes=\"auto, (max-width: 413px) 100vw, 413px\" \/><\/p>\n<p>&nbsp;<\/p>\n<p>La familia tipogr\u00e1fica Trajan es la m\u00e1s visualizada gracias a su gran uso en piezas graficas en relaci\u00f3n al mundo antiguo como puede ser libros con tem\u00e1tica antigua, poster de cine, obras de teatro, novelas, etc, al ser inspirada en inscripciones lapidarias romanas, en especial los que se encontraron en la base de la columna de Trajano, de ah\u00ed el nombre. Su dise\u00f1o corresponde a la tipografa Carol Twombly en 1989 por encargo de la empresa Adobe.<\/p>\n<p>&nbsp;<\/p>\n<p><img loading=\"lazy\" decoding=\"async\" data-attachment-id=\"5668\" data-permalink=\"https:\/\/www.catedracosgaya.com.ar\/tipoblog\/2018\/3-2-1-trajan\/rome-design-city-from-trajan-column-to-ux-22-638\/\" data-orig-file=\"https:\/\/www.catedracosgaya.com.ar\/tipoblog\/2018\/wp-content\/uploads\/2018\/08\/rome-design-city-from-trajan-column-to-ux-22-638.jpg\" data-orig-size=\"638,359\" data-comments-opened=\"0\" data-image-meta=\"{&quot;aperture&quot;:&quot;0&quot;,&quot;credit&quot;:&quot;&quot;,&quot;camera&quot;:&quot;&quot;,&quot;caption&quot;:&quot;&quot;,&quot;created_timestamp&quot;:&quot;0&quot;,&quot;copyright&quot;:&quot;&quot;,&quot;focal_length&quot;:&quot;0&quot;,&quot;iso&quot;:&quot;0&quot;,&quot;shutter_speed&quot;:&quot;0&quot;,&quot;title&quot;:&quot;&quot;,&quot;orientation&quot;:&quot;0&quot;}\" data-image-title=\"rome-design-city-from-trajan-column-to-ux-22-638\" data-image-description=\"\" data-image-caption=\"\" data-large-file=\"https:\/\/www.catedracosgaya.com.ar\/tipoblog\/2018\/wp-content\/uploads\/2018\/08\/rome-design-city-from-trajan-column-to-ux-22-638.jpg\" class=\"size-full wp-image-5668 aligncenter\" src=\"http:\/\/www.catedracosgaya.com.ar\/tipoblog\/2018\/wp-content\/uploads\/2018\/08\/rome-design-city-from-trajan-column-to-ux-22-638.jpg\" alt=\"\" width=\"638\" height=\"359\" srcset=\"https:\/\/www.catedracosgaya.com.ar\/tipoblog\/2018\/wp-content\/uploads\/2018\/08\/rome-design-city-from-trajan-column-to-ux-22-638.jpg 638w, https:\/\/www.catedracosgaya.com.ar\/tipoblog\/2018\/wp-content\/uploads\/2018\/08\/rome-design-city-from-trajan-column-to-ux-22-638-300x169.jpg 300w\" sizes=\"auto, (max-width: 638px) 100vw, 638px\" \/><\/p>\n<p>&nbsp;<\/p>\n<p>A diferencia de la tipograf\u00eda original tallada en piedra, la Trajan tiene n\u00fameros y signos de puntuaci\u00f3n, as\u00ed como una versi\u00f3n bold. De la original conserva su trazo \u2013resultado de haber sido primero trazada a pincel y despu\u00e9s tallada a cincel (de ah\u00ed sus caracter\u00edsticos remates)\u2013 y la peculiaridad de no contar con caja baja. A lo largo del tiempo Trajan ha sido redise\u00f1ada y se le han ido incluyendo actualizaciones y mejoras. Actualmente Adobe cuenta con Trajan Pro 3.<\/p>\n<p>&nbsp;<\/p>\n<p><img loading=\"lazy\" decoding=\"async\" data-attachment-id=\"5669\" data-permalink=\"https:\/\/www.catedracosgaya.com.ar\/tipoblog\/2018\/3-2-1-trajan\/images-5\/\" data-orig-file=\"https:\/\/www.catedracosgaya.com.ar\/tipoblog\/2018\/wp-content\/uploads\/2018\/08\/images.png\" data-orig-size=\"438,115\" data-comments-opened=\"0\" data-image-meta=\"{&quot;aperture&quot;:&quot;0&quot;,&quot;credit&quot;:&quot;&quot;,&quot;camera&quot;:&quot;&quot;,&quot;caption&quot;:&quot;&quot;,&quot;created_timestamp&quot;:&quot;0&quot;,&quot;copyright&quot;:&quot;&quot;,&quot;focal_length&quot;:&quot;0&quot;,&quot;iso&quot;:&quot;0&quot;,&quot;shutter_speed&quot;:&quot;0&quot;,&quot;title&quot;:&quot;&quot;,&quot;orientation&quot;:&quot;0&quot;}\" data-image-title=\"images\" data-image-description=\"\" data-image-caption=\"\" data-large-file=\"https:\/\/www.catedracosgaya.com.ar\/tipoblog\/2018\/wp-content\/uploads\/2018\/08\/images.png\" class=\"wp-image-5669 aligncenter\" src=\"http:\/\/www.catedracosgaya.com.ar\/tipoblog\/2018\/wp-content\/uploads\/2018\/08\/images.png\" alt=\"\" width=\"658\" height=\"173\" srcset=\"https:\/\/www.catedracosgaya.com.ar\/tipoblog\/2018\/wp-content\/uploads\/2018\/08\/images.png 438w, https:\/\/www.catedracosgaya.com.ar\/tipoblog\/2018\/wp-content\/uploads\/2018\/08\/images-300x79.png 300w\" sizes=\"auto, (max-width: 658px) 100vw, 658px\" \/><\/p>\n<p>&nbsp;<\/p>\n<p>Si nos remontamos en el principio del cine y pasando por su \u00e9poca dorada podemos apreciar cantidad enorme de posters con tipograf\u00edas \u00fanicas y personales en cada una.<\/p>\n<p>&nbsp;<\/p>\n<p><img loading=\"lazy\" decoding=\"async\" data-attachment-id=\"5670\" data-permalink=\"https:\/\/www.catedracosgaya.com.ar\/tipoblog\/2018\/3-2-1-trajan\/95a83be8c629a5da75e4bb53b5cd2943\/\" data-orig-file=\"https:\/\/www.catedracosgaya.com.ar\/tipoblog\/2018\/wp-content\/uploads\/2018\/08\/95a83be8c629a5da75e4bb53b5cd2943.jpg\" data-orig-size=\"1500,745\" data-comments-opened=\"0\" data-image-meta=\"{&quot;aperture&quot;:&quot;0&quot;,&quot;credit&quot;:&quot;&quot;,&quot;camera&quot;:&quot;&quot;,&quot;caption&quot;:&quot;&quot;,&quot;created_timestamp&quot;:&quot;0&quot;,&quot;copyright&quot;:&quot;&quot;,&quot;focal_length&quot;:&quot;0&quot;,&quot;iso&quot;:&quot;0&quot;,&quot;shutter_speed&quot;:&quot;0&quot;,&quot;title&quot;:&quot;&quot;,&quot;orientation&quot;:&quot;0&quot;}\" data-image-title=\"95a83be8c629a5da75e4bb53b5cd2943\" data-image-description=\"\" data-image-caption=\"\" data-large-file=\"https:\/\/www.catedracosgaya.com.ar\/tipoblog\/2018\/wp-content\/uploads\/2018\/08\/95a83be8c629a5da75e4bb53b5cd2943-1024x509.jpg\" class=\"size-full wp-image-5670 aligncenter\" src=\"http:\/\/www.catedracosgaya.com.ar\/tipoblog\/2018\/wp-content\/uploads\/2018\/08\/95a83be8c629a5da75e4bb53b5cd2943.jpg\" alt=\"\" width=\"1500\" height=\"745\" srcset=\"https:\/\/www.catedracosgaya.com.ar\/tipoblog\/2018\/wp-content\/uploads\/2018\/08\/95a83be8c629a5da75e4bb53b5cd2943.jpg 1500w, https:\/\/www.catedracosgaya.com.ar\/tipoblog\/2018\/wp-content\/uploads\/2018\/08\/95a83be8c629a5da75e4bb53b5cd2943-300x149.jpg 300w, https:\/\/www.catedracosgaya.com.ar\/tipoblog\/2018\/wp-content\/uploads\/2018\/08\/95a83be8c629a5da75e4bb53b5cd2943-768x381.jpg 768w, https:\/\/www.catedracosgaya.com.ar\/tipoblog\/2018\/wp-content\/uploads\/2018\/08\/95a83be8c629a5da75e4bb53b5cd2943-1024x509.jpg 1024w\" sizes=\"auto, (max-width: 1500px) 100vw, 1500px\" \/><\/p>\n<p>&nbsp;<\/p>\n<p>Lejos quedaron ya esos tiempos donde cada poster ten\u00eda una personalidad \u00fanica y con la llegada de la tecnolog\u00eda y la globalizaci\u00f3n ha permitido hacer carteles mas impactantes, pero llegando a un punto de crear un estilo de poster standard.<\/p>\n<p>La Trajan se convirti\u00f3 de un d\u00eda para el otro en el mundo de los posters cinematogr\u00e1ficos en la Helvetica de los carteles (salve las diferencias). Los posters donde es utilizada son de acci\u00f3n, drama y terror, donde buscan darle un toque \u00e9pico e imponente a la pel\u00edcula.<\/p>\n<p>&nbsp;<\/p>\n<p><img loading=\"lazy\" decoding=\"async\" data-attachment-id=\"5673\" data-permalink=\"https:\/\/www.catedracosgaya.com.ar\/tipoblog\/2018\/3-2-1-trajan\/descarga-1\/\" data-orig-file=\"https:\/\/www.catedracosgaya.com.ar\/tipoblog\/2018\/wp-content\/uploads\/2018\/08\/descarga-1.jpg\" data-orig-size=\"183,275\" data-comments-opened=\"0\" data-image-meta=\"{&quot;aperture&quot;:&quot;0&quot;,&quot;credit&quot;:&quot;&quot;,&quot;camera&quot;:&quot;&quot;,&quot;caption&quot;:&quot;&quot;,&quot;created_timestamp&quot;:&quot;0&quot;,&quot;copyright&quot;:&quot;&quot;,&quot;focal_length&quot;:&quot;0&quot;,&quot;iso&quot;:&quot;0&quot;,&quot;shutter_speed&quot;:&quot;0&quot;,&quot;title&quot;:&quot;&quot;,&quot;orientation&quot;:&quot;0&quot;}\" data-image-title=\"descarga (1)\" data-image-description=\"\" data-image-caption=\"\" data-large-file=\"https:\/\/www.catedracosgaya.com.ar\/tipoblog\/2018\/wp-content\/uploads\/2018\/08\/descarga-1.jpg\" class=\"alignnone size-full wp-image-5673\" src=\"http:\/\/www.catedracosgaya.com.ar\/tipoblog\/2018\/wp-content\/uploads\/2018\/08\/descarga-1.jpg\" alt=\"\" width=\"183\" height=\"275\" \/> <img loading=\"lazy\" decoding=\"async\" data-attachment-id=\"5674\" data-permalink=\"https:\/\/www.catedracosgaya.com.ar\/tipoblog\/2018\/3-2-1-trajan\/descarga\/\" data-orig-file=\"https:\/\/www.catedracosgaya.com.ar\/tipoblog\/2018\/wp-content\/uploads\/2018\/08\/descarga.jpg\" data-orig-size=\"185,273\" data-comments-opened=\"0\" data-image-meta=\"{&quot;aperture&quot;:&quot;0&quot;,&quot;credit&quot;:&quot;&quot;,&quot;camera&quot;:&quot;&quot;,&quot;caption&quot;:&quot;&quot;,&quot;created_timestamp&quot;:&quot;0&quot;,&quot;copyright&quot;:&quot;&quot;,&quot;focal_length&quot;:&quot;0&quot;,&quot;iso&quot;:&quot;0&quot;,&quot;shutter_speed&quot;:&quot;0&quot;,&quot;title&quot;:&quot;&quot;,&quot;orientation&quot;:&quot;0&quot;}\" data-image-title=\"descarga\" data-image-description=\"\" data-image-caption=\"\" data-large-file=\"https:\/\/www.catedracosgaya.com.ar\/tipoblog\/2018\/wp-content\/uploads\/2018\/08\/descarga.jpg\" class=\"alignnone size-full wp-image-5674\" src=\"http:\/\/www.catedracosgaya.com.ar\/tipoblog\/2018\/wp-content\/uploads\/2018\/08\/descarga.jpg\" alt=\"\" width=\"185\" height=\"273\" \/> <img loading=\"lazy\" decoding=\"async\" data-attachment-id=\"5676\" data-permalink=\"https:\/\/www.catedracosgaya.com.ar\/tipoblog\/2018\/3-2-1-trajan\/images-1\/\" data-orig-file=\"https:\/\/www.catedracosgaya.com.ar\/tipoblog\/2018\/wp-content\/uploads\/2018\/08\/images-1.jpg\" data-orig-size=\"296,170\" data-comments-opened=\"0\" data-image-meta=\"{&quot;aperture&quot;:&quot;0&quot;,&quot;credit&quot;:&quot;&quot;,&quot;camera&quot;:&quot;&quot;,&quot;caption&quot;:&quot;&quot;,&quot;created_timestamp&quot;:&quot;0&quot;,&quot;copyright&quot;:&quot;&quot;,&quot;focal_length&quot;:&quot;0&quot;,&quot;iso&quot;:&quot;0&quot;,&quot;shutter_speed&quot;:&quot;0&quot;,&quot;title&quot;:&quot;&quot;,&quot;orientation&quot;:&quot;0&quot;}\" data-image-title=\"images (1)\" data-image-description=\"\" data-image-caption=\"\" data-large-file=\"https:\/\/www.catedracosgaya.com.ar\/tipoblog\/2018\/wp-content\/uploads\/2018\/08\/images-1.jpg\" class=\"alignnone size-full wp-image-5676\" src=\"http:\/\/www.catedracosgaya.com.ar\/tipoblog\/2018\/wp-content\/uploads\/2018\/08\/images-1.jpg\" alt=\"\" width=\"296\" height=\"170\" \/> <img loading=\"lazy\" decoding=\"async\" data-attachment-id=\"5677\" data-permalink=\"https:\/\/www.catedracosgaya.com.ar\/tipoblog\/2018\/3-2-1-trajan\/images-6\/\" data-orig-file=\"https:\/\/www.catedracosgaya.com.ar\/tipoblog\/2018\/wp-content\/uploads\/2018\/08\/images.jpg\" data-orig-size=\"284,177\" data-comments-opened=\"0\" data-image-meta=\"{&quot;aperture&quot;:&quot;0&quot;,&quot;credit&quot;:&quot;&quot;,&quot;camera&quot;:&quot;&quot;,&quot;caption&quot;:&quot;&quot;,&quot;created_timestamp&quot;:&quot;0&quot;,&quot;copyright&quot;:&quot;&quot;,&quot;focal_length&quot;:&quot;0&quot;,&quot;iso&quot;:&quot;0&quot;,&quot;shutter_speed&quot;:&quot;0&quot;,&quot;title&quot;:&quot;&quot;,&quot;orientation&quot;:&quot;0&quot;}\" data-image-title=\"images\" data-image-description=\"\" data-image-caption=\"\" data-large-file=\"https:\/\/www.catedracosgaya.com.ar\/tipoblog\/2018\/wp-content\/uploads\/2018\/08\/images.jpg\" class=\"alignnone size-full wp-image-5677\" src=\"http:\/\/www.catedracosgaya.com.ar\/tipoblog\/2018\/wp-content\/uploads\/2018\/08\/images.jpg\" alt=\"\" width=\"284\" height=\"177\" \/> <img loading=\"lazy\" decoding=\"async\" data-attachment-id=\"5678\" data-permalink=\"https:\/\/www.catedracosgaya.com.ar\/tipoblog\/2018\/3-2-1-trajan\/movie-poster\/\" data-orig-file=\"https:\/\/www.catedracosgaya.com.ar\/tipoblog\/2018\/wp-content\/uploads\/2018\/08\/movie-poster.jpg\" data-orig-size=\"550,825\" data-comments-opened=\"0\" data-image-meta=\"{&quot;aperture&quot;:&quot;0&quot;,&quot;credit&quot;:&quot;&quot;,&quot;camera&quot;:&quot;&quot;,&quot;caption&quot;:&quot;&quot;,&quot;created_timestamp&quot;:&quot;0&quot;,&quot;copyright&quot;:&quot;&quot;,&quot;focal_length&quot;:&quot;0&quot;,&quot;iso&quot;:&quot;0&quot;,&quot;shutter_speed&quot;:&quot;0&quot;,&quot;title&quot;:&quot;&quot;,&quot;orientation&quot;:&quot;0&quot;}\" data-image-title=\"movie-poster\" data-image-description=\"\" data-image-caption=\"\" data-large-file=\"https:\/\/www.catedracosgaya.com.ar\/tipoblog\/2018\/wp-content\/uploads\/2018\/08\/movie-poster.jpg\" class=\"alignnone wp-image-5678\" src=\"http:\/\/www.catedracosgaya.com.ar\/tipoblog\/2018\/wp-content\/uploads\/2018\/08\/movie-poster.jpg\" alt=\"\" width=\"323\" height=\"485\" srcset=\"https:\/\/www.catedracosgaya.com.ar\/tipoblog\/2018\/wp-content\/uploads\/2018\/08\/movie-poster.jpg 550w, https:\/\/www.catedracosgaya.com.ar\/tipoblog\/2018\/wp-content\/uploads\/2018\/08\/movie-poster-200x300.jpg 200w\" sizes=\"auto, (max-width: 323px) 100vw, 323px\" \/> <img loading=\"lazy\" decoding=\"async\" data-attachment-id=\"5679\" data-permalink=\"https:\/\/www.catedracosgaya.com.ar\/tipoblog\/2018\/3-2-1-trajan\/posters-peliculas-cisne-negro\/\" data-orig-file=\"https:\/\/www.catedracosgaya.com.ar\/tipoblog\/2018\/wp-content\/uploads\/2018\/08\/posters-peliculas-cisne-negro.jpg\" data-orig-size=\"800,1185\" data-comments-opened=\"0\" data-image-meta=\"{&quot;aperture&quot;:&quot;0&quot;,&quot;credit&quot;:&quot;&quot;,&quot;camera&quot;:&quot;&quot;,&quot;caption&quot;:&quot;&quot;,&quot;created_timestamp&quot;:&quot;0&quot;,&quot;copyright&quot;:&quot;&quot;,&quot;focal_length&quot;:&quot;0&quot;,&quot;iso&quot;:&quot;0&quot;,&quot;shutter_speed&quot;:&quot;0&quot;,&quot;title&quot;:&quot;&quot;,&quot;orientation&quot;:&quot;0&quot;}\" data-image-title=\"posters-peliculas-cisne-negro\" data-image-description=\"\" data-image-caption=\"\" data-large-file=\"https:\/\/www.catedracosgaya.com.ar\/tipoblog\/2018\/wp-content\/uploads\/2018\/08\/posters-peliculas-cisne-negro-691x1024.jpg\" class=\"alignnone wp-image-5679\" src=\"http:\/\/www.catedracosgaya.com.ar\/tipoblog\/2018\/wp-content\/uploads\/2018\/08\/posters-peliculas-cisne-negro.jpg\" alt=\"\" width=\"327\" height=\"485\" srcset=\"https:\/\/www.catedracosgaya.com.ar\/tipoblog\/2018\/wp-content\/uploads\/2018\/08\/posters-peliculas-cisne-negro.jpg 800w, https:\/\/www.catedracosgaya.com.ar\/tipoblog\/2018\/wp-content\/uploads\/2018\/08\/posters-peliculas-cisne-negro-203x300.jpg 203w, https:\/\/www.catedracosgaya.com.ar\/tipoblog\/2018\/wp-content\/uploads\/2018\/08\/posters-peliculas-cisne-negro-768x1138.jpg 768w, https:\/\/www.catedracosgaya.com.ar\/tipoblog\/2018\/wp-content\/uploads\/2018\/08\/posters-peliculas-cisne-negro-691x1024.jpg 691w\" sizes=\"auto, (max-width: 327px) 100vw, 327px\" \/> <img loading=\"lazy\" decoding=\"async\" data-attachment-id=\"5684\" data-permalink=\"https:\/\/www.catedracosgaya.com.ar\/tipoblog\/2018\/3-2-1-trajan\/posters-trajan-titanic\/\" data-orig-file=\"https:\/\/www.catedracosgaya.com.ar\/tipoblog\/2018\/wp-content\/uploads\/2018\/08\/posters-trajan-titanic.jpg\" data-orig-size=\"800,1181\" data-comments-opened=\"0\" data-image-meta=\"{&quot;aperture&quot;:&quot;0&quot;,&quot;credit&quot;:&quot;&quot;,&quot;camera&quot;:&quot;&quot;,&quot;caption&quot;:&quot;&quot;,&quot;created_timestamp&quot;:&quot;0&quot;,&quot;copyright&quot;:&quot;&quot;,&quot;focal_length&quot;:&quot;0&quot;,&quot;iso&quot;:&quot;0&quot;,&quot;shutter_speed&quot;:&quot;0&quot;,&quot;title&quot;:&quot;&quot;,&quot;orientation&quot;:&quot;0&quot;}\" data-image-title=\"posters-trajan-titanic\" data-image-description=\"\" data-image-caption=\"\" data-large-file=\"https:\/\/www.catedracosgaya.com.ar\/tipoblog\/2018\/wp-content\/uploads\/2018\/08\/posters-trajan-titanic-694x1024.jpg\" class=\"alignnone wp-image-5684\" src=\"http:\/\/www.catedracosgaya.com.ar\/tipoblog\/2018\/wp-content\/uploads\/2018\/08\/posters-trajan-titanic.jpg\" alt=\"\" width=\"324\" height=\"478\" srcset=\"https:\/\/www.catedracosgaya.com.ar\/tipoblog\/2018\/wp-content\/uploads\/2018\/08\/posters-trajan-titanic.jpg 800w, https:\/\/www.catedracosgaya.com.ar\/tipoblog\/2018\/wp-content\/uploads\/2018\/08\/posters-trajan-titanic-203x300.jpg 203w, https:\/\/www.catedracosgaya.com.ar\/tipoblog\/2018\/wp-content\/uploads\/2018\/08\/posters-trajan-titanic-768x1134.jpg 768w, https:\/\/www.catedracosgaya.com.ar\/tipoblog\/2018\/wp-content\/uploads\/2018\/08\/posters-trajan-titanic-694x1024.jpg 694w\" sizes=\"auto, (max-width: 324px) 100vw, 324px\" \/> \u00a0<img loading=\"lazy\" decoding=\"async\" data-attachment-id=\"5682\" data-permalink=\"https:\/\/www.catedracosgaya.com.ar\/tipoblog\/2018\/3-2-1-trajan\/posters-trajan-destino-final\/\" data-orig-file=\"https:\/\/www.catedracosgaya.com.ar\/tipoblog\/2018\/wp-content\/uploads\/2018\/08\/posters-trajan-destino-final-.jpg\" data-orig-size=\"800,1158\" data-comments-opened=\"0\" data-image-meta=\"{&quot;aperture&quot;:&quot;0&quot;,&quot;credit&quot;:&quot;&quot;,&quot;camera&quot;:&quot;&quot;,&quot;caption&quot;:&quot;&quot;,&quot;created_timestamp&quot;:&quot;0&quot;,&quot;copyright&quot;:&quot;&quot;,&quot;focal_length&quot;:&quot;0&quot;,&quot;iso&quot;:&quot;0&quot;,&quot;shutter_speed&quot;:&quot;0&quot;,&quot;title&quot;:&quot;&quot;,&quot;orientation&quot;:&quot;0&quot;}\" data-image-title=\"posters-trajan-destino-final-\" data-image-description=\"\" data-image-caption=\"\" data-large-file=\"https:\/\/www.catedracosgaya.com.ar\/tipoblog\/2018\/wp-content\/uploads\/2018\/08\/posters-trajan-destino-final--707x1024.jpg\" class=\"alignnone wp-image-5682\" src=\"http:\/\/www.catedracosgaya.com.ar\/tipoblog\/2018\/wp-content\/uploads\/2018\/08\/posters-trajan-destino-final-.jpg\" alt=\"\" width=\"333\" height=\"482\" srcset=\"https:\/\/www.catedracosgaya.com.ar\/tipoblog\/2018\/wp-content\/uploads\/2018\/08\/posters-trajan-destino-final-.jpg 800w, https:\/\/www.catedracosgaya.com.ar\/tipoblog\/2018\/wp-content\/uploads\/2018\/08\/posters-trajan-destino-final--207x300.jpg 207w, https:\/\/www.catedracosgaya.com.ar\/tipoblog\/2018\/wp-content\/uploads\/2018\/08\/posters-trajan-destino-final--768x1112.jpg 768w, https:\/\/www.catedracosgaya.com.ar\/tipoblog\/2018\/wp-content\/uploads\/2018\/08\/posters-trajan-destino-final--707x1024.jpg 707w\" sizes=\"auto, (max-width: 333px) 100vw, 333px\" \/> <img loading=\"lazy\" decoding=\"async\" data-attachment-id=\"5681\" data-permalink=\"https:\/\/www.catedracosgaya.com.ar\/tipoblog\/2018\/3-2-1-trajan\/posters-trajan-codigo-da-vinci\/\" data-orig-file=\"https:\/\/www.catedracosgaya.com.ar\/tipoblog\/2018\/wp-content\/uploads\/2018\/08\/posters-trajan-codigo-da-vinci.jpg\" data-orig-size=\"800,1189\" data-comments-opened=\"0\" data-image-meta=\"{&quot;aperture&quot;:&quot;0&quot;,&quot;credit&quot;:&quot;&quot;,&quot;camera&quot;:&quot;&quot;,&quot;caption&quot;:&quot;&quot;,&quot;created_timestamp&quot;:&quot;0&quot;,&quot;copyright&quot;:&quot;&quot;,&quot;focal_length&quot;:&quot;0&quot;,&quot;iso&quot;:&quot;0&quot;,&quot;shutter_speed&quot;:&quot;0&quot;,&quot;title&quot;:&quot;&quot;,&quot;orientation&quot;:&quot;0&quot;}\" data-image-title=\"posters-trajan-codigo-da-vinci\" data-image-description=\"\" data-image-caption=\"\" data-large-file=\"https:\/\/www.catedracosgaya.com.ar\/tipoblog\/2018\/wp-content\/uploads\/2018\/08\/posters-trajan-codigo-da-vinci-689x1024.jpg\" class=\"alignnone wp-image-5681\" src=\"http:\/\/www.catedracosgaya.com.ar\/tipoblog\/2018\/wp-content\/uploads\/2018\/08\/posters-trajan-codigo-da-vinci.jpg\" alt=\"\" width=\"326\" height=\"484\" srcset=\"https:\/\/www.catedracosgaya.com.ar\/tipoblog\/2018\/wp-content\/uploads\/2018\/08\/posters-trajan-codigo-da-vinci.jpg 800w, https:\/\/www.catedracosgaya.com.ar\/tipoblog\/2018\/wp-content\/uploads\/2018\/08\/posters-trajan-codigo-da-vinci-202x300.jpg 202w, https:\/\/www.catedracosgaya.com.ar\/tipoblog\/2018\/wp-content\/uploads\/2018\/08\/posters-trajan-codigo-da-vinci-768x1141.jpg 768w, https:\/\/www.catedracosgaya.com.ar\/tipoblog\/2018\/wp-content\/uploads\/2018\/08\/posters-trajan-codigo-da-vinci-689x1024.jpg 689w\" sizes=\"auto, (max-width: 326px) 100vw, 326px\" \/> <img loading=\"lazy\" decoding=\"async\" data-attachment-id=\"5680\" data-permalink=\"https:\/\/www.catedracosgaya.com.ar\/tipoblog\/2018\/3-2-1-trajan\/posters-peliculas-thor\/\" data-orig-file=\"https:\/\/www.catedracosgaya.com.ar\/tipoblog\/2018\/wp-content\/uploads\/2018\/08\/posters-peliculas-thor.jpg\" data-orig-size=\"800,1184\" data-comments-opened=\"0\" data-image-meta=\"{&quot;aperture&quot;:&quot;0&quot;,&quot;credit&quot;:&quot;&quot;,&quot;camera&quot;:&quot;&quot;,&quot;caption&quot;:&quot;&quot;,&quot;created_timestamp&quot;:&quot;0&quot;,&quot;copyright&quot;:&quot;&quot;,&quot;focal_length&quot;:&quot;0&quot;,&quot;iso&quot;:&quot;0&quot;,&quot;shutter_speed&quot;:&quot;0&quot;,&quot;title&quot;:&quot;&quot;,&quot;orientation&quot;:&quot;0&quot;}\" data-image-title=\"posters-peliculas-thor\" data-image-description=\"\" data-image-caption=\"\" data-large-file=\"https:\/\/www.catedracosgaya.com.ar\/tipoblog\/2018\/wp-content\/uploads\/2018\/08\/posters-peliculas-thor-692x1024.jpg\" class=\"alignnone wp-image-5680\" src=\"http:\/\/www.catedracosgaya.com.ar\/tipoblog\/2018\/wp-content\/uploads\/2018\/08\/posters-peliculas-thor.jpg\" alt=\"\" width=\"326\" height=\"482\" srcset=\"https:\/\/www.catedracosgaya.com.ar\/tipoblog\/2018\/wp-content\/uploads\/2018\/08\/posters-peliculas-thor.jpg 800w, https:\/\/www.catedracosgaya.com.ar\/tipoblog\/2018\/wp-content\/uploads\/2018\/08\/posters-peliculas-thor-203x300.jpg 203w, https:\/\/www.catedracosgaya.com.ar\/tipoblog\/2018\/wp-content\/uploads\/2018\/08\/posters-peliculas-thor-768x1137.jpg 768w, https:\/\/www.catedracosgaya.com.ar\/tipoblog\/2018\/wp-content\/uploads\/2018\/08\/posters-peliculas-thor-692x1024.jpg 692w\" sizes=\"auto, (max-width: 326px) 100vw, 326px\" \/><\/p>\n<p>Para mi se convirti\u00f3 en un formato est\u00e1ndar el uso de la Trajan por efecto contagio por el f\u00e1cil reconocimiento de los rasgos hist\u00f3ricos y \u00e9picos que deslumbra la familia tipografica en el publico, creando as\u00ed una zona de confort en el mundo del dise\u00f1o de posters cinematogr\u00e1fico. Estudios dicen que cuando un poster no tiene la tipograf\u00eda Trajan se eval\u00faa a esa pelicula como una de clase B o inferior al no tener ESE detalle tan importante como es compartir una misma familia que \u00e9xitos cinematogr\u00e1ficos como El C\u00f3digo DaVinci o Titanic, una lavada de cabeza total desde yankeelandia.<\/p>\n<p>&nbsp;<\/p>\n<p>Fuentes:<\/p>\n<p><a href=\"https:\/\/www.typotalks.com\/news\/2012\/04\/07\/yves-peters-trajan-in-movie-posters\/\">https:\/\/www.typotalks.com\/news\/2012\/04\/07\/yves-peters-trajan-in-movie-posters\/<\/a><\/p>\n<p><a href=\"https:\/\/www.vox.com\/2018\/6\/28\/17514024\/trajan-movie-posters\">https:\/\/www.vox.com\/2018\/6\/28\/17514024\/trajan-movie-posters<\/a><\/p>\n<p><a href=\"https:\/\/lacriaturacreativa.com\/2018\/08\/20\/trajan-la-tipografia-que-se-ha-convertido-en-la-arial-de-los-posters-cinematograficos\/\">https:\/\/lacriaturacreativa.com\/2018\/08\/20\/trajan-la-tipografia-que-se-ha-convertido-en-la-arial-de-los-posters-cinematograficos\/<\/a><\/p>\n<p><a href=\"https:\/\/graffica.info\/quien-diseno-la-tipografia-trajan\/\">https:\/\/graffica.info\/quien-diseno-la-tipografia-trajan\/<\/a><\/p>\n<p>&nbsp;<\/p>\n","protected":false},"excerpt":{"rendered":"<p>Hubo un momento de la historia que cada poster de cine dej\u00f3 de crear su propia tipograf\u00eda a mano y comenzaron a acercarse a los ordenadores en donde una fuente en pel\u00edculas de acci\u00f3n y drama tomo mucha importancia.<\/p>\n","protected":false},"author":130,"featured_media":5687,"comment_status":"closed","ping_status":"closed","sticky":false,"template":"","format":"standard","meta":{"jetpack_post_was_ever_published":false,"_jetpack_newsletter_access":"","_jetpack_dont_email_post_to_subs":false,"_jetpack_newsletter_tier_id":0,"_jetpack_memberships_contains_paywalled_content":false,"_jetpack_memberships_contains_paid_content":false,"footnotes":"","jetpack_publicize_message":"3&#8230; 2 &#8230; 1 TRAJAN!  #\u200eTipoblog #Tipograf&iacute;a2 #C&aacute;tedraCosgaya #\u200eFADU #\u200eUBA","jetpack_publicize_feature_enabled":true,"jetpack_social_post_already_shared":true,"jetpack_social_options":{"image_generator_settings":{"template":"highway","default_image_id":0,"font":"","enabled":false},"version":2}},"categories":[27,25],"tags":[185,187,119,188,186,184],"class_list":["post-5654","post","type-post","status-publish","format-standard","has-post-thumbnail","hentry","category-cultura","category-tecnologia","tag-accion","tag-adobe","tag-cine","tag-ras","tag-terror","tag-trajan"],"jetpack_publicize_connections":[],"jetpack_featured_media_url":"https:\/\/www.catedracosgaya.com.ar\/tipoblog\/2018\/wp-content\/uploads\/2018\/08\/078c184b12c00fe707963ba3a6ec4e1b-e1535512253218.png","jetpack_sharing_enabled":true,"jetpack_shortlink":"https:\/\/wp.me\/p9TJog-1tc","_links":{"self":[{"href":"https:\/\/www.catedracosgaya.com.ar\/tipoblog\/2018\/wp-json\/wp\/v2\/posts\/5654","targetHints":{"allow":["GET"]}}],"collection":[{"href":"https:\/\/www.catedracosgaya.com.ar\/tipoblog\/2018\/wp-json\/wp\/v2\/posts"}],"about":[{"href":"https:\/\/www.catedracosgaya.com.ar\/tipoblog\/2018\/wp-json\/wp\/v2\/types\/post"}],"author":[{"embeddable":true,"href":"https:\/\/www.catedracosgaya.com.ar\/tipoblog\/2018\/wp-json\/wp\/v2\/users\/130"}],"replies":[{"embeddable":true,"href":"https:\/\/www.catedracosgaya.com.ar\/tipoblog\/2018\/wp-json\/wp\/v2\/comments?post=5654"}],"version-history":[{"count":12,"href":"https:\/\/www.catedracosgaya.com.ar\/tipoblog\/2018\/wp-json\/wp\/v2\/posts\/5654\/revisions"}],"predecessor-version":[{"id":5694,"href":"https:\/\/www.catedracosgaya.com.ar\/tipoblog\/2018\/wp-json\/wp\/v2\/posts\/5654\/revisions\/5694"}],"wp:featuredmedia":[{"embeddable":true,"href":"https:\/\/www.catedracosgaya.com.ar\/tipoblog\/2018\/wp-json\/wp\/v2\/media\/5687"}],"wp:attachment":[{"href":"https:\/\/www.catedracosgaya.com.ar\/tipoblog\/2018\/wp-json\/wp\/v2\/media?parent=5654"}],"wp:term":[{"taxonomy":"category","embeddable":true,"href":"https:\/\/www.catedracosgaya.com.ar\/tipoblog\/2018\/wp-json\/wp\/v2\/categories?post=5654"},{"taxonomy":"post_tag","embeddable":true,"href":"https:\/\/www.catedracosgaya.com.ar\/tipoblog\/2018\/wp-json\/wp\/v2\/tags?post=5654"}],"curies":[{"name":"wp","href":"https:\/\/api.w.org\/{rel}","templated":true}]}}