{"id":5526,"date":"2018-08-23T15:17:37","date_gmt":"2018-08-23T18:17:37","guid":{"rendered":"http:\/\/www.catedracosgaya.com.ar\/tipoblog\/2018\/?p=5526"},"modified":"2018-08-23T15:17:37","modified_gmt":"2018-08-23T18:17:37","slug":"la-riqueza-de-la-diversidad-en-la-posmodernidad","status":"publish","type":"post","link":"https:\/\/www.catedracosgaya.com.ar\/tipoblog\/2018\/la-riqueza-de-la-diversidad-en-la-posmodernidad\/","title":{"rendered":"La riqueza de la diversidad en la posmodernidad"},"content":{"rendered":"<p>A ra\u00edz de que me encuentro cursando historia, estoy fascinada por el cambio que hubo en las tipograf\u00edas desde la modernidad a la posmodernidad. \u00a0As\u00ed que me pareci\u00f3 muy importante no olvidar y valorar, tanto el pasado como el presente, y rescatar lo mejor de cada tiempo para hacer mejores dise\u00f1os en nuestra profesi\u00f3n.<\/p>\n<figure id=\"attachment_5534\" aria-describedby=\"caption-attachment-5534\" style=\"width: 225px\" class=\"wp-caption alignleft\"><img loading=\"lazy\" decoding=\"async\" data-attachment-id=\"5534\" data-permalink=\"https:\/\/www.catedracosgaya.com.ar\/tipoblog\/2018\/la-riqueza-de-la-diversidad-en-la-posmodernidad\/gallery-tschichold-design-004\/\" data-orig-file=\"https:\/\/www.catedracosgaya.com.ar\/tipoblog\/2018\/wp-content\/uploads\/2018\/08\/Gallery-Tschichold-Design-004.jpg\" data-orig-size=\"306,500\" data-comments-opened=\"0\" data-image-meta=\"{&quot;aperture&quot;:&quot;0&quot;,&quot;credit&quot;:&quot;&quot;,&quot;camera&quot;:&quot;&quot;,&quot;caption&quot;:&quot;&quot;,&quot;created_timestamp&quot;:&quot;0&quot;,&quot;copyright&quot;:&quot;&quot;,&quot;focal_length&quot;:&quot;0&quot;,&quot;iso&quot;:&quot;0&quot;,&quot;shutter_speed&quot;:&quot;0&quot;,&quot;title&quot;:&quot;&quot;,&quot;orientation&quot;:&quot;0&quot;}\" data-image-title=\"Gallery-Tschichold-Design-004\" data-image-description=\"\" data-image-caption=\"&lt;p&gt;Jan Tschichold, The Great Gatsby, Penguin Books, 1950.&lt;\/p&gt;\n\" data-large-file=\"https:\/\/www.catedracosgaya.com.ar\/tipoblog\/2018\/wp-content\/uploads\/2018\/08\/Gallery-Tschichold-Design-004.jpg\" class=\" wp-image-5534\" src=\"http:\/\/www.catedracosgaya.com.ar\/tipoblog\/2018\/wp-content\/uploads\/2018\/08\/Gallery-Tschichold-Design-004-184x300.jpg\" alt=\"\" width=\"225\" height=\"367\" srcset=\"https:\/\/www.catedracosgaya.com.ar\/tipoblog\/2018\/wp-content\/uploads\/2018\/08\/Gallery-Tschichold-Design-004-184x300.jpg 184w, https:\/\/www.catedracosgaya.com.ar\/tipoblog\/2018\/wp-content\/uploads\/2018\/08\/Gallery-Tschichold-Design-004.jpg 306w\" sizes=\"auto, (max-width: 225px) 100vw, 225px\" \/><figcaption id=\"caption-attachment-5534\" class=\"wp-caption-text\">Jan Tschichold, The Great Gatsby, Penguin Books, 1950.<\/figcaption><\/figure>\n<p>A principios de la d\u00e9cada del 60, los tip\u00f3grafos usaban el tipo de metal, dibujando a mano en papel cuadriculado y usando fotocopiadoras o transferencia de tinta para crear tipos de letra. La tipograf\u00eda sans serifs personific\u00f3 el enfoque de &#8220;la forma sigue a la funci\u00f3n&#8221; que caracteriz\u00f3 a la modernidad junto con los conceptos de orden, \u00a0legibilidad, funcionalidad\u00a0 y racionalidad.\u00a0Pero a mediados de la d\u00e9cada de 1960, un peque\u00f1o grupo de tip\u00f3grafos, iniciaron un nuevo movimiento en el que la mano del dise\u00f1ador ocupaba un lugar destacado, reaccionaron contra las reglas duras y r\u00e1pidas de la modernidad, respetando las habilidades creativas de los dise\u00f1adores. Con la pr\u00f3xima revoluci\u00f3n digital y la desaparici\u00f3n gradual de la imprenta de alto costo, la est\u00e9tica comenz\u00f3 a infiltrarse en el tipo de letra moderno, convirti\u00e9ndolo en una forma de arte.<\/p>\n<p>&nbsp;<\/p>\n<figure id=\"attachment_5527\" aria-describedby=\"caption-attachment-5527\" style=\"width: 224px\" class=\"wp-caption alignleft\"><img loading=\"lazy\" decoding=\"async\" data-attachment-id=\"5527\" data-permalink=\"https:\/\/www.catedracosgaya.com.ar\/tipoblog\/2018\/la-riqueza-de-la-diversidad-en-la-posmodernidad\/cri_000000011419\/\" data-orig-file=\"https:\/\/www.catedracosgaya.com.ar\/tipoblog\/2018\/wp-content\/uploads\/2018\/08\/cri_000000011419.jpg\" data-orig-size=\"1361,2000\" data-comments-opened=\"0\" data-image-meta=\"{&quot;aperture&quot;:&quot;0&quot;,&quot;credit&quot;:&quot;&quot;,&quot;camera&quot;:&quot;&quot;,&quot;caption&quot;:&quot;&quot;,&quot;created_timestamp&quot;:&quot;0&quot;,&quot;copyright&quot;:&quot;&quot;,&quot;focal_length&quot;:&quot;0&quot;,&quot;iso&quot;:&quot;0&quot;,&quot;shutter_speed&quot;:&quot;0&quot;,&quot;title&quot;:&quot;&quot;,&quot;orientation&quot;:&quot;0&quot;}\" data-image-title=\"cri_000000011419\" data-image-description=\"\" data-image-caption=\"\" data-large-file=\"https:\/\/www.catedracosgaya.com.ar\/tipoblog\/2018\/wp-content\/uploads\/2018\/08\/cri_000000011419-697x1024.jpg\" class=\"wp-image-5527\" src=\"http:\/\/www.catedracosgaya.com.ar\/tipoblog\/2018\/wp-content\/uploads\/2018\/08\/cri_000000011419-204x300.jpg\" alt=\"Visuele Communicatie Nederland, Stedelijk Museum Amsterdam, Wim Crouwel,1969.\" width=\"224\" height=\"330\" srcset=\"https:\/\/www.catedracosgaya.com.ar\/tipoblog\/2018\/wp-content\/uploads\/2018\/08\/cri_000000011419-204x300.jpg 204w, https:\/\/www.catedracosgaya.com.ar\/tipoblog\/2018\/wp-content\/uploads\/2018\/08\/cri_000000011419-768x1129.jpg 768w, https:\/\/www.catedracosgaya.com.ar\/tipoblog\/2018\/wp-content\/uploads\/2018\/08\/cri_000000011419-697x1024.jpg 697w, https:\/\/www.catedracosgaya.com.ar\/tipoblog\/2018\/wp-content\/uploads\/2018\/08\/cri_000000011419.jpg 1361w\" sizes=\"auto, (max-width: 224px) 100vw, 224px\" \/><figcaption id=\"caption-attachment-5527\" class=\"wp-caption-text\">Wim Crouwel, Visuele Communicatie Nederland, Stedelijk Museum Amsterdam, 1969.<\/figcaption><\/figure>\n<p>El dise\u00f1ador holand\u00e9s Wim Crouwel estuvo a la vanguardia del movimiento con su &#8220;Visuele Communicatie Nederland, Stedelijk Museum Amsterdam&#8221;, en 1969. Estas letras fueron una desviaci\u00f3n del c\u00f3digo modernista y sentaron un precedente para la nueva tipograf\u00eda. Sus trabajos se han basado en dos elementos esenciales: el aspecto emocional y el racional. Aunque sus ideas estaban relacionadas con la Bauhaus, a diferencia de muchos, Crouwel no era un dogm\u00e1tico.\u00a0Estaba fascinado por las ideas sobre la producci\u00f3n en serie y de masas, como \u00e9l dijo \u201cnecesitamos las m\u00e1quina ya que no tenemos tiempo\u201d.\u00a0Pero tambi\u00e9n cre\u00eda que \u201cla m\u00e1quina no puede sustituir a la precisi\u00f3n del ojo humano y el sentimiento humano\u201d.<\/p>\n<p>&nbsp;<\/p>\n<p>En este modo de mirar hacia adelante y hacia atr\u00e1s, se genera una situaci\u00f3n compleja que provoca que en la representaci\u00f3n visual se manifiesten una gran variedad de estilos que, por una parte, tienden a la revisi\u00f3n y el replanteamiento; y por otra, intentan de cualquier manera posible superar a la modernidad a trav\u00e9s de la experimentaci\u00f3n visual. De ah\u00ed que surge un problema al tratar de clasificarlo en estilos claramente diferenciables, ya que estos tienden a mezclarse. Sin embargo, se han identificado cinco l\u00edneas principales en el Dise\u00f1o Posmodernista (Mancilla, 2003):<\/p>\n<figure id=\"attachment_5528\" aria-describedby=\"caption-attachment-5528\" style=\"width: 410px\" class=\"wp-caption alignleft\"><img loading=\"lazy\" decoding=\"async\" data-attachment-id=\"5528\" data-permalink=\"https:\/\/www.catedracosgaya.com.ar\/tipoblog\/2018\/la-riqueza-de-la-diversidad-en-la-posmodernidad\/fred-davis\/\" data-orig-file=\"https:\/\/www.catedracosgaya.com.ar\/tipoblog\/2018\/wp-content\/uploads\/2018\/08\/Fred-Davis.jpg\" data-orig-size=\"1000,585\" data-comments-opened=\"0\" data-image-meta=\"{&quot;aperture&quot;:&quot;0&quot;,&quot;credit&quot;:&quot;&quot;,&quot;camera&quot;:&quot;&quot;,&quot;caption&quot;:&quot;&quot;,&quot;created_timestamp&quot;:&quot;0&quot;,&quot;copyright&quot;:&quot;&quot;,&quot;focal_length&quot;:&quot;0&quot;,&quot;iso&quot;:&quot;0&quot;,&quot;shutter_speed&quot;:&quot;0&quot;,&quot;title&quot;:&quot;&quot;,&quot;orientation&quot;:&quot;1&quot;}\" data-image-title=\"\" data-image-description=\"\" data-image-caption=\"\" data-large-file=\"https:\/\/www.catedracosgaya.com.ar\/tipoblog\/2018\/wp-content\/uploads\/2018\/08\/Fred-Davis.jpg\" class=\"wp-image-5528 \" src=\"http:\/\/www.catedracosgaya.com.ar\/tipoblog\/2018\/wp-content\/uploads\/2018\/08\/Fred-Davis-300x176.jpg\" alt=\"Erik Adigard, M.A.D. Wired, No. 208, ilustraci\u00f3n a doble p\u00e1gina de revista, EE UU, 1994. Director art\u00edstico: John Plunkett.\" width=\"410\" height=\"241\" srcset=\"https:\/\/www.catedracosgaya.com.ar\/tipoblog\/2018\/wp-content\/uploads\/2018\/08\/Fred-Davis-300x176.jpg 300w, https:\/\/www.catedracosgaya.com.ar\/tipoblog\/2018\/wp-content\/uploads\/2018\/08\/Fred-Davis-768x449.jpg 768w, https:\/\/www.catedracosgaya.com.ar\/tipoblog\/2018\/wp-content\/uploads\/2018\/08\/Fred-Davis.jpg 1000w\" sizes=\"auto, (max-width: 410px) 100vw, 410px\" \/><figcaption id=\"caption-attachment-5528\" class=\"wp-caption-text\">Erik Adigard, M.A.D. Wired, No. 208, ilustraci\u00f3n a doble p\u00e1gina de revista, EE UU, 1994. Director art\u00edstico: John Plunkett.<\/figcaption><\/figure>\n<ul>\n<li><strong>Digital<\/strong>, influenciado por la revoluci\u00f3n electr\u00f3nica de la d\u00e9cada de los ochenta, donde la computadora y sus posibilidades t\u00e9cnicas se plasman en su est\u00e9tica de manera evidente.<\/li>\n<\/ul>\n<p>&nbsp;<\/p>\n<p>&nbsp;<\/p>\n<p>&nbsp;<\/p>\n<p>&nbsp;<\/p>\n<figure id=\"attachment_5537\" aria-describedby=\"caption-attachment-5537\" style=\"width: 407px\" class=\"wp-caption alignleft\"><img loading=\"lazy\" decoding=\"async\" data-attachment-id=\"5537\" data-permalink=\"https:\/\/www.catedracosgaya.com.ar\/tipoblog\/2018\/la-riqueza-de-la-diversidad-en-la-posmodernidad\/enrique-ollervides\/\" data-orig-file=\"https:\/\/www.catedracosgaya.com.ar\/tipoblog\/2018\/wp-content\/uploads\/2018\/08\/Enrique-Ollervides.jpg\" data-orig-size=\"1000,465\" data-comments-opened=\"0\" data-image-meta=\"{&quot;aperture&quot;:&quot;0&quot;,&quot;credit&quot;:&quot;&quot;,&quot;camera&quot;:&quot;&quot;,&quot;caption&quot;:&quot;&quot;,&quot;created_timestamp&quot;:&quot;0&quot;,&quot;copyright&quot;:&quot;&quot;,&quot;focal_length&quot;:&quot;0&quot;,&quot;iso&quot;:&quot;0&quot;,&quot;shutter_speed&quot;:&quot;0&quot;,&quot;title&quot;:&quot;&quot;,&quot;orientation&quot;:&quot;0&quot;}\" data-image-title=\"\" data-image-description=\"\" data-image-caption=\"&lt;p&gt;Enrique Ollervides, Tipograf\u00eda Luchita Payol. 2001.&lt;\/p&gt;\n\" data-large-file=\"https:\/\/www.catedracosgaya.com.ar\/tipoblog\/2018\/wp-content\/uploads\/2018\/08\/Enrique-Ollervides.jpg\" class=\"wp-image-5537\" style=\"margin-bottom: -1ex;font-weight: 400\" src=\"http:\/\/www.catedracosgaya.com.ar\/tipoblog\/2018\/wp-content\/uploads\/2018\/08\/Enrique-Ollervides-300x140.jpg\" alt=\"\" width=\"407\" height=\"190\" srcset=\"https:\/\/www.catedracosgaya.com.ar\/tipoblog\/2018\/wp-content\/uploads\/2018\/08\/Enrique-Ollervides-300x140.jpg 300w, https:\/\/www.catedracosgaya.com.ar\/tipoblog\/2018\/wp-content\/uploads\/2018\/08\/Enrique-Ollervides-768x357.jpg 768w, https:\/\/www.catedracosgaya.com.ar\/tipoblog\/2018\/wp-content\/uploads\/2018\/08\/Enrique-Ollervides.jpg 1000w\" sizes=\"auto, (max-width: 407px) 100vw, 407px\" \/><figcaption id=\"caption-attachment-5537\" class=\"wp-caption-text\">Enrique Ollervides, Tipograf\u00eda Luchita Payol. 2001.<\/figcaption><\/figure>\n<ul>\n<li><strong>Vern\u00e1culo<\/strong>, caracterizado por las reminiscencias del arte popular, de lo manual y lo espont\u00e1neo.<\/li>\n<\/ul>\n<p>&nbsp;<\/p>\n<p>&nbsp;<\/p>\n<p>&nbsp;<\/p>\n<figure id=\"attachment_5565\" aria-describedby=\"caption-attachment-5565\" style=\"width: 408px\" class=\"wp-caption alignleft\"><img loading=\"lazy\" decoding=\"async\" data-attachment-id=\"5565\" data-permalink=\"https:\/\/www.catedracosgaya.com.ar\/tipoblog\/2018\/la-riqueza-de-la-diversidad-en-la-posmodernidad\/contents\/\" data-orig-file=\"https:\/\/www.catedracosgaya.com.ar\/tipoblog\/2018\/wp-content\/uploads\/2018\/08\/contents.jpg\" data-orig-size=\"934,600\" data-comments-opened=\"0\" data-image-meta=\"{&quot;aperture&quot;:&quot;0&quot;,&quot;credit&quot;:&quot;&quot;,&quot;camera&quot;:&quot;&quot;,&quot;caption&quot;:&quot;&quot;,&quot;created_timestamp&quot;:&quot;0&quot;,&quot;copyright&quot;:&quot;&quot;,&quot;focal_length&quot;:&quot;0&quot;,&quot;iso&quot;:&quot;0&quot;,&quot;shutter_speed&quot;:&quot;0&quot;,&quot;title&quot;:&quot;&quot;,&quot;orientation&quot;:&quot;1&quot;}\" data-image-title=\"\" data-image-description=\"\" data-image-caption=\"&lt;p&gt;Neville Brody. The Face, n. 50-55, fragmentaci\u00f3n progresiva del logotipo de la p\u00e1gina del \u00edndice, Reino Unido, 1984.&lt;\/p&gt;\n\" data-large-file=\"https:\/\/www.catedracosgaya.com.ar\/tipoblog\/2018\/wp-content\/uploads\/2018\/08\/contents.jpg\" class=\" wp-image-5565\" src=\"http:\/\/www.catedracosgaya.com.ar\/tipoblog\/2018\/wp-content\/uploads\/2018\/08\/contents-300x193.jpg\" alt=\"\" width=\"408\" height=\"262\" srcset=\"https:\/\/www.catedracosgaya.com.ar\/tipoblog\/2018\/wp-content\/uploads\/2018\/08\/contents-300x193.jpg 300w, https:\/\/www.catedracosgaya.com.ar\/tipoblog\/2018\/wp-content\/uploads\/2018\/08\/contents-768x493.jpg 768w, https:\/\/www.catedracosgaya.com.ar\/tipoblog\/2018\/wp-content\/uploads\/2018\/08\/contents.jpg 934w\" sizes=\"auto, (max-width: 408px) 100vw, 408px\" \/><figcaption id=\"caption-attachment-5565\" class=\"wp-caption-text\">Neville Brody. The Face, n. 50-55, fragmentaci\u00f3n progresiva del logotipo de la p\u00e1gina del \u00edndice, Reino Unido, 1984.<\/figcaption><\/figure>\n<ul>\n<li><strong>Fragmentario<\/strong>, apoyado por las corrientes deconstructivistas que plantean la descomposici\u00f3n de la forma para su reinterpretaci\u00f3n a partir\u00a0 de sus propias piezas.<\/li>\n<\/ul>\n<p>&nbsp;<\/p>\n<p>&nbsp;<\/p>\n<p>&nbsp;<\/p>\n<p>&nbsp;<\/p>\n<figure id=\"attachment_5573\" aria-describedby=\"caption-attachment-5573\" style=\"width: 408px\" class=\"wp-caption alignleft\"><img loading=\"lazy\" decoding=\"async\" data-attachment-id=\"5573\" data-permalink=\"https:\/\/www.catedracosgaya.com.ar\/tipoblog\/2018\/la-riqueza-de-la-diversidad-en-la-posmodernidad\/chris-ware-acme\/\" data-orig-file=\"https:\/\/www.catedracosgaya.com.ar\/tipoblog\/2018\/wp-content\/uploads\/2018\/08\/Chris-Ware-Acme.jpg\" data-orig-size=\"1000,806\" data-comments-opened=\"0\" data-image-meta=\"{&quot;aperture&quot;:&quot;0&quot;,&quot;credit&quot;:&quot;&quot;,&quot;camera&quot;:&quot;&quot;,&quot;caption&quot;:&quot;&quot;,&quot;created_timestamp&quot;:&quot;0&quot;,&quot;copyright&quot;:&quot;&quot;,&quot;focal_length&quot;:&quot;0&quot;,&quot;iso&quot;:&quot;0&quot;,&quot;shutter_speed&quot;:&quot;0&quot;,&quot;title&quot;:&quot;&quot;,&quot;orientation&quot;:&quot;1&quot;}\" data-image-title=\"Chris-Ware-Acme\" data-image-description=\"\" data-image-caption=\"&lt;p&gt;Chris Ware. Acme Novelty Library, No. 13, portada de c\u00f3mic, Fantagraphics Books, EEUU, 1995.&lt;\/p&gt;\n\" data-large-file=\"https:\/\/www.catedracosgaya.com.ar\/tipoblog\/2018\/wp-content\/uploads\/2018\/08\/Chris-Ware-Acme.jpg\" class=\" wp-image-5573\" src=\"http:\/\/www.catedracosgaya.com.ar\/tipoblog\/2018\/wp-content\/uploads\/2018\/08\/Chris-Ware-Acme-300x242.jpg\" alt=\"\" width=\"408\" height=\"329\" srcset=\"https:\/\/www.catedracosgaya.com.ar\/tipoblog\/2018\/wp-content\/uploads\/2018\/08\/Chris-Ware-Acme-300x242.jpg 300w, https:\/\/www.catedracosgaya.com.ar\/tipoblog\/2018\/wp-content\/uploads\/2018\/08\/Chris-Ware-Acme-768x619.jpg 768w, https:\/\/www.catedracosgaya.com.ar\/tipoblog\/2018\/wp-content\/uploads\/2018\/08\/Chris-Ware-Acme.jpg 1000w\" sizes=\"auto, (max-width: 408px) 100vw, 408px\" \/><figcaption id=\"caption-attachment-5573\" class=\"wp-caption-text\">Chris Ware. Acme Novelty Library, No. 13, portada de c\u00f3mic, Fantagraphics Books, EEUU, 1995.<\/figcaption><\/figure>\n<ul>\n<li><strong>Retro o Retrospectivo<\/strong>, marcado por las aportaciones en cuanto a forma de las vanguardias art\u00edsticas del siglo XX.<\/li>\n<\/ul>\n<p>&nbsp;<\/p>\n<p>&nbsp;<\/p>\n<p>&nbsp;<\/p>\n<p>&nbsp;<\/p>\n<p>&nbsp;<\/p>\n<p>&nbsp;<\/p>\n<p>&nbsp;<\/p>\n<figure id=\"attachment_5578\" aria-describedby=\"caption-attachment-5578\" style=\"width: 401px\" class=\"wp-caption alignleft\"><img loading=\"lazy\" decoding=\"async\" data-attachment-id=\"5578\" data-permalink=\"https:\/\/www.catedracosgaya.com.ar\/tipoblog\/2018\/la-riqueza-de-la-diversidad-en-la-posmodernidad\/carson-ray-gun\/\" data-orig-file=\"https:\/\/www.catedracosgaya.com.ar\/tipoblog\/2018\/wp-content\/uploads\/2018\/08\/Carson-Ray-Gun.jpg\" data-orig-size=\"840,1000\" data-comments-opened=\"0\" data-image-meta=\"{&quot;aperture&quot;:&quot;0&quot;,&quot;credit&quot;:&quot;&quot;,&quot;camera&quot;:&quot;&quot;,&quot;caption&quot;:&quot;&quot;,&quot;created_timestamp&quot;:&quot;0&quot;,&quot;copyright&quot;:&quot;&quot;,&quot;focal_length&quot;:&quot;0&quot;,&quot;iso&quot;:&quot;0&quot;,&quot;shutter_speed&quot;:&quot;0&quot;,&quot;title&quot;:&quot;&quot;,&quot;orientation&quot;:&quot;1&quot;}\" data-image-title=\"Carson-Ray-Gun\" data-image-description=\"\" data-image-caption=\"&lt;p&gt;David Carson. Portada No. 58, Revista Ray Gun, 1998.&lt;\/p&gt;\n\" data-large-file=\"https:\/\/www.catedracosgaya.com.ar\/tipoblog\/2018\/wp-content\/uploads\/2018\/08\/Carson-Ray-Gun.jpg\" class=\" wp-image-5578\" src=\"http:\/\/www.catedracosgaya.com.ar\/tipoblog\/2018\/wp-content\/uploads\/2018\/08\/Carson-Ray-Gun-252x300.jpg\" alt=\"\" width=\"401\" height=\"478\" srcset=\"https:\/\/www.catedracosgaya.com.ar\/tipoblog\/2018\/wp-content\/uploads\/2018\/08\/Carson-Ray-Gun-252x300.jpg 252w, https:\/\/www.catedracosgaya.com.ar\/tipoblog\/2018\/wp-content\/uploads\/2018\/08\/Carson-Ray-Gun-768x914.jpg 768w, https:\/\/www.catedracosgaya.com.ar\/tipoblog\/2018\/wp-content\/uploads\/2018\/08\/Carson-Ray-Gun.jpg 840w\" sizes=\"auto, (max-width: 401px) 100vw, 401px\" \/><figcaption id=\"caption-attachment-5578\" class=\"wp-caption-text\">David Carson. Portada No. 58, Revista Ray Gun, 1998.<\/figcaption><\/figure>\n<ul>\n<li><strong>Ecl\u00e9ctico<\/strong>, avivado por los replanteamientos derivados de la combinaci\u00f3n de varios estilos y formas pertenecientes a otros discursos discordantes tanto en espacio como en tiempo.<\/li>\n<\/ul>\n<p>&nbsp;<\/p>\n<p>&nbsp;<\/p>\n<p>&nbsp;<\/p>\n<p>&nbsp;<\/p>\n<p>&nbsp;<\/p>\n<p>&nbsp;<\/p>\n<p>&nbsp;<\/p>\n<p>&nbsp;<\/p>\n<p>Me parece que hay que celebrar la diversidad y las posibilidades que tenemos hoy en d\u00eda para comunicar. Somos herederos de una historia con muchas dificultades y restricciones, sigamos experimentando, aprendiendo y creando.<\/p>\n","protected":false},"excerpt":{"rendered":"<p>Breve repaso de la historia de la tipograf\u00eda en una era de constante cambio y transformaci\u00f3n.<\/p>\n","protected":false},"author":124,"featured_media":5528,"comment_status":"closed","ping_status":"closed","sticky":false,"template":"","format":"standard","meta":{"jetpack_post_was_ever_published":false,"_jetpack_newsletter_access":"","_jetpack_dont_email_post_to_subs":false,"_jetpack_newsletter_tier_id":0,"_jetpack_memberships_contains_paywalled_content":false,"_jetpack_memberships_contains_paid_content":false,"footnotes":"","jetpack_publicize_message":"","jetpack_publicize_feature_enabled":true,"jetpack_social_post_already_shared":true,"jetpack_social_options":{"image_generator_settings":{"template":"highway","default_image_id":0,"font":"","enabled":false},"version":2}},"categories":[26,27,29,25],"tags":[97,82,176,69,177],"class_list":["post-5526","post","type-post","status-publish","format-standard","has-post-thumbnail","hentry","category-arte","category-cultura","category-historia","category-tecnologia","tag-comunicacion-visual","tag-digital","tag-estilos","tag-forma","tag-posmodernidad"],"jetpack_publicize_connections":[],"jetpack_featured_media_url":"https:\/\/www.catedracosgaya.com.ar\/tipoblog\/2018\/wp-content\/uploads\/2018\/08\/Fred-Davis.jpg","jetpack_sharing_enabled":true,"jetpack_shortlink":"https:\/\/wp.me\/p9TJog-1r8","_links":{"self":[{"href":"https:\/\/www.catedracosgaya.com.ar\/tipoblog\/2018\/wp-json\/wp\/v2\/posts\/5526","targetHints":{"allow":["GET"]}}],"collection":[{"href":"https:\/\/www.catedracosgaya.com.ar\/tipoblog\/2018\/wp-json\/wp\/v2\/posts"}],"about":[{"href":"https:\/\/www.catedracosgaya.com.ar\/tipoblog\/2018\/wp-json\/wp\/v2\/types\/post"}],"author":[{"embeddable":true,"href":"https:\/\/www.catedracosgaya.com.ar\/tipoblog\/2018\/wp-json\/wp\/v2\/users\/124"}],"replies":[{"embeddable":true,"href":"https:\/\/www.catedracosgaya.com.ar\/tipoblog\/2018\/wp-json\/wp\/v2\/comments?post=5526"}],"version-history":[{"count":51,"href":"https:\/\/www.catedracosgaya.com.ar\/tipoblog\/2018\/wp-json\/wp\/v2\/posts\/5526\/revisions"}],"predecessor-version":[{"id":5591,"href":"https:\/\/www.catedracosgaya.com.ar\/tipoblog\/2018\/wp-json\/wp\/v2\/posts\/5526\/revisions\/5591"}],"wp:featuredmedia":[{"embeddable":true,"href":"https:\/\/www.catedracosgaya.com.ar\/tipoblog\/2018\/wp-json\/wp\/v2\/media\/5528"}],"wp:attachment":[{"href":"https:\/\/www.catedracosgaya.com.ar\/tipoblog\/2018\/wp-json\/wp\/v2\/media?parent=5526"}],"wp:term":[{"taxonomy":"category","embeddable":true,"href":"https:\/\/www.catedracosgaya.com.ar\/tipoblog\/2018\/wp-json\/wp\/v2\/categories?post=5526"},{"taxonomy":"post_tag","embeddable":true,"href":"https:\/\/www.catedracosgaya.com.ar\/tipoblog\/2018\/wp-json\/wp\/v2\/tags?post=5526"}],"curies":[{"name":"wp","href":"https:\/\/api.w.org\/{rel}","templated":true}]}}