{"id":5521,"date":"2018-08-23T00:46:44","date_gmt":"2018-08-23T03:46:44","guid":{"rendered":"http:\/\/www.catedracosgaya.com.ar\/tipoblog\/2018\/?p=5521"},"modified":"2018-08-23T00:46:44","modified_gmt":"2018-08-23T03:46:44","slug":"un-simbolo-del-rock-creado-casi-sin-querer","status":"publish","type":"post","link":"https:\/\/www.catedracosgaya.com.ar\/tipoblog\/2018\/un-simbolo-del-rock-creado-casi-sin-querer\/","title":{"rendered":"Un s\u00edmbolo del rock creado casi sin querer"},"content":{"rendered":"<p style=\"font-weight: 400\">Esta banda de los a\u00f1os 60, sigue siendo hoy una de las m\u00e1s influyentes y conocidas del mundo. No hay duda que la mayor\u00eda de las personas alrededor del planeta han o\u00eddo hablar de ella, y pueden reconocer su emblem\u00e1tico logotipo. Como vehemente beatleman\u00edaca, es usual para m\u00ed buscar todo tipo de informaci\u00f3n relacionada con la banda. Y como estudiante de dise\u00f1o gr\u00e1fico, es raro que hasta el momento no haya investigado sobre <strong>la historia detr\u00e1s de su famoso logo.<\/strong> Por eso aprovech\u00e9 esta ocasi\u00f3n para buscar informaci\u00f3n al respecto y lo voy a compartir para quienes est\u00e9n tan interesados en esta banda como yo.<\/p>\n<p style=\"font-weight: 400\">Todo comenz\u00f3 en 1963, cuando el miembro de la banda Ringo Starr quiso cambiar su bater\u00eda. Fue acompa\u00f1ado por Brian Epstein, el astuto representante de la banda, a una tienda de instrumentos musicales especializada en percusi\u00f3n, que pertenec\u00eda a Ivor Arbiter. Ringo qued\u00f3 enamorado de una bater\u00eda\u00a0Ludwig y quiso llevarla dejando solamente a cambio su vieja bater\u00eda. Arbiter acept\u00f3 con la condici\u00f3n de que la bater\u00eda que se lleve deb\u00eda llevar el logo de Ludwig en el bombo, y de esta manera, Epstein accedi\u00f3 a cambio de que el mismo llevara adem\u00e1s el nombre de la banda en un tama\u00f1o m\u00e1s grande todav\u00eda. <strong>Fue Arbiter, que no conoc\u00eda en su momento a la banda, quien garabate\u00f3 por primera vez y r\u00e1pidamente el logo tan conocido,<\/strong> se dice que sobre el papel de un paquete de cigarrillos. Alarg\u00f3 la asta de la letra T para que junto con la B may\u00fascula resaltara la palabra \u201cbeat\u201d. Algo gracioso de la an\u00e9cdota, es que Arbiter les cobr\u00f3 nada m\u00e1s que 5 libras por crear, inesperadamente para \u00e9l, uno de los logotipos m\u00e1s trascendentes del mundo entero. <strong>Eddie Stokes fue quien se encarg\u00f3 de rotular el logo dise\u00f1ado por Arbiter en el bombo principal de la nueva bater\u00eda de Ringo Starr.<\/strong> Se desconoce con certeza cu\u00e1ntas modificaciones sufri\u00f3 el dise\u00f1o desde el boceto de Arbiter hasta el dise\u00f1o final realizado por Stokes, y esa es la raz\u00f3n por la que el logo es acreditado a ambos. En el programa de televisi\u00f3n \u201cThank Your Lucky Stars\u201d Ringo utiliz\u00f3 por primera vez la bater\u00eda con el logo, en ese mismo a\u00f1o.<\/p>\n<p style=\"font-weight: 400\">Algo que me result\u00f3 curioso es que si bien ese logotipo est\u00e1 presente en nuestras cabezas cuando recordamos visualmente el nombre The Beatles, no fue posteriormente utilizado en la portada de ninguno de los \u00e1lbumes de estudio de la banda. M\u00e1s adelante, en el a\u00f1o 1990, fue registrado como marca por Apple Corps. Y en 2001, Northern Fonts Ltd cre\u00f3 una familia tipogr\u00e1fica llamada \u201cBootle\u201d inspirada en las letras utilizadas en el logo.<\/p>\n<p style=\"font-weight: 400\"><strong>Lo que m\u00e1s me asombr\u00f3 de esta historia, es la espontaneidad con la que fue creado uno de los \u00edconos m\u00e1s vistos de todos los tiempos.<\/strong> Yo creo que cualquier dise\u00f1ador, por m\u00e1s experto en crear logos que fuera, si supiera que est\u00e1 creando uno que ser\u00e1 reconocido por millones de personas en todo el mundo por varias d\u00e9cadas, estar\u00eda completamente trabado. Es as\u00ed como la simpleza de la creaci\u00f3n de Ivor, m\u00e1s all\u00e1 de la calidad de su dise\u00f1o, me inspira a empezar a dise\u00f1ar m\u00e1s libremente, como si nadie m\u00e1s que yo fuese a ver el resultado. Espero que la desenvoltura de Ivor nos ayude a todos a la hora de empezar a dise\u00f1ar, a no enroscarnos tanto, y de esta manera evitar esos blancos mentales tan familiares para los dise\u00f1adores al enfrentarnos a la hoja en blanco.<\/p>\n","protected":false},"excerpt":{"rendered":"<p>La historia detr\u00e1s del logo de The Beatles, uno de los m\u00e1s importantes de la iconograf\u00eda popular, y la creaci\u00f3n de este dise\u00f1o tan poco planeado y espont\u00e1neo.<\/p>\n","protected":false},"author":123,"featured_media":5522,"comment_status":"closed","ping_status":"closed","sticky":false,"template":"","format":"standard","meta":{"jetpack_post_was_ever_published":false,"_jetpack_newsletter_access":"","_jetpack_dont_email_post_to_subs":false,"_jetpack_newsletter_tier_id":0,"_jetpack_memberships_contains_paywalled_content":false,"_jetpack_memberships_contains_paid_content":false,"footnotes":"","jetpack_publicize_message":"Un s\u00edmbolo del rock creado casi sin querer  #\u200eTipoblog #Tipograf&iacute;a2 #C&aacute;tedraCosgaya #\u200eFADU #\u200eUBA","jetpack_publicize_feature_enabled":true,"jetpack_social_post_already_shared":true,"jetpack_social_options":{"image_generator_settings":{"template":"highway","default_image_id":0,"font":"","enabled":false},"version":2}},"categories":[26,27,29],"tags":[174,172,175,173,171],"class_list":["post-5521","post","type-post","status-publish","format-standard","has-post-thumbnail","hentry","category-arte","category-cultura","category-historia","tag-icono","tag-logo","tag-ringo-starr","tag-rock","tag-the-beatles"],"jetpack_publicize_connections":[],"jetpack_featured_media_url":"https:\/\/www.catedracosgaya.com.ar\/tipoblog\/2018\/wp-content\/uploads\/2018\/08\/bd2c602e3b4c96fd254abd1fa90c4e54-ringo-starr-the-beatles.jpg","jetpack_sharing_enabled":true,"jetpack_shortlink":"https:\/\/wp.me\/p9TJog-1r3","_links":{"self":[{"href":"https:\/\/www.catedracosgaya.com.ar\/tipoblog\/2018\/wp-json\/wp\/v2\/posts\/5521","targetHints":{"allow":["GET"]}}],"collection":[{"href":"https:\/\/www.catedracosgaya.com.ar\/tipoblog\/2018\/wp-json\/wp\/v2\/posts"}],"about":[{"href":"https:\/\/www.catedracosgaya.com.ar\/tipoblog\/2018\/wp-json\/wp\/v2\/types\/post"}],"author":[{"embeddable":true,"href":"https:\/\/www.catedracosgaya.com.ar\/tipoblog\/2018\/wp-json\/wp\/v2\/users\/123"}],"replies":[{"embeddable":true,"href":"https:\/\/www.catedracosgaya.com.ar\/tipoblog\/2018\/wp-json\/wp\/v2\/comments?post=5521"}],"version-history":[{"count":2,"href":"https:\/\/www.catedracosgaya.com.ar\/tipoblog\/2018\/wp-json\/wp\/v2\/posts\/5521\/revisions"}],"predecessor-version":[{"id":5524,"href":"https:\/\/www.catedracosgaya.com.ar\/tipoblog\/2018\/wp-json\/wp\/v2\/posts\/5521\/revisions\/5524"}],"wp:featuredmedia":[{"embeddable":true,"href":"https:\/\/www.catedracosgaya.com.ar\/tipoblog\/2018\/wp-json\/wp\/v2\/media\/5522"}],"wp:attachment":[{"href":"https:\/\/www.catedracosgaya.com.ar\/tipoblog\/2018\/wp-json\/wp\/v2\/media?parent=5521"}],"wp:term":[{"taxonomy":"category","embeddable":true,"href":"https:\/\/www.catedracosgaya.com.ar\/tipoblog\/2018\/wp-json\/wp\/v2\/categories?post=5521"},{"taxonomy":"post_tag","embeddable":true,"href":"https:\/\/www.catedracosgaya.com.ar\/tipoblog\/2018\/wp-json\/wp\/v2\/tags?post=5521"}],"curies":[{"name":"wp","href":"https:\/\/api.w.org\/{rel}","templated":true}]}}