{"id":5510,"date":"2018-08-23T10:00:01","date_gmt":"2018-08-23T13:00:01","guid":{"rendered":"http:\/\/www.catedracosgaya.com.ar\/tipoblog\/2018\/?p=5510"},"modified":"2018-08-24T11:00:39","modified_gmt":"2018-08-24T14:00:39","slug":"que-decir-de-la-tipogafia","status":"publish","type":"post","link":"https:\/\/www.catedracosgaya.com.ar\/tipoblog\/2018\/que-decir-de-la-tipogafia\/","title":{"rendered":"\u00bfQue decir de la tipograf\u00eda?"},"content":{"rendered":"<p>Cuando presentaron el proyecto del Tipoblog desde el inicio me encant\u00f3 la idea. No sabia muy bien que iba decir ni mostrar y mucho menos como encararlo, pero me pareci\u00f3 una idea copada y una forma de poder contar y expresarnos sobre las cosas que nos gustan o conocemos, no solo a nuestros amigos o compa\u00f1eros sino tambi\u00e9n para los docentes y que conozcan un poco de cada uno.<\/p>\n<p>Personalmente me paso que casi se me pasa la fecha de posteo, entonces a la hora de tener que hablar de un tema no sabia muy bien por donde llevarlo para que sea algo interesante y que pueda sumarle algo. La primer idea que se me cruzo fue hablar de la tipograf\u00eda en el mundo de la ilustraci\u00f3n ya que es un universo que me encanta desde muy chica. Es super amplio pero&#8230; \u00bfcomo lo iba a presentar?&#8230; y entraron las dudas e indecisiones, entonces la abandone. Lo segundo que se me ocurri\u00f3 fue hablar de la tipograf\u00eda y el anime ya que pr\u00e1cticamente me crie viendo dibujos en la tv y es algo que hoy en d\u00eda hago. Pero viendo los posteos ya hab\u00eda temas que hablaban tanto de ilustraci\u00f3n como del continente asi\u00e1tico.<br \/>\nViendo las redes sociales que utilizo diariamente (facebook, pinterest, instagram&#8230;) para buscar inspiraci\u00f3n sobre que hablar, note que en todas ellas siempre hay tipograf\u00eda, no importa si es linda o fea, enfocada o desenfocada, grande, chica, de fondo o primer plano. Ah\u00ed decid\u00ed que este posteo lo iba a llevar hacia el lado de la redes y la vida diaria.<\/p>\n<p>Al empezar a ver las im\u00e1genes que tengo en el celular y en las redes note que en todas hay tipograf\u00eda.<\/p>\n<p><img loading=\"lazy\" decoding=\"async\" data-attachment-id=\"5511\" data-permalink=\"https:\/\/www.catedracosgaya.com.ar\/tipoblog\/2018\/que-decir-de-la-tipogafia\/captura-de-pantalla-2018-08-22-a-las-21-57-22\/\" data-orig-file=\"https:\/\/www.catedracosgaya.com.ar\/tipoblog\/2018\/wp-content\/uploads\/2018\/08\/Captura-de-pantalla-2018-08-22-a-las-21.57.22.png\" data-orig-size=\"670,655\" data-comments-opened=\"0\" data-image-meta=\"{&quot;aperture&quot;:&quot;0&quot;,&quot;credit&quot;:&quot;&quot;,&quot;camera&quot;:&quot;&quot;,&quot;caption&quot;:&quot;&quot;,&quot;created_timestamp&quot;:&quot;0&quot;,&quot;copyright&quot;:&quot;&quot;,&quot;focal_length&quot;:&quot;0&quot;,&quot;iso&quot;:&quot;0&quot;,&quot;shutter_speed&quot;:&quot;0&quot;,&quot;title&quot;:&quot;&quot;,&quot;orientation&quot;:&quot;0&quot;}\" data-image-title=\"Captura de pantalla 2018-08-22 a la(s) 21.57.22\" data-image-description=\"\" data-image-caption=\"\" data-large-file=\"https:\/\/www.catedracosgaya.com.ar\/tipoblog\/2018\/wp-content\/uploads\/2018\/08\/Captura-de-pantalla-2018-08-22-a-las-21.57.22.png\" class=\"size-medium wp-image-5511 alignleft\" src=\"http:\/\/www.catedracosgaya.com.ar\/tipoblog\/2018\/wp-content\/uploads\/2018\/08\/Captura-de-pantalla-2018-08-22-a-las-21.57.22-300x293.png\" alt=\"\" width=\"300\" height=\"293\" srcset=\"https:\/\/www.catedracosgaya.com.ar\/tipoblog\/2018\/wp-content\/uploads\/2018\/08\/Captura-de-pantalla-2018-08-22-a-las-21.57.22-300x293.png 300w, https:\/\/www.catedracosgaya.com.ar\/tipoblog\/2018\/wp-content\/uploads\/2018\/08\/Captura-de-pantalla-2018-08-22-a-las-21.57.22-55x55.png 55w, https:\/\/www.catedracosgaya.com.ar\/tipoblog\/2018\/wp-content\/uploads\/2018\/08\/Captura-de-pantalla-2018-08-22-a-las-21.57.22.png 670w\" sizes=\"auto, (max-width: 300px) 100vw, 300px\" \/><\/p>\n<p>Desde una taza hasta la pared del trabajo repleta de im\u00e1genes, fotos e ilustraciones que nos van gustando.<br \/>\nTodos estos peque\u00f1os posteos no son unicamente textos al tunt\u00fan (quiz\u00e1s alguno si), pero cada uno representa y quiere transmitir algo.<\/p>\n<p>&nbsp;<\/p>\n<p>&nbsp;<\/p>\n<p>&nbsp;<\/p>\n<p><img loading=\"lazy\" decoding=\"async\" data-attachment-id=\"5514\" data-permalink=\"https:\/\/www.catedracosgaya.com.ar\/tipoblog\/2018\/que-decir-de-la-tipogafia\/captura-de-pantalla-2018-08-22-a-las-22-18-28\/\" data-orig-file=\"https:\/\/www.catedracosgaya.com.ar\/tipoblog\/2018\/wp-content\/uploads\/2018\/08\/Captura-de-pantalla-2018-08-22-a-las-22.18.28.png\" data-orig-size=\"664,653\" data-comments-opened=\"0\" data-image-meta=\"{&quot;aperture&quot;:&quot;0&quot;,&quot;credit&quot;:&quot;&quot;,&quot;camera&quot;:&quot;&quot;,&quot;caption&quot;:&quot;&quot;,&quot;created_timestamp&quot;:&quot;0&quot;,&quot;copyright&quot;:&quot;&quot;,&quot;focal_length&quot;:&quot;0&quot;,&quot;iso&quot;:&quot;0&quot;,&quot;shutter_speed&quot;:&quot;0&quot;,&quot;title&quot;:&quot;&quot;,&quot;orientation&quot;:&quot;0&quot;}\" data-image-title=\"Captura de pantalla 2018-08-22 a la(s) 22.18.28\" data-image-description=\"\" data-image-caption=\"\" data-large-file=\"https:\/\/www.catedracosgaya.com.ar\/tipoblog\/2018\/wp-content\/uploads\/2018\/08\/Captura-de-pantalla-2018-08-22-a-las-22.18.28.png\" class=\"size-medium wp-image-5514 alignleft\" src=\"http:\/\/www.catedracosgaya.com.ar\/tipoblog\/2018\/wp-content\/uploads\/2018\/08\/Captura-de-pantalla-2018-08-22-a-las-22.18.28-300x295.png\" alt=\"\" width=\"300\" height=\"295\" srcset=\"https:\/\/www.catedracosgaya.com.ar\/tipoblog\/2018\/wp-content\/uploads\/2018\/08\/Captura-de-pantalla-2018-08-22-a-las-22.18.28-300x295.png 300w, https:\/\/www.catedracosgaya.com.ar\/tipoblog\/2018\/wp-content\/uploads\/2018\/08\/Captura-de-pantalla-2018-08-22-a-las-22.18.28-55x55.png 55w, https:\/\/www.catedracosgaya.com.ar\/tipoblog\/2018\/wp-content\/uploads\/2018\/08\/Captura-de-pantalla-2018-08-22-a-las-22.18.28.png 664w\" sizes=\"auto, (max-width: 300px) 100vw, 300px\" \/>Hay tipograf\u00eda hasta en la inconsciencia, solo con ver un objeto pensamos en su nombre y nos imaginamos un logo o como ser\u00eda escrito, en las pel\u00edculas y en las marcas de productos.<\/p>\n<p>&nbsp;<\/p>\n<p>&nbsp;<\/p>\n<p>&nbsp;<\/p>\n<p>&nbsp;<\/p>\n<p>Hasta este momento nunca note este detalle, pero creo que la tipograf\u00eda en alg\u00fan punto hace tambi\u00e9n quin soy o somos ya que siempre representa algo ya sea desde la intenci\u00f3n de cada uno hasta la simple palabra que leemos.<\/p>\n<p>No solo es un texto para leer como una receta para cocinar, un prospecto medico o un libro, la tipograf\u00eda es la imagen de ese elemento muchas veces, por eso tambi\u00e9n nos puede cautivar desde algo hecho de una forma fant\u00e1stica hasta hacer chistes como con una comic sans.<\/p>\n<p>Este peque\u00f1o ejercicio me pareci\u00f3 interesante ya que pude hacer una peque\u00f1a reflexi\u00f3n sobre lo que tipograf\u00eda es para mi. Quiz\u00e1s esta bueno pensarlo un poco para cada uno, no es una experiencia reveladora pero si puede ser un gran detalle para alguien.<\/p>\n","protected":false},"excerpt":{"rendered":"<p>Una breve reflexi\u00f3n de lo que es la tipograf\u00eda para m\u00ed, como convivo con ella, aprendo y la llevo conmigo a todas partes.<\/p>\n","protected":false},"author":125,"featured_media":5515,"comment_status":"closed","ping_status":"closed","sticky":false,"template":"","format":"standard","meta":{"jetpack_post_was_ever_published":false,"_jetpack_newsletter_access":"","_jetpack_dont_email_post_to_subs":false,"_jetpack_newsletter_tier_id":0,"_jetpack_memberships_contains_paywalled_content":false,"_jetpack_memberships_contains_paid_content":false,"footnotes":"","jetpack_publicize_message":"\u00bfQue decir de la tipog\u00e1fia?  #\u200eTipoblog #Tipograf&iacute;a2 #C&aacute;tedraCosgaya #\u200eFADU #\u200eUBA","jetpack_publicize_feature_enabled":true,"jetpack_social_post_already_shared":true,"jetpack_social_options":{"image_generator_settings":{"template":"highway","default_image_id":0,"font":"","enabled":false},"version":2}},"categories":[27,24,25],"tags":[168,169,170,92],"class_list":["post-5510","post","type-post","status-publish","format-standard","has-post-thumbnail","hentry","category-cultura","category-sociedad","category-tecnologia","tag-fotos","tag-redes","tag-reflexion","tag-tipografia"],"jetpack_publicize_connections":[],"jetpack_featured_media_url":"https:\/\/www.catedracosgaya.com.ar\/tipoblog\/2018\/wp-content\/uploads\/2018\/08\/jakob-owens-518866-unsplash.jpg","jetpack_sharing_enabled":true,"jetpack_shortlink":"https:\/\/wp.me\/p9TJog-1qS","_links":{"self":[{"href":"https:\/\/www.catedracosgaya.com.ar\/tipoblog\/2018\/wp-json\/wp\/v2\/posts\/5510","targetHints":{"allow":["GET"]}}],"collection":[{"href":"https:\/\/www.catedracosgaya.com.ar\/tipoblog\/2018\/wp-json\/wp\/v2\/posts"}],"about":[{"href":"https:\/\/www.catedracosgaya.com.ar\/tipoblog\/2018\/wp-json\/wp\/v2\/types\/post"}],"author":[{"embeddable":true,"href":"https:\/\/www.catedracosgaya.com.ar\/tipoblog\/2018\/wp-json\/wp\/v2\/users\/125"}],"replies":[{"embeddable":true,"href":"https:\/\/www.catedracosgaya.com.ar\/tipoblog\/2018\/wp-json\/wp\/v2\/comments?post=5510"}],"version-history":[{"count":4,"href":"https:\/\/www.catedracosgaya.com.ar\/tipoblog\/2018\/wp-json\/wp\/v2\/posts\/5510\/revisions"}],"predecessor-version":[{"id":5614,"href":"https:\/\/www.catedracosgaya.com.ar\/tipoblog\/2018\/wp-json\/wp\/v2\/posts\/5510\/revisions\/5614"}],"wp:featuredmedia":[{"embeddable":true,"href":"https:\/\/www.catedracosgaya.com.ar\/tipoblog\/2018\/wp-json\/wp\/v2\/media\/5515"}],"wp:attachment":[{"href":"https:\/\/www.catedracosgaya.com.ar\/tipoblog\/2018\/wp-json\/wp\/v2\/media?parent=5510"}],"wp:term":[{"taxonomy":"category","embeddable":true,"href":"https:\/\/www.catedracosgaya.com.ar\/tipoblog\/2018\/wp-json\/wp\/v2\/categories?post=5510"},{"taxonomy":"post_tag","embeddable":true,"href":"https:\/\/www.catedracosgaya.com.ar\/tipoblog\/2018\/wp-json\/wp\/v2\/tags?post=5510"}],"curies":[{"name":"wp","href":"https:\/\/api.w.org\/{rel}","templated":true}]}}