{"id":5356,"date":"2018-07-05T20:45:33","date_gmt":"2018-07-05T23:45:33","guid":{"rendered":"http:\/\/www.catedracosgaya.com.ar\/tipoblog\/2018\/?p=5356"},"modified":"2018-07-05T20:45:33","modified_gmt":"2018-07-05T23:45:33","slug":"tiene-sentido-si-le-das-sentido","status":"publish","type":"post","link":"https:\/\/www.catedracosgaya.com.ar\/tipoblog\/2018\/tiene-sentido-si-le-das-sentido\/","title":{"rendered":"Tiene sentido si le das sentido"},"content":{"rendered":"<p>April Greiman, \u00a0dise\u00f1adora grafica estadounidense que fue pionera del dise\u00f1o digital a fines de los 70, una de las pocas reconocidas en una industria dominada por hombres. Fue influenciada por el Estilo Internacional debido a sus estudios en la Escuela de Dise\u00f1o de Basilea donde fue alumna de Hofmann y Weingart.<\/p>\n<p>Sus trabajos enfrentaron las tendencias objetivas y racionales del dise\u00f1o moderno en un momento donde la mayor\u00eda rechazaba el uso de la computadora, ella aprovechaba esa herramienta para potenciar y marcar su estilo. \u00a0Desarrollo en sus trabajos un estilo que posteriormente se denomino New Wave.<\/p>\n<blockquote><p><em>You don&#8217;t have to give up your\u00a0pencil\u00a0when you switch to computer design, the\u00a0Mac&#8217;s\u00a0just another\u00a0pencil!&#8221;<\/em><\/p><\/blockquote>\n<p><img loading=\"lazy\" decoding=\"async\" data-attachment-id=\"5357\" data-permalink=\"https:\/\/www.catedracosgaya.com.ar\/tipoblog\/2018\/tiene-sentido-si-le-das-sentido\/april-greiman-portrait-graphisme-us\/\" data-orig-file=\"https:\/\/www.catedracosgaya.com.ar\/tipoblog\/2018\/wp-content\/uploads\/2018\/07\/april-greiman-portrait-graphisme-US.jpg\" data-orig-size=\"696,464\" data-comments-opened=\"0\" data-image-meta=\"{&quot;aperture&quot;:&quot;0&quot;,&quot;credit&quot;:&quot;&quot;,&quot;camera&quot;:&quot;&quot;,&quot;caption&quot;:&quot;&quot;,&quot;created_timestamp&quot;:&quot;0&quot;,&quot;copyright&quot;:&quot;&quot;,&quot;focal_length&quot;:&quot;0&quot;,&quot;iso&quot;:&quot;0&quot;,&quot;shutter_speed&quot;:&quot;0&quot;,&quot;title&quot;:&quot;&quot;,&quot;orientation&quot;:&quot;0&quot;}\" data-image-title=\"april-greiman-portrait-graphisme-US\" data-image-description=\"\" data-image-caption=\"\" data-large-file=\"https:\/\/www.catedracosgaya.com.ar\/tipoblog\/2018\/wp-content\/uploads\/2018\/07\/april-greiman-portrait-graphisme-US.jpg\" class=\"wp-image-5357 aligncenter\" src=\"http:\/\/www.catedracosgaya.com.ar\/tipoblog\/2018\/wp-content\/uploads\/2018\/07\/april-greiman-portrait-graphisme-US-300x200.jpg\" alt=\"\" width=\"255\" height=\"170\" srcset=\"https:\/\/www.catedracosgaya.com.ar\/tipoblog\/2018\/wp-content\/uploads\/2018\/07\/april-greiman-portrait-graphisme-US-300x200.jpg 300w, https:\/\/www.catedracosgaya.com.ar\/tipoblog\/2018\/wp-content\/uploads\/2018\/07\/april-greiman-portrait-graphisme-US.jpg 696w\" sizes=\"auto, (max-width: 255px) 100vw, 255px\" \/><\/p>\n<h4>DOES IT MAKES SENSE?<\/h4>\n<p>En 1986, fue dise\u00f1adora invitada en la revista Design Quarterly. En un tiempo de convulsi\u00f3n tecnol\u00f3gica desafi\u00f3 las nociones existentes de lo que una revista deb\u00eda ser y lo hizo solo usando la \u201cfr\u00eda y distante\u201d computadora.\u00a0 Con las primitivas capacidades de las primeras computadoras pudo presentar una obra digital que reimaginaba la revista como un poster desplegable.<\/p>\n<p><img loading=\"lazy\" decoding=\"async\" data-attachment-id=\"5358\" data-permalink=\"https:\/\/www.catedracosgaya.com.ar\/tipoblog\/2018\/tiene-sentido-si-le-das-sentido\/does-it-make-sense\/\" data-orig-file=\"https:\/\/www.catedracosgaya.com.ar\/tipoblog\/2018\/wp-content\/uploads\/2018\/07\/does-it-make-sense.jpg\" data-orig-size=\"800,540\" data-comments-opened=\"0\" data-image-meta=\"{&quot;aperture&quot;:&quot;0&quot;,&quot;credit&quot;:&quot;&quot;,&quot;camera&quot;:&quot;&quot;,&quot;caption&quot;:&quot;&quot;,&quot;created_timestamp&quot;:&quot;0&quot;,&quot;copyright&quot;:&quot;&quot;,&quot;focal_length&quot;:&quot;0&quot;,&quot;iso&quot;:&quot;0&quot;,&quot;shutter_speed&quot;:&quot;0&quot;,&quot;title&quot;:&quot;&quot;,&quot;orientation&quot;:&quot;0&quot;}\" data-image-title=\"does-it-make-sense\" data-image-description=\"\" data-image-caption=\"\" data-large-file=\"https:\/\/www.catedracosgaya.com.ar\/tipoblog\/2018\/wp-content\/uploads\/2018\/07\/does-it-make-sense.jpg\" class=\" wp-image-5358 aligncenter\" src=\"http:\/\/www.catedracosgaya.com.ar\/tipoblog\/2018\/wp-content\/uploads\/2018\/07\/does-it-make-sense-300x203.jpg\" alt=\"\" width=\"436\" height=\"252\" \/><\/p>\n<p>El titulo proviene de una cita del filosofo Wittgenstein<em> \u201cif you give it a sense, it makes sense.\u201d<\/em> Lo cual consideraba una respuesta a la pregunta retorica sobre su proceso creativo y t\u00e9cnico.<\/p>\n<p>El dise\u00f1o del poster estaba compuesto por una imagen de su propio cuerpo con elementos simb\u00f3licos y distintos textos que est\u00e1n en representaci\u00f3n del esp\u00edritu de una \u00e9poca. En el frente del poster se ve plasmada la historia de la humanidad con im\u00e1genes que marcan hechos como la explosi\u00f3n de la supernova, un dinosaurio y hasta su propio nacimiento.<\/p>\n<p>Adem\u00e1s de generar el debate en torno al uso de las tecnolog\u00edas digitales como herramienta de dise\u00f1o,\u00a0 la pieza de April supo resumir muy bien el sentimiento de desesperanza de un pa\u00eds herido por la guerra de Vietnam y moldeado por el crecimiento del feminismo.<\/p>\n<p><img loading=\"lazy\" decoding=\"async\" data-attachment-id=\"5359\" data-permalink=\"https:\/\/www.catedracosgaya.com.ar\/tipoblog\/2018\/tiene-sentido-si-le-das-sentido\/10162_g_original\/\" data-orig-file=\"https:\/\/www.catedracosgaya.com.ar\/tipoblog\/2018\/wp-content\/uploads\/2018\/07\/10162_g_original.jpeg\" data-orig-size=\"2000,1349\" data-comments-opened=\"0\" data-image-meta=\"{&quot;aperture&quot;:&quot;0&quot;,&quot;credit&quot;:&quot;&quot;,&quot;camera&quot;:&quot;&quot;,&quot;caption&quot;:&quot;&quot;,&quot;created_timestamp&quot;:&quot;0&quot;,&quot;copyright&quot;:&quot;&quot;,&quot;focal_length&quot;:&quot;0&quot;,&quot;iso&quot;:&quot;0&quot;,&quot;shutter_speed&quot;:&quot;0&quot;,&quot;title&quot;:&quot;&quot;,&quot;orientation&quot;:&quot;0&quot;}\" data-image-title=\"10162_g_original\" data-image-description=\"\" data-image-caption=\"\" data-large-file=\"https:\/\/www.catedracosgaya.com.ar\/tipoblog\/2018\/wp-content\/uploads\/2018\/07\/10162_g_original-1024x691.jpeg\" class=\" wp-image-5359 aligncenter\" src=\"http:\/\/www.catedracosgaya.com.ar\/tipoblog\/2018\/wp-content\/uploads\/2018\/07\/10162_g_original-300x202.jpeg\" alt=\"\" width=\"364\" height=\"239\" \/><\/p>\n<p>La aparici\u00f3n del concepto \u00bfDoes it makes sense? desencadeno innumerables debates sobre el rol de las computadoras en el dise\u00f1o.\u00a0 Antes los dise\u00f1adores consideraban la tipograf\u00eda y las im\u00e1genes en mapa de bits inaceptables, despu\u00e9s de la publicaci\u00f3n de la revista muchos se vieron obligados a reconsiderar la relaci\u00f3n entre la computadora y el dise\u00f1o.<\/p>\n<blockquote><p><em>\u201cEntiendo que fue bastante escandaloso en ese momento y provoc\u00f3 un gran debate, pero solo obtuve comentarios positivos.\u201d<\/em><\/p><\/blockquote>\n<p>April durante su proceso creativo se hace algunas preguntas b\u00e1sicas como:<\/p>\n<ul>\n<li>\u00bfestoy tomando riesgo suficiente?<\/li>\n<li>\u00bfestoy explorando lo desconocido?<\/li>\n<\/ul>\n","protected":false},"excerpt":{"rendered":"<p>April Greiman movilizo el mundo del dise\u00f1o con su publicaci\u00f3n Does It Makes Sense? en la cual desafio las tecnolog\u00edas primitivas de los a\u00f1os 80 y se opuso a las tendencias racionales y objetivas del dise\u00f1o moderno. <\/p>\n","protected":false},"author":97,"featured_media":5360,"comment_status":"closed","ping_status":"closed","sticky":false,"template":"","format":"standard","meta":{"jetpack_post_was_ever_published":false,"_jetpack_newsletter_access":"","_jetpack_dont_email_post_to_subs":false,"_jetpack_newsletter_tier_id":0,"_jetpack_memberships_contains_paywalled_content":false,"_jetpack_memberships_contains_paid_content":false,"footnotes":"","jetpack_publicize_message":"Tiene sentido si le das sentido  #\u200eTipoblog #Tipograf&iacute;a2 #C&aacute;tedraCosgaya #\u200eFADU #\u200eUBA","jetpack_publicize_feature_enabled":true,"jetpack_social_post_already_shared":true,"jetpack_social_options":{"image_generator_settings":{"template":"highway","default_image_id":0,"font":"","enabled":false},"version":2}},"categories":[1],"tags":[],"class_list":["post-5356","post","type-post","status-publish","format-standard","has-post-thumbnail","hentry","category-sin-categoria"],"jetpack_publicize_connections":[],"jetpack_featured_media_url":"https:\/\/www.catedracosgaya.com.ar\/tipoblog\/2018\/wp-content\/uploads\/2018\/07\/upload-ede4af10-ec9c-11e7-91bd-b3abc017e009.jpg","jetpack_sharing_enabled":true,"jetpack_shortlink":"https:\/\/wp.me\/p9TJog-1oo","_links":{"self":[{"href":"https:\/\/www.catedracosgaya.com.ar\/tipoblog\/2018\/wp-json\/wp\/v2\/posts\/5356","targetHints":{"allow":["GET"]}}],"collection":[{"href":"https:\/\/www.catedracosgaya.com.ar\/tipoblog\/2018\/wp-json\/wp\/v2\/posts"}],"about":[{"href":"https:\/\/www.catedracosgaya.com.ar\/tipoblog\/2018\/wp-json\/wp\/v2\/types\/post"}],"author":[{"embeddable":true,"href":"https:\/\/www.catedracosgaya.com.ar\/tipoblog\/2018\/wp-json\/wp\/v2\/users\/97"}],"replies":[{"embeddable":true,"href":"https:\/\/www.catedracosgaya.com.ar\/tipoblog\/2018\/wp-json\/wp\/v2\/comments?post=5356"}],"version-history":[{"count":2,"href":"https:\/\/www.catedracosgaya.com.ar\/tipoblog\/2018\/wp-json\/wp\/v2\/posts\/5356\/revisions"}],"predecessor-version":[{"id":5362,"href":"https:\/\/www.catedracosgaya.com.ar\/tipoblog\/2018\/wp-json\/wp\/v2\/posts\/5356\/revisions\/5362"}],"wp:featuredmedia":[{"embeddable":true,"href":"https:\/\/www.catedracosgaya.com.ar\/tipoblog\/2018\/wp-json\/wp\/v2\/media\/5360"}],"wp:attachment":[{"href":"https:\/\/www.catedracosgaya.com.ar\/tipoblog\/2018\/wp-json\/wp\/v2\/media?parent=5356"}],"wp:term":[{"taxonomy":"category","embeddable":true,"href":"https:\/\/www.catedracosgaya.com.ar\/tipoblog\/2018\/wp-json\/wp\/v2\/categories?post=5356"},{"taxonomy":"post_tag","embeddable":true,"href":"https:\/\/www.catedracosgaya.com.ar\/tipoblog\/2018\/wp-json\/wp\/v2\/tags?post=5356"}],"curies":[{"name":"wp","href":"https:\/\/api.w.org\/{rel}","templated":true}]}}