{"id":5350,"date":"2018-07-05T15:43:37","date_gmt":"2018-07-05T18:43:37","guid":{"rendered":"http:\/\/www.catedracosgaya.com.ar\/tipoblog\/2018\/?p=5350"},"modified":"2018-07-05T15:46:28","modified_gmt":"2018-07-05T18:46:28","slug":"mirar-mas-alla-de-lo-que-creemos-ver","status":"publish","type":"post","link":"https:\/\/www.catedracosgaya.com.ar\/tipoblog\/2018\/mirar-mas-alla-de-lo-que-creemos-ver\/","title":{"rendered":"Mirar m\u00e1s all\u00e1 de lo que creemos ver"},"content":{"rendered":"<p>Tuve el placer de poder ir hace un par de a\u00f1os a la Fundaci\u00f3n Cadena que se encuentra frente a la Villa Puerta de hierro. Volviendo a esa realidad me enfoque en las historias que hay detr\u00e1s de cada uno de esos murales y lo que realmente quieren transmitir, que en parte es esa lucha por la inclusi\u00f3n en la sociedad.<br \/>\nLa Fundaci\u00f3n Cadena es un hogar de d\u00eda, en el que asisten entre 30 y 40 ni\u00f1os en situaci\u00f3n de riesgo, debido a la ausencia de sus familias, problemas de nutrici\u00f3n, sin escolaridad y con falta de acompa\u00f1amiento educativo.<\/p>\n<p>Hace poco tuve el testimonio de Jes\u00fas Cabral 18 a\u00f1os, un joven que concurre desde chico al hogar. Hablamos sobre la frase dicha por nuestra gobernadora \u201cNadie que nace en la pobreza en la Argentina hoy llega a la universidad\u201d.El demostr\u00f3 estar muy dolido y me respondi\u00f3 lo siguiente:<br \/>\n\u201cSent\u00ed impotencia, porque es injusto, ella deber\u00eda incentivar a los que menos tienen y no hacer una bajada de l\u00ednea de hasta donde podemos llegar. Yo soy un ejemplo, estoy haciendo el curso de ingreso en la Universidad de la Matanza, aprob\u00e9 matem\u00e1tica, contabilidad y desaprob\u00e9 seminario. En el hogar hay un \u00a0voluntario que me est\u00e1 dando el apoyo que necesito para poder aprobar esta materia\u201d<\/p>\n<p>Este es uno de los casos que da gracia leer, pero la otra cara de la moneda, es que hay much\u00edsimos ni\u00f1os, que adem\u00e1s de vivir en p\u00e9simas condiciones, no saben leer ni escribir y tampoco tienen una familia que los acompa\u00f1e. Muchos de ellos al crecer, no tener herramientas ni formaci\u00f3n educativa. Est\u00e1n atados por las cadenas de la droga, la discriminaci\u00f3n y la falta de trabajo.<\/p>\n<p>Al punto que quiero llegar, es que nosotros, tenemos la suerte de poder estar en una universidad p\u00fablica y de formarnos como profesionales. S\u00e9 y entiendo que quiz\u00e1s no sea nuestra responsabilidad, pero podemos ayudar a su inserci\u00f3n en la sociedad desde nuestro lugar. Creo que somos parte y que hay millones de maneras de hacerlo gracias a los conocimientos que tenemos y que por falta de recursos carecen en ellos.<\/p>\n<p>Llevarles a esos ni\u00f1os, ganas de salir adelante, de aprender y de que se enamoren de una vocaci\u00f3n como nosotros. Que su futuro no sea el establecido por un mandato social, si no que tengan la fuerza y herramientas para salir a pelear por lo que ellos desean ser.<\/p>\n<p>Entonces, \u00bfVisibilizamos lo visible?<\/p>\n","protected":false},"excerpt":{"rendered":"<p>Es cotidiano ver murales con diversas tipograf\u00edas e ilustraciones. En este caso voy a focalizar en los de la Villa Puerta de hierro. En algunos reclaman por derechos, como la inclusi\u00f3n, en otros despiden a amigos ca\u00eddos por la droga o enfrentamientos. Pero me voy a centrar en esos murales en los que la tipograf\u00eda comunica y hace resonar las paredes convirti\u00e9ndolas en gritos que proclaman ayuda social.<\/p>\n","protected":false},"author":98,"featured_media":5351,"comment_status":"closed","ping_status":"closed","sticky":false,"template":"","format":"standard","meta":{"jetpack_post_was_ever_published":false,"_jetpack_newsletter_access":"","_jetpack_dont_email_post_to_subs":false,"_jetpack_newsletter_tier_id":0,"_jetpack_memberships_contains_paywalled_content":false,"_jetpack_memberships_contains_paid_content":false,"footnotes":"","jetpack_publicize_message":"Mirar m\u00e1s all\u00e1 de lo que creemos ver  #\u200eTipoblog #Tipograf&iacute;a2 #C&aacute;tedraCosgaya #\u200eFADU #\u200eUBA","jetpack_publicize_feature_enabled":true,"jetpack_social_post_already_shared":true,"jetpack_social_options":{"image_generator_settings":{"template":"highway","default_image_id":0,"font":"","enabled":false},"version":2}},"categories":[27,20,24],"tags":[],"class_list":["post-5350","post","type-post","status-publish","format-standard","has-post-thumbnail","hentry","category-cultura","category-educacion","category-sociedad"],"jetpack_publicize_connections":[],"jetpack_featured_media_url":"https:\/\/www.catedracosgaya.com.ar\/tipoblog\/2018\/wp-content\/uploads\/2018\/07\/URBANIZACION.jpg","jetpack_sharing_enabled":true,"jetpack_shortlink":"https:\/\/wp.me\/p9TJog-1oi","_links":{"self":[{"href":"https:\/\/www.catedracosgaya.com.ar\/tipoblog\/2018\/wp-json\/wp\/v2\/posts\/5350","targetHints":{"allow":["GET"]}}],"collection":[{"href":"https:\/\/www.catedracosgaya.com.ar\/tipoblog\/2018\/wp-json\/wp\/v2\/posts"}],"about":[{"href":"https:\/\/www.catedracosgaya.com.ar\/tipoblog\/2018\/wp-json\/wp\/v2\/types\/post"}],"author":[{"embeddable":true,"href":"https:\/\/www.catedracosgaya.com.ar\/tipoblog\/2018\/wp-json\/wp\/v2\/users\/98"}],"replies":[{"embeddable":true,"href":"https:\/\/www.catedracosgaya.com.ar\/tipoblog\/2018\/wp-json\/wp\/v2\/comments?post=5350"}],"version-history":[{"count":3,"href":"https:\/\/www.catedracosgaya.com.ar\/tipoblog\/2018\/wp-json\/wp\/v2\/posts\/5350\/revisions"}],"predecessor-version":[{"id":5354,"href":"https:\/\/www.catedracosgaya.com.ar\/tipoblog\/2018\/wp-json\/wp\/v2\/posts\/5350\/revisions\/5354"}],"wp:featuredmedia":[{"embeddable":true,"href":"https:\/\/www.catedracosgaya.com.ar\/tipoblog\/2018\/wp-json\/wp\/v2\/media\/5351"}],"wp:attachment":[{"href":"https:\/\/www.catedracosgaya.com.ar\/tipoblog\/2018\/wp-json\/wp\/v2\/media?parent=5350"}],"wp:term":[{"taxonomy":"category","embeddable":true,"href":"https:\/\/www.catedracosgaya.com.ar\/tipoblog\/2018\/wp-json\/wp\/v2\/categories?post=5350"},{"taxonomy":"post_tag","embeddable":true,"href":"https:\/\/www.catedracosgaya.com.ar\/tipoblog\/2018\/wp-json\/wp\/v2\/tags?post=5350"}],"curies":[{"name":"wp","href":"https:\/\/api.w.org\/{rel}","templated":true}]}}