{"id":5299,"date":"2018-07-03T22:17:30","date_gmt":"2018-07-04T01:17:30","guid":{"rendered":"http:\/\/www.catedracosgaya.com.ar\/tipoblog\/2018\/?p=5299"},"modified":"2018-07-04T01:50:18","modified_gmt":"2018-07-04T04:50:18","slug":"opinion-typo-branding-identidad-vs-funcion","status":"publish","type":"post","link":"https:\/\/www.catedracosgaya.com.ar\/tipoblog\/2018\/opinion-typo-branding-identidad-vs-funcion\/","title":{"rendered":"[Opini\u00f3n] TYPO-BRANDING: Identidad Vs. Funci\u00f3n."},"content":{"rendered":"<p>&nbsp;<\/p>\n<h6><span style=\"font-weight: 400\">[OPINION]<\/span><\/h6>\n<p><strong>\u00a0<\/strong><\/p>\n<p><span style=\"font-weight: 400;color: #ffffff\"><strong>\u201cLa forma, sigue a la funci\u00f3n\u201d<\/strong>. Esta frase, resuena en la cabeza de todo dise\u00f1ador, como una de las m\u00e1ximas que constituyen la esencia misma de nuestra disciplina. Y aunque la discusi\u00f3n entre forma y funci\u00f3n no es tema nuevo, es un debate que est\u00e1 lejos de haber cerrado. <\/span><\/p>\n<p><span style=\"font-weight: 400;color: #ffffff\">As\u00ed como tantas otras disputas vigentes hoy en d\u00eda, de una asignatura que a\u00fan lucha por trazar su propia frontera de acci\u00f3n, \u00e9sta es una que particularmente resurge en nuestra era de explosi\u00f3n tecnol\u00f3gica.<\/span><\/p>\n<p style=\"text-align: left\"><span style=\"font-weight: 400;color: #ffffff\">Aunque lejos de la rivalidad de Muthesius y Van de Velde en la Desutche Werkbund, o la experimentaci\u00f3n de la Bauhaus y el Funcionalismo de la ULM, nos encontramos en un contexto en el que el dise\u00f1o parece estar dividido en dos (\u00bfla grieta?). Los dise\u00f1adores seguimos repensando nuestra labor, as\u00ed como nuestros m\u00e9todos y el alcance de nuestras tareas. Por un lado los herederos de la tradici\u00f3n suiza, del \u201c<em>less is more<\/em>\u201d (menos es m\u00e1s), protectores de la legibilidad, probablemente entusiastas defensores de M\u00fcller-Brockman y su sistema de ret\u00edculas; y por el otro, aquellos creyentes de la tipograf\u00eda como un elemento de expresividad intr\u00ednseca, los del \u201c<em>Don&#8217;t Mistake Legibility for Communication<\/em>\u201d (no confundas legibilidad por comunicaci\u00f3n), rompedores de normas (y de grillas).<\/span><\/p>\n<p><span style=\"font-weight: 400;color: #ffffff\">Me result\u00f3 interesante revisar entonces, c\u00f3mo estas dos \u201ccorrientes tipogr\u00e1f\u00edcas\u201d influyen en el dise\u00f1o del mundo que nos rodea, particularmente el mundo del consumo (que es el que m\u00e1s nos compete en esta era), y haciendo hincapi\u00e9 en la puja entre identidad y funcionalidad.<\/span><\/p>\n<p><span style=\"color: #ffffff\"><strong>\u00a0<\/strong><\/span><\/p>\n<h2><span style=\"color: #ffffff\"><strong>Funci\u00f3n sobre Identidad:<\/strong><\/span><\/h2>\n<p><span style=\"font-weight: 400;color: #ffffff\">Atravesadas por la incorporaci\u00f3n de las nuevas tecnolog\u00edas y con ello, los nuevos modos de consumir, las compa\u00f1\u00edas se vieron empujadas a realizar redise\u00f1os de su identidad corporativa para poder adaptarse al mundo multi-plataforma en el que vivimos. Un logo debe verse potente en una marquesina de dos metros, claro en un ordenador y legible en la pantalla de un celular, o un smart-watch.<\/span><\/p>\n<p><span style=\"color: #ffffff\"><span style=\"font-weight: 400\">La necesidad de abarcar todos estos medios (y m\u00e1s) genera por un lado, un campo de acci\u00f3n rico para el desarrollo de dise\u00f1os inteligentes y vers\u00e1tiles. El dise\u00f1o <\/span><i><span style=\"font-weight: 400\">responsive, <\/span><\/i><span style=\"font-weight: 400\">es un claro ejemplo de ello. Pero en contraposici\u00f3n, empuja a los dise\u00f1adores a simplificar los recursos que utilizan para elaborar la identidad de una marca, llevando as\u00ed a una explosi\u00f3n minimalista. Complejos e intrincados logotipos, pueden sumar puntos en creatividad y diferenciaci\u00f3n, pero no resultan aptos para abarcar la amplia gama de plataformas disponibles.<\/span><\/span><\/p>\n<p><span style=\"font-weight: 400;color: #ffffff\">El problema aqu\u00ed, es que lejos de encontrar formas que estimulen la producci\u00f3n de soluciones gr\u00e1ficas, las corporaciones han optado por un camino que parece ir en una sola direcci\u00f3n. Resulta que la nueva apariencia de la gran tecnolog\u00eda es plana, brillante sans-serif y esencialmente intercambiable. <\/span><\/p>\n<div class=\"embed-twitter\">\n<blockquote class=\"twitter-tweet\" data-width=\"550\" data-dnt=\"true\">\n<p lang=\"en\" dir=\"ltr\">EVERYBODY FALL IN LINE! <a href=\"https:\/\/t.co\/B9JU5nvpMu\">pic.twitter.com\/B9JU5nvpMu<\/a><\/p>\n<p>&mdash; OH no Type Co (@OHnoTypeCo) <a href=\"https:\/\/twitter.com\/OHnoTypeCo\/status\/963529463353851905?ref_src=twsrc%5Etfw\">February 13, 2018<\/a><\/p><\/blockquote>\n<p><script async src=\"https:\/\/platform.twitter.com\/widgets.js\" charset=\"utf-8\"><\/script><\/div>\n<p><span style=\"color: #ffffff\"><span style=\"font-weight: 400\">Se ha formado una bola de nieve que r\u00e1pidamente se ha convertido en tendencia, y se est\u00e1 esparciendo como un virus. Armin Vit, dise\u00f1ador gr\u00e1fico y autor del popular blog de branding <\/span><i><span style=\"font-weight: 400\">Brand New<\/span><\/i><span style=\"font-weight: 400\">, se\u00f1ala el surgimiento de la tendencia al cambio de marca de Airbnb en 2014. El redise\u00f1o de Google, realizado por un equipo interno, sigui\u00f3 poco despu\u00e9s, desechando sus viejos serif en favor de un sans-serif geom\u00e9trico dise\u00f1ado a medida. &#8220;No creo que Google haya copiado Airbnb, pero simplemente tomaron una ruta similar&#8221;, dice Vit. Despu\u00e9s de ver estos logotipos en acci\u00f3n, otras marcas siguieron su ejemplo y naci\u00f3 la tendencia. <\/span><\/span><\/p>\n<p><span style=\"font-weight: 400;color: #ffffff\">Y as\u00ed como el debate no es nuevo, tampoco lo es la explosi\u00f3n de las tipograf\u00edas Sans Serif. Podr\u00eda decirse que existe un paralelo entre la actual adquisici\u00f3n geom\u00e9trica de sans-serif y el dominio de Helvetica en la d\u00e9cada de 1960, pero eso es tema para otro posteo. La realidad es que quien se resiste, resulta anticuado, pero quien lo incorpora, pierde un valor en su identidad. Simplemente intentan ser como los otros grandes.<\/span><\/p>\n<figure id=\"attachment_5315\" aria-describedby=\"caption-attachment-5315\" style=\"width: 532px\" class=\"wp-caption alignnone\"><img loading=\"lazy\" decoding=\"async\" data-attachment-id=\"5315\" data-permalink=\"https:\/\/www.catedracosgaya.com.ar\/tipoblog\/2018\/opinion-typo-branding-identidad-vs-funcion\/i-see-helvetica-everywhere-helvetica-abuse\/\" data-orig-file=\"https:\/\/www.catedracosgaya.com.ar\/tipoblog\/2018\/wp-content\/uploads\/2018\/07\/i-see-helvetica-everywhere-helvetica-abuse.jpg\" data-orig-size=\"500,347\" data-comments-opened=\"0\" data-image-meta=\"{&quot;aperture&quot;:&quot;0&quot;,&quot;credit&quot;:&quot;&quot;,&quot;camera&quot;:&quot;&quot;,&quot;caption&quot;:&quot;&quot;,&quot;created_timestamp&quot;:&quot;0&quot;,&quot;copyright&quot;:&quot;&quot;,&quot;focal_length&quot;:&quot;0&quot;,&quot;iso&quot;:&quot;0&quot;,&quot;shutter_speed&quot;:&quot;0&quot;,&quot;title&quot;:&quot;&quot;,&quot;orientation&quot;:&quot;1&quot;}\" data-image-title=\"i-see-helvetica-everywhere-helvetica-abuse\" data-image-description=\"\" data-image-caption=\"\" data-large-file=\"https:\/\/www.catedracosgaya.com.ar\/tipoblog\/2018\/wp-content\/uploads\/2018\/07\/i-see-helvetica-everywhere-helvetica-abuse.jpg\" class=\"wp-image-5315\" src=\"http:\/\/www.catedracosgaya.com.ar\/tipoblog\/2018\/wp-content\/uploads\/2018\/07\/i-see-helvetica-everywhere-helvetica-abuse-300x208.jpg\" alt=\"\" width=\"532\" height=\"369\" srcset=\"https:\/\/www.catedracosgaya.com.ar\/tipoblog\/2018\/wp-content\/uploads\/2018\/07\/i-see-helvetica-everywhere-helvetica-abuse-300x208.jpg 300w, https:\/\/www.catedracosgaya.com.ar\/tipoblog\/2018\/wp-content\/uploads\/2018\/07\/i-see-helvetica-everywhere-helvetica-abuse.jpg 500w\" sizes=\"auto, (max-width: 532px) 100vw, 532px\" \/><figcaption id=\"caption-attachment-5315\" class=\"wp-caption-text\"><\/span> <span style=\"color: #ffffff\">Helvetica, omnipresente.<\/span><\/figcaption><\/figure>\n<p><span style=\"color: #ffffff\"><strong>\u00a0<\/strong><\/span><\/p>\n<h2><span style=\"color: #ffffff\"><strong>Identidad sobre Funci\u00f3n:<\/strong><\/span><\/h2>\n<p><span style=\"font-weight: 400;color: #ffffff\">Por otra parte, encontramos casos en los que la b\u00fasqueda de una distinci\u00f3n en la identidad de marca, lleva a los dise\u00f1adores por caminos donde pareciera que han olvidado el componente principal del dise\u00f1o: la comunicaci\u00f3n.<\/span><\/p>\n<p><span style=\"font-weight: 400;color: #ffffff\">Un gran ejemplo de este caso, es la reciente pol\u00e9mica formada alrededor de la propuesta tipogr\u00e1fica de Adidas para las camisetas del Mundial de Rusia 2018. No hay que ser un gran fan\u00e1tico del f\u00fatbol, ni tampoco un experto en tipograf\u00eda para notar que la proyecci\u00f3n est\u00e1 lejos de ser un acierto.<\/span><\/p>\n<figure id=\"attachment_5316\" aria-describedby=\"caption-attachment-5316\" style=\"width: 532px\" class=\"wp-caption alignnone\"><img loading=\"lazy\" decoding=\"async\" data-attachment-id=\"5316\" data-permalink=\"https:\/\/www.catedracosgaya.com.ar\/tipoblog\/2018\/opinion-typo-branding-identidad-vs-funcion\/adidas-type\/\" data-orig-file=\"https:\/\/www.catedracosgaya.com.ar\/tipoblog\/2018\/wp-content\/uploads\/2018\/07\/ADIDAS-TYPE.jpg\" data-orig-size=\"738,277\" data-comments-opened=\"0\" data-image-meta=\"{&quot;aperture&quot;:&quot;0&quot;,&quot;credit&quot;:&quot;&quot;,&quot;camera&quot;:&quot;&quot;,&quot;caption&quot;:&quot;&quot;,&quot;created_timestamp&quot;:&quot;0&quot;,&quot;copyright&quot;:&quot;&quot;,&quot;focal_length&quot;:&quot;0&quot;,&quot;iso&quot;:&quot;0&quot;,&quot;shutter_speed&quot;:&quot;0&quot;,&quot;title&quot;:&quot;&quot;,&quot;orientation&quot;:&quot;0&quot;}\" data-image-title=\"ADIDAS TYPE\" data-image-description=\"\" data-image-caption=\"\" data-large-file=\"https:\/\/www.catedracosgaya.com.ar\/tipoblog\/2018\/wp-content\/uploads\/2018\/07\/ADIDAS-TYPE.jpg\" class=\"wp-image-5316\" title=\"Tipografia para camisetas marca Adidas. Mundial de Rusia 2018\" src=\"http:\/\/www.catedracosgaya.com.ar\/tipoblog\/2018\/wp-content\/uploads\/2018\/07\/ADIDAS-TYPE-300x113.jpg\" alt=\"\" width=\"532\" height=\"200\" srcset=\"https:\/\/www.catedracosgaya.com.ar\/tipoblog\/2018\/wp-content\/uploads\/2018\/07\/ADIDAS-TYPE-300x113.jpg 300w, https:\/\/www.catedracosgaya.com.ar\/tipoblog\/2018\/wp-content\/uploads\/2018\/07\/ADIDAS-TYPE.jpg 738w\" sizes=\"auto, (max-width: 532px) 100vw, 532px\" \/><figcaption id=\"caption-attachment-5316\" class=\"wp-caption-text\"><\/span> <span style=\"color: #ffffff\">Tipografia para camisetas marca Adidas. Mundial de Rusia 2018<\/span><\/figcaption><\/figure>\n<p><span style=\"font-weight: 400;color: #ffffff\">En este caso, a diferencia de los logotipos de las grandes corporaciones citadas en el apartado anterior, la versatilidad no es la clave. La principal funci\u00f3n de las letras en una camiseta es que puedan ser legibles desde una distancia mayor a cien metros, y estas no pueden interpretarse ni siquiera desde la cercan\u00eda.<\/span><\/p>\n<p>https:\/\/twitter.com\/sportsfonts_com\/status\/976078644501274625<\/p>\n<p><span style=\"font-weight: 400;color: #ffffff\">Adidas, ajena (o no) a las cr\u00edticas cosechadas, anunciaba hace unas semanas la fuente y alegaba su vocaci\u00f3n de conmemorar la cultura rusa, inspirada en la imaginer\u00eda tradicional sovi\u00e9tica, excusa que cumple sin reproches. Pero el problema es que, tal como comentara recientemente en una entrevista el tip\u00f3grafo Eric Spiekermann \u201cUna fuente ya no es una fuente si la vanidad del dise\u00f1ador se vuelve demasiado grande. Entonces es una representaci\u00f3n art\u00edstica. Y eso es lo que ha pasado aqu\u00ed: alguien de Adidas ha querido dise\u00f1ar un tipo de letra en cuadrados. Y eso es una estupidez\u201d, quien ha calificado esta decisi\u00f3n lisa y llanamente como \u00abmierda tipogr\u00e1fica\u00bb.<\/span><\/p>\n<p><span style=\"color: #ffffff\"><span style=\"font-weight: 400\">Otro tristemente c\u00e9lebre caso, es la incorporaci\u00f3n por parte de <\/span><i><span style=\"font-weight: 400\">Coca-Cola <\/span><\/i><span style=\"font-weight: 400\">de la nueva familia TCCC Unity. Una palo seco geom\u00e9trica, muy bien dibujada pero algo descafeinada, sin demasiada chispa ni personalidad.<\/span><\/span><\/p>\n<figure id=\"attachment_5317\" aria-describedby=\"caption-attachment-5317\" style=\"width: 532px\" class=\"wp-caption alignnone\"><img loading=\"lazy\" decoding=\"async\" data-attachment-id=\"5317\" data-permalink=\"https:\/\/www.catedracosgaya.com.ar\/tipoblog\/2018\/opinion-typo-branding-identidad-vs-funcion\/tccc-unity-tipografia-coca-cola\/\" data-orig-file=\"https:\/\/www.catedracosgaya.com.ar\/tipoblog\/2018\/wp-content\/uploads\/2018\/07\/TCCC-Unity-tipografia-coca-cola.jpg\" data-orig-size=\"960,541\" data-comments-opened=\"0\" data-image-meta=\"{&quot;aperture&quot;:&quot;0&quot;,&quot;credit&quot;:&quot;&quot;,&quot;camera&quot;:&quot;&quot;,&quot;caption&quot;:&quot;&quot;,&quot;created_timestamp&quot;:&quot;0&quot;,&quot;copyright&quot;:&quot;&quot;,&quot;focal_length&quot;:&quot;0&quot;,&quot;iso&quot;:&quot;0&quot;,&quot;shutter_speed&quot;:&quot;0&quot;,&quot;title&quot;:&quot;&quot;,&quot;orientation&quot;:&quot;0&quot;}\" data-image-title=\"TCCC-Unity-tipografia-coca-cola\" data-image-description=\"\" data-image-caption=\"\" data-large-file=\"https:\/\/www.catedracosgaya.com.ar\/tipoblog\/2018\/wp-content\/uploads\/2018\/07\/TCCC-Unity-tipografia-coca-cola.jpg\" class=\"wp-image-5317\" title=\"Neville Brody. Dise\u00f1o &quot;TCCC Unity&quot; - 2018\" src=\"http:\/\/www.catedracosgaya.com.ar\/tipoblog\/2018\/wp-content\/uploads\/2018\/07\/TCCC-Unity-tipografia-coca-cola.jpg\" alt=\"Neville Brody. Dise\u00f1o &quot;TCCC Unity&quot; - 2018\" width=\"532\" height=\"300\" srcset=\"https:\/\/www.catedracosgaya.com.ar\/tipoblog\/2018\/wp-content\/uploads\/2018\/07\/TCCC-Unity-tipografia-coca-cola.jpg 960w, https:\/\/www.catedracosgaya.com.ar\/tipoblog\/2018\/wp-content\/uploads\/2018\/07\/TCCC-Unity-tipografia-coca-cola-300x169.jpg 300w, https:\/\/www.catedracosgaya.com.ar\/tipoblog\/2018\/wp-content\/uploads\/2018\/07\/TCCC-Unity-tipografia-coca-cola-768x433.jpg 768w\" sizes=\"auto, (max-width: 532px) 100vw, 532px\" \/><figcaption id=\"caption-attachment-5317\" class=\"wp-caption-text\"><\/span> <span style=\"color: #ffffff\">Neville Brody. Dise\u00f1o &#8220;TCCC Unity&#8221; &#8211; 2018<\/span><\/figcaption><\/figure>\n<p><span style=\"font-weight: 400;color: #ffffff\">Una movida de la compa\u00f1\u00eda para abaratar costos en licencias tipogr\u00e1ficas (tal como lo ha hecho IBM anteriormente) que resulta en un aparente intento de semantizar caprichosamente la idea de Unidad y Diversidad, con un parecido sospechoso a la idea propuesta por Paula Scher m\u00e1s de 20 a\u00f1os atr\u00e1s, con su redise\u00f1o de The Public Theatre, exceptuando el hecho de que esta \u00faltima alternativa est\u00e1 definitivamente mejor lograda.<\/span><\/p>\n<figure id=\"attachment_5318\" aria-describedby=\"caption-attachment-5318\" style=\"width: 532px\" class=\"wp-caption alignnone\"><img loading=\"lazy\" decoding=\"async\" data-attachment-id=\"5318\" data-permalink=\"https:\/\/www.catedracosgaya.com.ar\/tipoblog\/2018\/opinion-typo-branding-identidad-vs-funcion\/ps-public-full-200\/\" data-orig-file=\"https:\/\/www.catedracosgaya.com.ar\/tipoblog\/2018\/wp-content\/uploads\/2018\/07\/ps-public-full-200-e1530675573614.jpg\" data-orig-size=\"532,219\" data-comments-opened=\"0\" data-image-meta=\"{&quot;aperture&quot;:&quot;0&quot;,&quot;credit&quot;:&quot;&quot;,&quot;camera&quot;:&quot;&quot;,&quot;caption&quot;:&quot;&quot;,&quot;created_timestamp&quot;:&quot;0&quot;,&quot;copyright&quot;:&quot;&quot;,&quot;focal_length&quot;:&quot;0&quot;,&quot;iso&quot;:&quot;0&quot;,&quot;shutter_speed&quot;:&quot;0&quot;,&quot;title&quot;:&quot;&quot;,&quot;orientation&quot;:&quot;0&quot;}\" data-image-title=\"ps-public-full-200\" data-image-description=\"\" data-image-caption=\"\" data-large-file=\"https:\/\/www.catedracosgaya.com.ar\/tipoblog\/2018\/wp-content\/uploads\/2018\/07\/ps-public-full-200-e1530675535449-1024x421.jpg\" class=\"wp-image-5318 size-full\" title=\"Paula Scher. Dise\u00f1o &quot;The Public Theatre&quot; -1994\" src=\"http:\/\/www.catedracosgaya.com.ar\/tipoblog\/2018\/wp-content\/uploads\/2018\/07\/ps-public-full-200-e1530675573614.jpg\" alt=\"\" width=\"532\" height=\"219\" \/><figcaption id=\"caption-attachment-5318\" class=\"wp-caption-text\"><\/span> <span style=\"color: #ffffff\">Paula Scher. Dise\u00f1o &#8220;The Public Theatre&#8221; -1994<\/span><\/figcaption><\/figure>\n<p><span style=\"font-weight: 400;color: #ffffff\">TCCC Unity deja un sabor amargo, una idea interesante trazada a medio camino, que parece querer arriesgarse, pero no demasiado. Y doblemente amargo es el sabor conociendo que el dise\u00f1ador de dicha fuente no es nada m\u00e1s ni nada menos que Neville Brody, pionero en los 70\u2019s con su revista FUSE y THE FACE, de la abstracci\u00f3n tipogr\u00e1fica, del dise\u00f1o sin barreras, de la comunicaci\u00f3n expresiva.<\/span><\/p>\n<hr \/>\n<p style=\"text-align: left\"><span style=\"font-weight: 400\">Nada de lo aqu\u00ed descrito desmerece las decisiones tomadas, es que a veces es m\u00e1s sencillo pararse desde una vereda cr\u00edtica para repensar lo que vemos. La intenci\u00f3n es la de \u00a0tratar de encarar a futuro los proyectos de dise\u00f1o en los que nos encontremos, con la mirada atenta sobre la comunicaci\u00f3n, sin olvidarnos de la expresividad, pero a su vez sin empecinarse con una idea.<\/span><\/p>\n<hr \/>\n<p>Enlaces externos:<\/p>\n<p><a href=\"https:\/\/graffica.info\/tipografia-mundial-futbol-2018\/\" target=\"_blank\" rel=\"noopener\">https:\/\/graffica.info\/tipografia-mundial-futbol-2018\/<\/a><br \/>\n<a href=\"https:\/\/losandes.com.ar\/article\/view?slug=polemica-por-la-tipografia-en-las-camisetas\" target=\"_blank\" rel=\"noopener\">https:\/\/losandes.com.ar\/article\/view?slug=polemica-por-la-tipografia-en-las-camisetas<\/a><br \/>\n<a href=\"https:\/\/www.artsy.net\/article\/artsy-editorial-one-trend-dominates-logos-big-tech?utm_source=facebook&amp;utm_medium=social&amp;utm_campaign=sm-editorial-evergreen&amp;utm_content=fb-1-trend-in-big-tech-logos\" target=\"_blank\" rel=\"noopener\">https:\/\/www.artsy.net\/article\/artsy-editorial-one-trend-dominates-logos<\/a><br \/>\n<a href=\"https:\/\/www.wired.com\/2013\/04\/reinventing-typography\/\" target=\"_blank\" rel=\"noopener\">https:\/\/www.wired.com\/2013\/04\/reinventing-typography\/<\/a><br \/>\n<a href=\"https:\/\/www.fastcodesign.com\/90156238\/cokes-new-font-is-design-at-its-worst\" target=\"_blank\" rel=\"noopener\">https:\/\/www.fastcodesign.com\/90156238\/cokes-new-font-is-design-at-its-worst<\/a><br \/>\n<a href=\"https:\/\/www.pentagram.com\/work\/the-public-theater\/story\" target=\"_blank\" rel=\"noopener\">https:\/\/www.pentagram.com\/work\/the-public-theater\/story<\/a><br \/>\n<a href=\"http:\/\/historia-disenio-industrial.blogspot.com\/2013\/11\/ulm.html\" target=\"_blank\" rel=\"noopener\">http:\/\/historia-disenio-industrial.blogspot.com\/2013\/11\/ulm.html<\/a><br \/>\n<a href=\"https:\/\/graffica.info\/tccc-unity-coca-cola-neville-brody-3\/\" target=\"_blank\" rel=\"noopener\">https:\/\/graffica.info\/tccc-unity-coca-cola-neville-brody-3\/<\/a><\/p>\n","protected":false},"excerpt":{"rendered":"<p>Desaf\u00edos de dise\u00f1o en la era multi-plataforma. \u00bfQu\u00e9 tiene un mayor peso a la hora de elegir un camino, la funci\u00f3n o la identidad?, \u00bfC\u00f3mo afecta la masividad tecnol\u00f3gica al desarrollo de una identidad acertada?. Todo esto y un poco m\u00e1s, en el siguiente post.<\/p>\n","protected":false},"author":90,"featured_media":5320,"comment_status":"closed","ping_status":"closed","sticky":false,"template":"","format":"standard","meta":{"jetpack_post_was_ever_published":false,"_jetpack_newsletter_access":"","_jetpack_dont_email_post_to_subs":false,"_jetpack_newsletter_tier_id":0,"_jetpack_memberships_contains_paywalled_content":false,"_jetpack_memberships_contains_paid_content":false,"footnotes":"","jetpack_publicize_message":"[Opini\u00f3n] TYPO-BRANDING: Identidad Vs. Funci\u00f3n.  #\u200eTipoblog #Tipograf&iacute;a2 #C&aacute;tedraCosgaya #\u200eFADU #\u200eUBA","jetpack_publicize_feature_enabled":true,"jetpack_social_post_already_shared":true,"jetpack_social_options":{"image_generator_settings":{"template":"highway","default_image_id":0,"font":"","enabled":false},"version":2}},"categories":[29,28,24,25],"tags":[158,154,156,157,159,155,147],"class_list":["post-5299","post","type-post","status-publish","format-standard","has-post-thumbnail","hentry","category-historia","category-mercado","category-sociedad","category-tecnologia","tag-airbnb","tag-branding","tag-coca-cola","tag-google","tag-pinterest","tag-rusia2018","tag-tecnologia"],"jetpack_publicize_connections":[],"jetpack_featured_media_url":"https:\/\/www.catedracosgaya.com.ar\/tipoblog\/2018\/wp-content\/uploads\/2018\/07\/Sin-t\u00edtulo-2-01.jpg","jetpack_sharing_enabled":true,"jetpack_shortlink":"https:\/\/wp.me\/p9TJog-1nt","_links":{"self":[{"href":"https:\/\/www.catedracosgaya.com.ar\/tipoblog\/2018\/wp-json\/wp\/v2\/posts\/5299","targetHints":{"allow":["GET"]}}],"collection":[{"href":"https:\/\/www.catedracosgaya.com.ar\/tipoblog\/2018\/wp-json\/wp\/v2\/posts"}],"about":[{"href":"https:\/\/www.catedracosgaya.com.ar\/tipoblog\/2018\/wp-json\/wp\/v2\/types\/post"}],"author":[{"embeddable":true,"href":"https:\/\/www.catedracosgaya.com.ar\/tipoblog\/2018\/wp-json\/wp\/v2\/users\/90"}],"replies":[{"embeddable":true,"href":"https:\/\/www.catedracosgaya.com.ar\/tipoblog\/2018\/wp-json\/wp\/v2\/comments?post=5299"}],"version-history":[{"count":7,"href":"https:\/\/www.catedracosgaya.com.ar\/tipoblog\/2018\/wp-json\/wp\/v2\/posts\/5299\/revisions"}],"predecessor-version":[{"id":5327,"href":"https:\/\/www.catedracosgaya.com.ar\/tipoblog\/2018\/wp-json\/wp\/v2\/posts\/5299\/revisions\/5327"}],"wp:featuredmedia":[{"embeddable":true,"href":"https:\/\/www.catedracosgaya.com.ar\/tipoblog\/2018\/wp-json\/wp\/v2\/media\/5320"}],"wp:attachment":[{"href":"https:\/\/www.catedracosgaya.com.ar\/tipoblog\/2018\/wp-json\/wp\/v2\/media?parent=5299"}],"wp:term":[{"taxonomy":"category","embeddable":true,"href":"https:\/\/www.catedracosgaya.com.ar\/tipoblog\/2018\/wp-json\/wp\/v2\/categories?post=5299"},{"taxonomy":"post_tag","embeddable":true,"href":"https:\/\/www.catedracosgaya.com.ar\/tipoblog\/2018\/wp-json\/wp\/v2\/tags?post=5299"}],"curies":[{"name":"wp","href":"https:\/\/api.w.org\/{rel}","templated":true}]}}