{"id":5224,"date":"2018-07-02T13:02:01","date_gmt":"2018-07-02T16:02:01","guid":{"rendered":"http:\/\/www.catedracosgaya.com.ar\/tipoblog\/2018\/?p=5224"},"modified":"2018-07-02T13:02:01","modified_gmt":"2018-07-02T16:02:01","slug":"caos-y-destruccion","status":"publish","type":"post","link":"https:\/\/www.catedracosgaya.com.ar\/tipoblog\/2018\/caos-y-destruccion\/","title":{"rendered":"CAOS Y DESTRUCCI\u00d3N."},"content":{"rendered":"<p>Hace un par de d\u00edas hab\u00eda preparado un boceto bastante avanzado sobre la publicaci\u00f3n para el typoblog, un tema que realmente me hab\u00eda interesado. Lo desconoc\u00eda y eso me despert\u00f3 curiosidad, con lo cual navegue largo y tendido por la internet tratando de saber m\u00e1s. Cuesti\u00f3n, hoy entre mates y papeles me desayuno que ya se hab\u00eda hablado sobre el tema. <strong>RAYOS Y CENTELLAS.<\/strong><\/p>\n<p>Ahora, volver a empezar, que hacer\u2026<\/p>\n<p>Dando vueltas en el disco r\u00edgido con forma de nuez y ya con los mates lavados, pens\u00e9 en mi primer acercamiento al Dise\u00f1o, en el primer referente que me llamo la atenci\u00f3n, en la primer pieza gr\u00e1fica que me hizo flashear. Crashear. Enamorar.<\/p>\n<p>Es gracioso que el t\u00edtulo de mi publicaci\u00f3n sea \u201ccaos y destrucci\u00f3n\u201d, lo siguiente es claramente el ant\u00f3nimo.<\/p>\n<p>He aqu\u00ed Mr. Muller Brockmann. Mejor conocido como el maestro de la grilla. Hermoso todo, el dise\u00f1o suizo y su s\u00faper sistema de ret\u00edculas.<\/p>\n<p><img loading=\"lazy\" decoding=\"async\" data-attachment-id=\"5225\" data-permalink=\"https:\/\/www.catedracosgaya.com.ar\/tipoblog\/2018\/caos-y-destruccion\/images-3\/\" data-orig-file=\"https:\/\/www.catedracosgaya.com.ar\/tipoblog\/2018\/wp-content\/uploads\/2018\/07\/images.jpg\" data-orig-size=\"259,194\" data-comments-opened=\"0\" data-image-meta=\"{&quot;aperture&quot;:&quot;0&quot;,&quot;credit&quot;:&quot;&quot;,&quot;camera&quot;:&quot;&quot;,&quot;caption&quot;:&quot;&quot;,&quot;created_timestamp&quot;:&quot;0&quot;,&quot;copyright&quot;:&quot;&quot;,&quot;focal_length&quot;:&quot;0&quot;,&quot;iso&quot;:&quot;0&quot;,&quot;shutter_speed&quot;:&quot;0&quot;,&quot;title&quot;:&quot;&quot;,&quot;orientation&quot;:&quot;0&quot;}\" data-image-title=\"images\" data-image-description=\"\" data-image-caption=\"\" data-large-file=\"https:\/\/www.catedracosgaya.com.ar\/tipoblog\/2018\/wp-content\/uploads\/2018\/07\/images.jpg\" class=\"size-full wp-image-5225 aligncenter\" src=\"http:\/\/www.catedracosgaya.com.ar\/tipoblog\/2018\/wp-content\/uploads\/2018\/07\/images.jpg\" alt=\"\" width=\"259\" height=\"194\" \/><\/p>\n<p>La pieza a la que hago honor todos los d\u00edas, es el poster dise\u00f1ado para la \u00d3pera de Beethoven. Es uno de sus afiches m\u00e1s reconocidos, se puede observar su poder de s\u00edntesis y composici\u00f3n. Mensaje clar\u00edsimo y pregnante.<\/p>\n<p><img loading=\"lazy\" decoding=\"async\" data-attachment-id=\"5226\" data-permalink=\"https:\/\/www.catedracosgaya.com.ar\/tipoblog\/2018\/caos-y-destruccion\/beethoven\/\" data-orig-file=\"https:\/\/www.catedracosgaya.com.ar\/tipoblog\/2018\/wp-content\/uploads\/2018\/07\/beethoven.jpg\" data-orig-size=\"350,502\" data-comments-opened=\"0\" data-image-meta=\"{&quot;aperture&quot;:&quot;0&quot;,&quot;credit&quot;:&quot;&quot;,&quot;camera&quot;:&quot;&quot;,&quot;caption&quot;:&quot;&quot;,&quot;created_timestamp&quot;:&quot;0&quot;,&quot;copyright&quot;:&quot;&quot;,&quot;focal_length&quot;:&quot;0&quot;,&quot;iso&quot;:&quot;0&quot;,&quot;shutter_speed&quot;:&quot;0&quot;,&quot;title&quot;:&quot;&quot;,&quot;orientation&quot;:&quot;1&quot;}\" data-image-title=\"beethoven\" data-image-description=\"\" data-image-caption=\"\" data-large-file=\"https:\/\/www.catedracosgaya.com.ar\/tipoblog\/2018\/wp-content\/uploads\/2018\/07\/beethoven.jpg\" class=\"size-medium wp-image-5226 aligncenter\" src=\"http:\/\/www.catedracosgaya.com.ar\/tipoblog\/2018\/wp-content\/uploads\/2018\/07\/beethoven-209x300.jpg\" alt=\"\" width=\"209\" height=\"300\" srcset=\"https:\/\/www.catedracosgaya.com.ar\/tipoblog\/2018\/wp-content\/uploads\/2018\/07\/beethoven-209x300.jpg 209w, https:\/\/www.catedracosgaya.com.ar\/tipoblog\/2018\/wp-content\/uploads\/2018\/07\/beethoven.jpg 350w\" sizes=\"auto, (max-width: 209px) 100vw, 209px\" \/><\/p>\n<p>Muller Brockmann nacido en 1914 (caos y destrucci\u00f3n), es uno de los mejores dise\u00f1adores de la historia del dise\u00f1o gr\u00e1fico. Enfatizando la limpieza, legibilidad y objetividad, formo parte del movimiento \u201cEstilo tipogr\u00e1fico internacional\u201d o \u201cEscuela suiza\u201d. Dejando de lado cualquier adorno superfluo, los trabajos se corresponden con una aproximaci\u00f3n funcional e interpretativa. Rechazando las tipograf\u00edas serif mayormente utilizadas hasta entonces y la puesta en p\u00e1gina con un eje sim\u00e9trico, los pioneros del estilo moderno buscan un nuevo estilo acorde con los desarrollos tecnol\u00f3gicos del momento y que plasmara la realidad de una nueva \u00e9poca.<\/p>\n<p>Los tres pilares del dise\u00f1o internacional son:<\/p>\n<ul>\n<li>El uso de una rejilla modular que dotaba al dise\u00f1o de coherencia y estructura interna.<\/li>\n<li>El empleo de tipograf\u00edas sans serif y disposici\u00f3n asim\u00e9trica de los distintos elementos del dise\u00f1o.<\/li>\n<li>Utilizaci\u00f3n de la fotograf\u00eda en blanco y negro en lugar de ilustraciones.<\/li>\n<\/ul>\n<p><img loading=\"lazy\" decoding=\"async\" data-attachment-id=\"5227\" data-permalink=\"https:\/\/www.catedracosgaya.com.ar\/tipoblog\/2018\/caos-y-destruccion\/cb74471360eaea94ac73d15a23f704ce\/\" data-orig-file=\"https:\/\/www.catedracosgaya.com.ar\/tipoblog\/2018\/wp-content\/uploads\/2018\/07\/cb74471360eaea94ac73d15a23f704ce.jpg\" data-orig-size=\"709,1008\" data-comments-opened=\"0\" data-image-meta=\"{&quot;aperture&quot;:&quot;0&quot;,&quot;credit&quot;:&quot;&quot;,&quot;camera&quot;:&quot;&quot;,&quot;caption&quot;:&quot;&quot;,&quot;created_timestamp&quot;:&quot;0&quot;,&quot;copyright&quot;:&quot;&quot;,&quot;focal_length&quot;:&quot;0&quot;,&quot;iso&quot;:&quot;0&quot;,&quot;shutter_speed&quot;:&quot;0&quot;,&quot;title&quot;:&quot;&quot;,&quot;orientation&quot;:&quot;0&quot;}\" data-image-title=\"cb74471360eaea94ac73d15a23f704ce\" data-image-description=\"\" data-image-caption=\"\" data-large-file=\"https:\/\/www.catedracosgaya.com.ar\/tipoblog\/2018\/wp-content\/uploads\/2018\/07\/cb74471360eaea94ac73d15a23f704ce.jpg\" class=\"size-medium wp-image-5227 aligncenter\" src=\"http:\/\/www.catedracosgaya.com.ar\/tipoblog\/2018\/wp-content\/uploads\/2018\/07\/cb74471360eaea94ac73d15a23f704ce-211x300.jpg\" alt=\"\" width=\"211\" height=\"300\" srcset=\"https:\/\/www.catedracosgaya.com.ar\/tipoblog\/2018\/wp-content\/uploads\/2018\/07\/cb74471360eaea94ac73d15a23f704ce-211x300.jpg 211w, https:\/\/www.catedracosgaya.com.ar\/tipoblog\/2018\/wp-content\/uploads\/2018\/07\/cb74471360eaea94ac73d15a23f704ce.jpg 709w\" sizes=\"auto, (max-width: 211px) 100vw, 211px\" \/><\/p>\n<p>Este estilo tuvo una r\u00e1pida extensi\u00f3n global y es el d\u00eda de hoy que sigue siendo un referente principal para todes. La raz\u00f3n del \u00e9xito:<\/p>\n<blockquote><p><em>&#8220;El auge de las comunicaciones hacen que las corporaciones internacionales tengan la necesidad de una identificaci\u00f3n global, identidad que es construida de acuerdo a los principios del estilo internacional&#8221;<\/em>.<\/p><\/blockquote>\n<p>Tipograf\u00edas favoritas: Helvetica y Univers claramente. Ese amor por el palo seco no es casualidad.<\/p>\n<p><img loading=\"lazy\" decoding=\"async\" data-attachment-id=\"5230\" data-permalink=\"https:\/\/www.catedracosgaya.com.ar\/tipoblog\/2018\/caos-y-destruccion\/josefmuellerbrockman11\/\" data-orig-file=\"https:\/\/www.catedracosgaya.com.ar\/tipoblog\/2018\/wp-content\/uploads\/2018\/07\/josefmuellerbrockman11.jpg\" data-orig-size=\"350,495\" data-comments-opened=\"0\" data-image-meta=\"{&quot;aperture&quot;:&quot;0&quot;,&quot;credit&quot;:&quot;&quot;,&quot;camera&quot;:&quot;&quot;,&quot;caption&quot;:&quot;&quot;,&quot;created_timestamp&quot;:&quot;0&quot;,&quot;copyright&quot;:&quot;&quot;,&quot;focal_length&quot;:&quot;0&quot;,&quot;iso&quot;:&quot;0&quot;,&quot;shutter_speed&quot;:&quot;0&quot;,&quot;title&quot;:&quot;&quot;,&quot;orientation&quot;:&quot;1&quot;}\" data-image-title=\"josefmuellerbrockman11\" data-image-description=\"\" data-image-caption=\"\" data-large-file=\"https:\/\/www.catedracosgaya.com.ar\/tipoblog\/2018\/wp-content\/uploads\/2018\/07\/josefmuellerbrockman11.jpg\" class=\"size-medium wp-image-5230 aligncenter\" src=\"http:\/\/www.catedracosgaya.com.ar\/tipoblog\/2018\/wp-content\/uploads\/2018\/07\/josefmuellerbrockman11-212x300.jpg\" alt=\"\" width=\"212\" height=\"300\" srcset=\"https:\/\/www.catedracosgaya.com.ar\/tipoblog\/2018\/wp-content\/uploads\/2018\/07\/josefmuellerbrockman11-212x300.jpg 212w, https:\/\/www.catedracosgaya.com.ar\/tipoblog\/2018\/wp-content\/uploads\/2018\/07\/josefmuellerbrockman11.jpg 350w\" sizes=\"auto, (max-width: 212px) 100vw, 212px\" \/><\/p>\n<p><img loading=\"lazy\" decoding=\"async\" data-attachment-id=\"5229\" data-permalink=\"https:\/\/www.catedracosgaya.com.ar\/tipoblog\/2018\/caos-y-destruccion\/5ffa682eb418e679fef244847a53ced0\/\" data-orig-file=\"https:\/\/www.catedracosgaya.com.ar\/tipoblog\/2018\/wp-content\/uploads\/2018\/07\/5ffa682eb418e679fef244847a53ced0.jpg\" data-orig-size=\"350,525\" data-comments-opened=\"0\" data-image-meta=\"{&quot;aperture&quot;:&quot;0&quot;,&quot;credit&quot;:&quot;&quot;,&quot;camera&quot;:&quot;&quot;,&quot;caption&quot;:&quot;&quot;,&quot;created_timestamp&quot;:&quot;0&quot;,&quot;copyright&quot;:&quot;&quot;,&quot;focal_length&quot;:&quot;0&quot;,&quot;iso&quot;:&quot;0&quot;,&quot;shutter_speed&quot;:&quot;0&quot;,&quot;title&quot;:&quot;&quot;,&quot;orientation&quot;:&quot;1&quot;}\" data-image-title=\"5ffa682eb418e679fef244847a53ced0\" data-image-description=\"\" data-image-caption=\"\" data-large-file=\"https:\/\/www.catedracosgaya.com.ar\/tipoblog\/2018\/wp-content\/uploads\/2018\/07\/5ffa682eb418e679fef244847a53ced0.jpg\" class=\"size-medium wp-image-5229 aligncenter\" src=\"http:\/\/www.catedracosgaya.com.ar\/tipoblog\/2018\/wp-content\/uploads\/2018\/07\/5ffa682eb418e679fef244847a53ced0-200x300.jpg\" alt=\"\" width=\"200\" height=\"300\" srcset=\"https:\/\/www.catedracosgaya.com.ar\/tipoblog\/2018\/wp-content\/uploads\/2018\/07\/5ffa682eb418e679fef244847a53ced0-200x300.jpg 200w, https:\/\/www.catedracosgaya.com.ar\/tipoblog\/2018\/wp-content\/uploads\/2018\/07\/5ffa682eb418e679fef244847a53ced0.jpg 350w\" sizes=\"auto, (max-width: 200px) 100vw, 200px\" \/> <img loading=\"lazy\" decoding=\"async\" data-attachment-id=\"5228\" data-permalink=\"https:\/\/www.catedracosgaya.com.ar\/tipoblog\/2018\/caos-y-destruccion\/large_hero_mueller-brockmann_marcuskraft_musica_viva_1959_1\/\" data-orig-file=\"https:\/\/www.catedracosgaya.com.ar\/tipoblog\/2018\/wp-content\/uploads\/2018\/07\/large_hero_mueller-brockmann_marcuskraft_musica_viva_1959_1.jpg\" data-orig-size=\"350,489\" data-comments-opened=\"0\" data-image-meta=\"{&quot;aperture&quot;:&quot;0&quot;,&quot;credit&quot;:&quot;&quot;,&quot;camera&quot;:&quot;&quot;,&quot;caption&quot;:&quot;&quot;,&quot;created_timestamp&quot;:&quot;0&quot;,&quot;copyright&quot;:&quot;&quot;,&quot;focal_length&quot;:&quot;0&quot;,&quot;iso&quot;:&quot;0&quot;,&quot;shutter_speed&quot;:&quot;0&quot;,&quot;title&quot;:&quot;&quot;,&quot;orientation&quot;:&quot;1&quot;}\" data-image-title=\"large_hero_mueller-brockmann_marcuskraft_musica_viva_1959_1\" data-image-description=\"\" data-image-caption=\"\" data-large-file=\"https:\/\/www.catedracosgaya.com.ar\/tipoblog\/2018\/wp-content\/uploads\/2018\/07\/large_hero_mueller-brockmann_marcuskraft_musica_viva_1959_1.jpg\" class=\"size-medium wp-image-5228 aligncenter\" src=\"http:\/\/www.catedracosgaya.com.ar\/tipoblog\/2018\/wp-content\/uploads\/2018\/07\/large_hero_mueller-brockmann_marcuskraft_musica_viva_1959_1-215x300.jpg\" alt=\"\" width=\"215\" height=\"300\" srcset=\"https:\/\/www.catedracosgaya.com.ar\/tipoblog\/2018\/wp-content\/uploads\/2018\/07\/large_hero_mueller-brockmann_marcuskraft_musica_viva_1959_1-215x300.jpg 215w, https:\/\/www.catedracosgaya.com.ar\/tipoblog\/2018\/wp-content\/uploads\/2018\/07\/large_hero_mueller-brockmann_marcuskraft_musica_viva_1959_1.jpg 350w\" sizes=\"auto, (max-width: 215px) 100vw, 215px\" \/><\/p>\n<p>El otro d\u00eda, le\u00eda unas declaraciones de un artista conceptual moderno, hace instalaciones con tipograf\u00edas y solo utiliza signos en may\u00fasculas y sans serif. Lo m\u00e1s interesante de todo esto es el porque! Dice Lawrence Weiner: <em>\u201cMi preferencia por ella en los trabajos basados en el lenguaje se debe a que las may\u00fasculas anulan cualquier jerarqu\u00eda entre las letras, y cada palabra se presenta tal y como es para poder formar parte de un conjunto global\u201d<\/em>.<\/p>\n<p>Me pareci\u00f3 pertinente esta relaci\u00f3n ya que todo converge en la comunicaci\u00f3n global.<\/p>\n<p>Para cerrar el posteo y poder ir a arreglar los mates, les dejo una declaraci\u00f3n del Josef. Para tener de recordatorio.<\/p>\n<blockquote><p><em>\u201cSiempre me he sentido obligado a contribuir de manera constructiva al futuro de nuestra sociedad. Nunca he dejado de sentir que tengo una tarea por hacer. Me alegra pensar que siempre he buscado lo que es mejor, siempre he sido autocr\u00edtico y a\u00fan estoy interesado por cosas ajenas a mi campo. Mi biblioteca es una muestra de mi curiosidad. Recomendar\u00eda a la gente joven que analizase de manera cr\u00edtica y que siempre intentase encontrar una soluci\u00f3n mejor. Les instar\u00eda a ser siempre autocr\u00edticos.\u201d<\/em><\/p><\/blockquote>\n<p>&nbsp;<\/p>\n<p><strong>Links de inter\u00e9s:<\/strong><\/p>\n<p>http:\/\/www.designishistory.com\/1940\/joseph-mueller-brockmann\/<\/p>\n<p>http:\/\/www.unostiposduros.com\/estilos-graficos-el-estilo-internacional\/<\/p>\n<p>https:\/\/www.elcultural.com\/revista\/arte\/Lawrence-Weiner\/32391<\/p>\n<p>&nbsp;<\/p>\n","protected":false},"excerpt":{"rendered":"<p>Que mierda comparto? Si ya todo est\u00e1 escrito, ya todo est\u00e1 dise\u00f1ado, ya todo est\u00e1 hecho. Llegamos tarde a la repartici\u00f3n, siempre lo pienso.<\/p>\n","protected":false},"author":87,"featured_media":5226,"comment_status":"closed","ping_status":"closed","sticky":false,"template":"","format":"standard","meta":{"jetpack_post_was_ever_published":false,"_jetpack_newsletter_access":"","_jetpack_dont_email_post_to_subs":false,"_jetpack_newsletter_tier_id":0,"_jetpack_memberships_contains_paywalled_content":false,"_jetpack_memberships_contains_paid_content":false,"footnotes":"","jetpack_publicize_message":"CAOS Y DESTRUCCI\u00d3N.","jetpack_publicize_feature_enabled":true,"jetpack_social_post_already_shared":true,"jetpack_social_options":{"image_generator_settings":{"template":"highway","default_image_id":0,"font":"","enabled":false},"version":2}},"categories":[27,29,24],"tags":[],"class_list":["post-5224","post","type-post","status-publish","format-standard","has-post-thumbnail","hentry","category-cultura","category-historia","category-sociedad"],"jetpack_publicize_connections":[],"jetpack_featured_media_url":"https:\/\/www.catedracosgaya.com.ar\/tipoblog\/2018\/wp-content\/uploads\/2018\/07\/beethoven.jpg","jetpack_sharing_enabled":true,"jetpack_shortlink":"https:\/\/wp.me\/p9TJog-1mg","_links":{"self":[{"href":"https:\/\/www.catedracosgaya.com.ar\/tipoblog\/2018\/wp-json\/wp\/v2\/posts\/5224","targetHints":{"allow":["GET"]}}],"collection":[{"href":"https:\/\/www.catedracosgaya.com.ar\/tipoblog\/2018\/wp-json\/wp\/v2\/posts"}],"about":[{"href":"https:\/\/www.catedracosgaya.com.ar\/tipoblog\/2018\/wp-json\/wp\/v2\/types\/post"}],"author":[{"embeddable":true,"href":"https:\/\/www.catedracosgaya.com.ar\/tipoblog\/2018\/wp-json\/wp\/v2\/users\/87"}],"replies":[{"embeddable":true,"href":"https:\/\/www.catedracosgaya.com.ar\/tipoblog\/2018\/wp-json\/wp\/v2\/comments?post=5224"}],"version-history":[{"count":2,"href":"https:\/\/www.catedracosgaya.com.ar\/tipoblog\/2018\/wp-json\/wp\/v2\/posts\/5224\/revisions"}],"predecessor-version":[{"id":5232,"href":"https:\/\/www.catedracosgaya.com.ar\/tipoblog\/2018\/wp-json\/wp\/v2\/posts\/5224\/revisions\/5232"}],"wp:featuredmedia":[{"embeddable":true,"href":"https:\/\/www.catedracosgaya.com.ar\/tipoblog\/2018\/wp-json\/wp\/v2\/media\/5226"}],"wp:attachment":[{"href":"https:\/\/www.catedracosgaya.com.ar\/tipoblog\/2018\/wp-json\/wp\/v2\/media?parent=5224"}],"wp:term":[{"taxonomy":"category","embeddable":true,"href":"https:\/\/www.catedracosgaya.com.ar\/tipoblog\/2018\/wp-json\/wp\/v2\/categories?post=5224"},{"taxonomy":"post_tag","embeddable":true,"href":"https:\/\/www.catedracosgaya.com.ar\/tipoblog\/2018\/wp-json\/wp\/v2\/tags?post=5224"}],"curies":[{"name":"wp","href":"https:\/\/api.w.org\/{rel}","templated":true}]}}