{"id":4801,"date":"2018-06-14T15:24:08","date_gmt":"2018-06-14T18:24:08","guid":{"rendered":"http:\/\/www.catedracosgaya.com.ar\/tipoblog\/2018\/?p=4801"},"modified":"2018-06-14T15:24:08","modified_gmt":"2018-06-14T18:24:08","slug":"la-tipografia-tambien-marcha","status":"publish","type":"post","link":"https:\/\/www.catedracosgaya.com.ar\/tipoblog\/2018\/la-tipografia-tambien-marcha\/","title":{"rendered":"LA TIPOGRAF\u00cdA TAMBI\u00c9N MARCHA"},"content":{"rendered":"<p><img loading=\"lazy\" decoding=\"async\" data-attachment-id=\"4802\" data-permalink=\"https:\/\/www.catedracosgaya.com.ar\/tipoblog\/2018\/la-tipografia-tambien-marcha\/img_20180613_161905\/\" data-orig-file=\"https:\/\/www.catedracosgaya.com.ar\/tipoblog\/2018\/wp-content\/uploads\/2018\/06\/IMG_20180613_161905.jpg\" data-orig-size=\"3120,4160\" data-comments-opened=\"0\" data-image-meta=\"{&quot;aperture&quot;:&quot;2&quot;,&quot;credit&quot;:&quot;&quot;,&quot;camera&quot;:&quot;Ultra Storm&quot;,&quot;caption&quot;:&quot;&quot;,&quot;created_timestamp&quot;:&quot;1528906746&quot;,&quot;copyright&quot;:&quot;&quot;,&quot;focal_length&quot;:&quot;3.5&quot;,&quot;iso&quot;:&quot;109&quot;,&quot;shutter_speed&quot;:&quot;0.007071&quot;,&quot;title&quot;:&quot;&quot;,&quot;orientation&quot;:&quot;1&quot;}\" data-image-title=\"IMG_20180613_161905\" data-image-description=\"\" data-image-caption=\"\" data-large-file=\"https:\/\/www.catedracosgaya.com.ar\/tipoblog\/2018\/wp-content\/uploads\/2018\/06\/IMG_20180613_161905-768x1024.jpg\" class=\"alignnone size-medium wp-image-4802\" src=\"http:\/\/www.catedracosgaya.com.ar\/tipoblog\/2018\/wp-content\/uploads\/2018\/06\/IMG_20180613_161905-225x300.jpg\" alt=\"\" width=\"225\" height=\"300\" srcset=\"https:\/\/www.catedracosgaya.com.ar\/tipoblog\/2018\/wp-content\/uploads\/2018\/06\/IMG_20180613_161905-225x300.jpg 225w, https:\/\/www.catedracosgaya.com.ar\/tipoblog\/2018\/wp-content\/uploads\/2018\/06\/IMG_20180613_161905-768x1024.jpg 768w\" sizes=\"auto, (max-width: 225px) 100vw, 225px\" \/><\/p>\n<p>Aprovechando el momento tan importante (para muchos) que est\u00e1 viviendo el pa\u00eds (y no hablo de futbol), voy a hablar de los estilos tipogr\u00e1ficos utilizados en marchas y protestas populares. \u00bfQu\u00e9 tan importante es el uso de la tipograf\u00eda? \u00bfAlguien fue alguna vez a una marcha donde no se visualizara ning\u00fan tipo de cartel, o pancarta? Yo no vi nunca. Los carteles y las pancartas son la manera que encontramos para poder expresar nuestras opiniones. \u00bfCualquier tipograf\u00eda es adecuada para esos carteles?\u00a0 La realidad es que a la hora de expresarse, no hay reglas. La mayor\u00eda de los carteles son escritos a mano, y en letras may\u00fasculas, para facilitar la lectura de lejos, y se eligen frases cortas y de gran impacto. Mientras que el cartel transmita lo que queremos decir, mientras se lea con claridad, nos olvidamos de las leyes de la tipograf\u00eda, no hay cuerpos, ni interlineas ni interletras correctas, no importa si las ascendentes tocan a las descendentes, si las letras se pegan unas con otras o si est\u00e1n demasiado separadas, mientras que el mensaje se vea.<\/p>\n<p><img loading=\"lazy\" decoding=\"async\" data-attachment-id=\"4803\" data-permalink=\"https:\/\/www.catedracosgaya.com.ar\/tipoblog\/2018\/la-tipografia-tambien-marcha\/img_20180613_164542\/\" data-orig-file=\"https:\/\/www.catedracosgaya.com.ar\/tipoblog\/2018\/wp-content\/uploads\/2018\/06\/IMG_20180613_164542.jpg\" data-orig-size=\"4160,3120\" data-comments-opened=\"0\" data-image-meta=\"{&quot;aperture&quot;:&quot;2&quot;,&quot;credit&quot;:&quot;&quot;,&quot;camera&quot;:&quot;Ultra Storm&quot;,&quot;caption&quot;:&quot;&quot;,&quot;created_timestamp&quot;:&quot;1528908343&quot;,&quot;copyright&quot;:&quot;&quot;,&quot;focal_length&quot;:&quot;3.5&quot;,&quot;iso&quot;:&quot;111&quot;,&quot;shutter_speed&quot;:&quot;0.003801&quot;,&quot;title&quot;:&quot;&quot;,&quot;orientation&quot;:&quot;1&quot;}\" data-image-title=\"IMG_20180613_164542\" data-image-description=\"\" data-image-caption=\"\" data-large-file=\"https:\/\/www.catedracosgaya.com.ar\/tipoblog\/2018\/wp-content\/uploads\/2018\/06\/IMG_20180613_164542-1024x768.jpg\" class=\"alignnone size-medium wp-image-4803\" src=\"http:\/\/www.catedracosgaya.com.ar\/tipoblog\/2018\/wp-content\/uploads\/2018\/06\/IMG_20180613_164542-300x225.jpg\" alt=\"\" width=\"300\" height=\"225\" srcset=\"https:\/\/www.catedracosgaya.com.ar\/tipoblog\/2018\/wp-content\/uploads\/2018\/06\/IMG_20180613_164542-300x225.jpg 300w, https:\/\/www.catedracosgaya.com.ar\/tipoblog\/2018\/wp-content\/uploads\/2018\/06\/IMG_20180613_164542-768x576.jpg 768w, https:\/\/www.catedracosgaya.com.ar\/tipoblog\/2018\/wp-content\/uploads\/2018\/06\/IMG_20180613_164542-1024x768.jpg 1024w\" sizes=\"auto, (max-width: 300px) 100vw, 300px\" \/><\/p>\n<p>La tipograf\u00eda hecha a mano tiene voz, es m\u00e1s fuerte, tiene impronta y car\u00e1cter, y est\u00e1 aceptada popularmente para este tipo de cuestiones, a nadie le resulta raro ver carteles escritos a mano en una manifestaci\u00f3n.<\/p>\n<p><img loading=\"lazy\" decoding=\"async\" data-attachment-id=\"4805\" data-permalink=\"https:\/\/www.catedracosgaya.com.ar\/tipoblog\/2018\/la-tipografia-tambien-marcha\/img_20180614_143317\/\" data-orig-file=\"https:\/\/www.catedracosgaya.com.ar\/tipoblog\/2018\/wp-content\/uploads\/2018\/06\/IMG_20180614_143317.jpg\" data-orig-size=\"3120,4160\" data-comments-opened=\"0\" data-image-meta=\"{&quot;aperture&quot;:&quot;2&quot;,&quot;credit&quot;:&quot;&quot;,&quot;camera&quot;:&quot;Ultra Storm&quot;,&quot;caption&quot;:&quot;&quot;,&quot;created_timestamp&quot;:&quot;1528986798&quot;,&quot;copyright&quot;:&quot;&quot;,&quot;focal_length&quot;:&quot;3.5&quot;,&quot;iso&quot;:&quot;535&quot;,&quot;shutter_speed&quot;:&quot;0.030004&quot;,&quot;title&quot;:&quot;&quot;,&quot;orientation&quot;:&quot;1&quot;}\" data-image-title=\"IMG_20180614_143317\" data-image-description=\"\" data-image-caption=\"\" data-large-file=\"https:\/\/www.catedracosgaya.com.ar\/tipoblog\/2018\/wp-content\/uploads\/2018\/06\/IMG_20180614_143317-768x1024.jpg\" class=\"alignnone size-medium wp-image-4805\" src=\"http:\/\/www.catedracosgaya.com.ar\/tipoblog\/2018\/wp-content\/uploads\/2018\/06\/IMG_20180614_143317-225x300.jpg\" alt=\"\" width=\"225\" height=\"300\" srcset=\"https:\/\/www.catedracosgaya.com.ar\/tipoblog\/2018\/wp-content\/uploads\/2018\/06\/IMG_20180614_143317-225x300.jpg 225w, https:\/\/www.catedracosgaya.com.ar\/tipoblog\/2018\/wp-content\/uploads\/2018\/06\/IMG_20180614_143317-768x1024.jpg 768w\" sizes=\"auto, (max-width: 225px) 100vw, 225px\" \/><img loading=\"lazy\" decoding=\"async\" data-attachment-id=\"4804\" data-permalink=\"https:\/\/www.catedracosgaya.com.ar\/tipoblog\/2018\/la-tipografia-tambien-marcha\/img_20180613_195452\/\" data-orig-file=\"https:\/\/www.catedracosgaya.com.ar\/tipoblog\/2018\/wp-content\/uploads\/2018\/06\/IMG_20180613_195452.jpg\" data-orig-size=\"4160,3120\" data-comments-opened=\"0\" data-image-meta=\"{&quot;aperture&quot;:&quot;2&quot;,&quot;credit&quot;:&quot;&quot;,&quot;camera&quot;:&quot;Ultra Storm&quot;,&quot;caption&quot;:&quot;&quot;,&quot;created_timestamp&quot;:&quot;1528919693&quot;,&quot;copyright&quot;:&quot;&quot;,&quot;focal_length&quot;:&quot;3.5&quot;,&quot;iso&quot;:&quot;3305&quot;,&quot;shutter_speed&quot;:&quot;0.079998&quot;,&quot;title&quot;:&quot;&quot;,&quot;orientation&quot;:&quot;1&quot;}\" data-image-title=\"IMG_20180613_195452\" data-image-description=\"\" data-image-caption=\"\" data-large-file=\"https:\/\/www.catedracosgaya.com.ar\/tipoblog\/2018\/wp-content\/uploads\/2018\/06\/IMG_20180613_195452-1024x768.jpg\" class=\"alignnone size-medium wp-image-4804\" src=\"http:\/\/www.catedracosgaya.com.ar\/tipoblog\/2018\/wp-content\/uploads\/2018\/06\/IMG_20180613_195452-300x225.jpg\" alt=\"\" width=\"300\" height=\"225\" srcset=\"https:\/\/www.catedracosgaya.com.ar\/tipoblog\/2018\/wp-content\/uploads\/2018\/06\/IMG_20180613_195452-300x225.jpg 300w, https:\/\/www.catedracosgaya.com.ar\/tipoblog\/2018\/wp-content\/uploads\/2018\/06\/IMG_20180613_195452-768x576.jpg 768w, https:\/\/www.catedracosgaya.com.ar\/tipoblog\/2018\/wp-content\/uploads\/2018\/06\/IMG_20180613_195452-1024x768.jpg 1024w\" sizes=\"auto, (max-width: 300px) 100vw, 300px\" \/><\/p>\n<p>Ahora, a la hora de repartir folleter\u00eda con textos largos dentro de una marcha, el sentido com\u00fan obliga a hacer los textos de manera digital, nadie escribe a mano un texto largo y lo manda a fotocopiar para repartirlo. \u00bfPor qu\u00e9? Por qu\u00e9 las herramientas digitales est\u00e1n al alcance de todos, y un folleto con texto largo escrito en computadora tiene m\u00e1s seriedad que un texto hecho a mano, dif\u00edcil de leer. Y aunque estos textos hechos en computadora no cumplan con las reglas tipogr\u00e1ficas de la mejor manera, no creo que a nadie le importe, mientras el texto sea legible, porque tambi\u00e9n est\u00e1 instalado en la sociedad la posibilidad de leer textos con grises disparejos. Todos usan el Word, todos saben usar el \u201cjustificado\u201d, a nadie le importa lo mal separadas que quedan las palabras cuando hay que protestar. De lejos, tipograf\u00eda a mano, frases cortas e impactantes, de cerca, tipograf\u00eda digital. &#8211;<\/p>\n<p>&nbsp;<\/p>\n","protected":false},"excerpt":{"rendered":"<p>Aprovechando el momento tan importante (para muchos) que est\u00e1 viviendo el pa\u00eds (y no hablo de futbol), voy a hablar de los estilos tipogr\u00e1ficos utilizados en marchas y protestas populares. \u00bfQu\u00e9 tan importante es el uso de la tipograf\u00eda? \u00bfAlguien fue alguna vez a una marcha donde no se visualizara ning\u00fan tipo de cartel, o [&hellip;]<\/p>\n","protected":false},"author":54,"featured_media":0,"comment_status":"closed","ping_status":"closed","sticky":false,"template":"","format":"standard","meta":{"jetpack_post_was_ever_published":false,"_jetpack_newsletter_access":"","_jetpack_dont_email_post_to_subs":false,"_jetpack_newsletter_tier_id":0,"_jetpack_memberships_contains_paywalled_content":false,"_jetpack_memberships_contains_paid_content":false,"footnotes":"","jetpack_publicize_message":"LA TIPOGRAF\u00cdA TAMBI\u00c9N MARCHA  #\u200eTipoblog #Tipograf&iacute;a2 #C&aacute;tedraCosgaya #\u200eFADU #\u200eUBA","jetpack_publicize_feature_enabled":true,"jetpack_social_post_already_shared":true,"jetpack_social_options":{"image_generator_settings":{"template":"highway","default_image_id":0,"font":"","enabled":false},"version":2}},"categories":[1],"tags":[],"class_list":["post-4801","post","type-post","status-publish","format-standard","hentry","category-sin-categoria"],"jetpack_publicize_connections":[],"jetpack_featured_media_url":"","jetpack_sharing_enabled":true,"jetpack_shortlink":"https:\/\/wp.me\/p9TJog-1fr","_links":{"self":[{"href":"https:\/\/www.catedracosgaya.com.ar\/tipoblog\/2018\/wp-json\/wp\/v2\/posts\/4801","targetHints":{"allow":["GET"]}}],"collection":[{"href":"https:\/\/www.catedracosgaya.com.ar\/tipoblog\/2018\/wp-json\/wp\/v2\/posts"}],"about":[{"href":"https:\/\/www.catedracosgaya.com.ar\/tipoblog\/2018\/wp-json\/wp\/v2\/types\/post"}],"author":[{"embeddable":true,"href":"https:\/\/www.catedracosgaya.com.ar\/tipoblog\/2018\/wp-json\/wp\/v2\/users\/54"}],"replies":[{"embeddable":true,"href":"https:\/\/www.catedracosgaya.com.ar\/tipoblog\/2018\/wp-json\/wp\/v2\/comments?post=4801"}],"version-history":[{"count":1,"href":"https:\/\/www.catedracosgaya.com.ar\/tipoblog\/2018\/wp-json\/wp\/v2\/posts\/4801\/revisions"}],"predecessor-version":[{"id":4806,"href":"https:\/\/www.catedracosgaya.com.ar\/tipoblog\/2018\/wp-json\/wp\/v2\/posts\/4801\/revisions\/4806"}],"wp:attachment":[{"href":"https:\/\/www.catedracosgaya.com.ar\/tipoblog\/2018\/wp-json\/wp\/v2\/media?parent=4801"}],"wp:term":[{"taxonomy":"category","embeddable":true,"href":"https:\/\/www.catedracosgaya.com.ar\/tipoblog\/2018\/wp-json\/wp\/v2\/categories?post=4801"},{"taxonomy":"post_tag","embeddable":true,"href":"https:\/\/www.catedracosgaya.com.ar\/tipoblog\/2018\/wp-json\/wp\/v2\/tags?post=4801"}],"curies":[{"name":"wp","href":"https:\/\/api.w.org\/{rel}","templated":true}]}}