{"id":4499,"date":"2018-06-05T12:25:30","date_gmt":"2018-06-05T15:25:30","guid":{"rendered":"http:\/\/www.catedracosgaya.com.ar\/tipoblog\/2018\/?p=4499"},"modified":"2018-06-05T12:25:30","modified_gmt":"2018-06-05T15:25:30","slug":"especifica-division","status":"publish","type":"post","link":"https:\/\/www.catedracosgaya.com.ar\/tipoblog\/2018\/especifica-division\/","title":{"rendered":"ESPEC\u00cdFICA DIVISI\u00d3N"},"content":{"rendered":"<p>La idea de este posteo es dar a conocer de una forma diferente a las personas que tienen un ojo cr\u00edtico y a las que no. \u00bfC\u00f3mo vamos a llegar a eso? Simplemente incorporando ideas de un libro que le\u00ed \u00faltimamente que se llama \u2018\u2019El cuerpo y sus costuras\u2019\u2019, un libro donde en s\u00edntesis hay dos 2 personas enfrentadas con diferentes posturas que en realidad terminan peleando por una misma. No voy a hacer menci\u00f3n de fragmentos ni de ninguna parte en particular del libro, solo lo pongo sobre la mesa porque fue el contenido que me inspiro para hablar de estos dos mundos.<\/p>\n<p>Ya que establecimos los puntos de partida, quiero plasmar el tema mencionado de las \u201cdualidades\u201d. Avismalmente podemos encontrar dos grupos de personas, las que tienen un ojo cr\u00edtico con respecto a la tipograf\u00eda, y las que les dan lo mismo tanto su uso, como su forma, hasta inclusive como se llama.<\/p>\n<p>El <em>primer grupo<\/em> est\u00e1 conformado por una parte reducida de la sociedad, que son los que se forman con teor\u00eda y t\u00e9cnicas de la tipograf\u00eda\u2026 o por lo menos, que se est\u00e1n formando como en nuestro caso que somos dise\u00f1adores en camino. Adem\u00e1s est\u00e1 integrada por arquitectos, ingenieros, editores, tip\u00f3grafos o podr\u00eda referirse tambi\u00e9n como \u201cGente FADU\u201d.<\/p>\n<p>Este grupo ve cosas de la tipograf\u00eda que nadie ve, como si se tuviera rayo l\u00e1ser. Cuando se habla de ella, nos referimos con pasi\u00f3n. La tipograf\u00eda a nuestra vista es un arte y la t\u00e9cnica de manejo y selecci\u00f3n de tipos para crear trabajos que posean cierto tipo de estructura, ritmo y alineaci\u00f3n. Esta \u201cforma de ver el mundo\u201d previamente mencionada en otros posteos del blog, nos cambi\u00f3 la vida significativamente\u2026 porque nos trajo obsesi\u00f3n y a veces capricho.<\/p>\n<p>Una vez que se entr\u00f3 en este mundo es muy dif\u00edcil salir, porque se empieza a pensar en la armon\u00eda de la composici\u00f3n, el recorrido de las piezas, la combinaci\u00f3n de tipos, y miles y miles de cosas m\u00e1s\u2026 logrando as\u00ed que jam\u00e1s se puede volver a mirar una pieza de la misma forma. Esta capacidad de observaci\u00f3n hace que se aprecien los trabajos gr\u00e1ficos y tipogr\u00e1ficos de forma diferente, encontr\u00e1ndoles un lado B. A esto lo podr\u00edamos llamar la construcci\u00f3n del \u201cojo o mirada cr\u00edtica\u201d. Una vez alcanzado este punto<strong> NO HAY VUELTA ATR\u00c1S<\/strong>, porque se empieza a encontrar errores por todos lados, ya sea en la interletra por ejemplo de un cartel de cine, o simplemente en el letrero de un local. Estos errores se van haciendo m\u00e1s notorios, y no solo eso, sino que suelen encontrarse m\u00e1s cantidad de ellos porque van en simultaneidad de nuestro crecimiento cr\u00edtico al ir entrenando y absorbiendo nuevas t\u00e9cnicas.<\/p>\n<p>&nbsp;<\/p>\n<p>Por otra parte, se puede mencionar a los <strong>muggles de la tipograf\u00eda<\/strong> que forman parte del resto de la poblaci\u00f3n. Este grupo que desconoce a la tipograf\u00eda, por no pertenecer al otro grupo, suelen referirse a ella como: \u201calfabetos de distintas formas, diferentes formas de escritura, y muy vaga vez, que para nosotros ser\u00eda casi un logro, llegan a llamarla fuentes\u201d.<\/p>\n<p>El problema que tenemos con este grupo, los que no tiene pasi\u00f3n por el <em>\u201cmundo tipogr\u00e1fico\u201d<\/em>, es que muchas veces les otorgan la realizaci\u00f3n de trabajos de dise\u00f1o que no les corresponden. Por ejemplo, el armado de un folleto.<\/p>\n<p>-Esa t\u00edpica: <em>-El amigo del t\u00edo del primo se defiende con Illustrator o Photoshop y te puede salvar de pagarle a un dise\u00f1ador<\/em>\u2026 \u00bfNo tendr\u00eda que ser ilegal? Porque hoy en la calle al encontrarnos con estos \u201cdise\u00f1os del t\u00edo o del amigo\u201d nos llenamos de frustraci\u00f3n. Como si el estr\u00e9s facultativo no fuese suficiente!!!!<\/p>\n<p>En fin, si bien en estos dos grupos existe una aproximaci\u00f3n como vimos en el p\u00e1rrafo anterior, ser\u00eda ideal que la distancia que se marca entre ellos pueda mantenerse debido al esfuerzo y la dedicaci\u00f3n que conlleva la formaci\u00f3n del primer grupo. Es decir que la misma sea respetada y tomada en cuenta por su verdadero valor a la hora de realizar un trabajo de dise\u00f1o. Logrando as\u00ed que nuestra carrera siga creciendo en cuanto a su posici\u00f3n.<\/p>\n<p>&nbsp;<\/p>\n<h6><em>Rocio B<\/em><\/h6>\n","protected":false},"excerpt":{"rendered":"<p>Muchas veces se dice: &#8211; El mundo se divide en dos\u2026 la gente que toma apuntes y la gente que los pide; la gente que duerme con medias o la que saca el pie afuera; la gente que sabe jugar al f\u00fatbol y la que es de madera\u2026 y as\u00ed se podr\u00eda estar todo el d\u00eda, ya que el mundo est\u00e1 llenos de dualidades. En base a esto quiero hacer menci\u00f3n a una dualidad que se encuentra en el mundo del dise\u00f1o y que es advertida en varias ocasiones. A lo que me refiero con esto es;  la gente que le dice \u201clas letras\u201d cuando se refiere a un alfabeto, a diferencia de nosotros que lo llamamos alfabeto tipogr\u00e1fico. <\/p>\n","protected":false},"author":34,"featured_media":0,"comment_status":"closed","ping_status":"closed","sticky":false,"template":"","format":"standard","meta":{"jetpack_post_was_ever_published":false,"_jetpack_newsletter_access":"","_jetpack_dont_email_post_to_subs":false,"_jetpack_newsletter_tier_id":0,"_jetpack_memberships_contains_paywalled_content":false,"_jetpack_memberships_contains_paid_content":false,"footnotes":"","jetpack_publicize_message":"ESPEC\u00cdFICA DIVISI\u00d3N  #\u200eTipoblog #Tipograf&iacute;a2 #C&aacute;tedraCosgaya #\u200eFADU #\u200eUBA","jetpack_publicize_feature_enabled":true,"jetpack_social_post_already_shared":true,"jetpack_social_options":{"image_generator_settings":{"template":"highway","default_image_id":0,"font":"","enabled":false},"version":2}},"categories":[27,24],"tags":[92],"class_list":["post-4499","post","type-post","status-publish","format-standard","hentry","category-cultura","category-sociedad","tag-tipografia"],"jetpack_publicize_connections":[],"jetpack_featured_media_url":"","jetpack_sharing_enabled":true,"jetpack_shortlink":"https:\/\/wp.me\/p9TJog-1az","_links":{"self":[{"href":"https:\/\/www.catedracosgaya.com.ar\/tipoblog\/2018\/wp-json\/wp\/v2\/posts\/4499","targetHints":{"allow":["GET"]}}],"collection":[{"href":"https:\/\/www.catedracosgaya.com.ar\/tipoblog\/2018\/wp-json\/wp\/v2\/posts"}],"about":[{"href":"https:\/\/www.catedracosgaya.com.ar\/tipoblog\/2018\/wp-json\/wp\/v2\/types\/post"}],"author":[{"embeddable":true,"href":"https:\/\/www.catedracosgaya.com.ar\/tipoblog\/2018\/wp-json\/wp\/v2\/users\/34"}],"replies":[{"embeddable":true,"href":"https:\/\/www.catedracosgaya.com.ar\/tipoblog\/2018\/wp-json\/wp\/v2\/comments?post=4499"}],"version-history":[{"count":1,"href":"https:\/\/www.catedracosgaya.com.ar\/tipoblog\/2018\/wp-json\/wp\/v2\/posts\/4499\/revisions"}],"predecessor-version":[{"id":4500,"href":"https:\/\/www.catedracosgaya.com.ar\/tipoblog\/2018\/wp-json\/wp\/v2\/posts\/4499\/revisions\/4500"}],"wp:attachment":[{"href":"https:\/\/www.catedracosgaya.com.ar\/tipoblog\/2018\/wp-json\/wp\/v2\/media?parent=4499"}],"wp:term":[{"taxonomy":"category","embeddable":true,"href":"https:\/\/www.catedracosgaya.com.ar\/tipoblog\/2018\/wp-json\/wp\/v2\/categories?post=4499"},{"taxonomy":"post_tag","embeddable":true,"href":"https:\/\/www.catedracosgaya.com.ar\/tipoblog\/2018\/wp-json\/wp\/v2\/tags?post=4499"}],"curies":[{"name":"wp","href":"https:\/\/api.w.org\/{rel}","templated":true}]}}