{"id":4485,"date":"2018-06-05T10:05:46","date_gmt":"2018-06-05T13:05:46","guid":{"rendered":"http:\/\/www.catedracosgaya.com.ar\/tipoblog\/2018\/?p=4485"},"modified":"2018-06-05T10:05:46","modified_gmt":"2018-06-05T13:05:46","slug":"el-origen-del-ampersand","status":"publish","type":"post","link":"https:\/\/www.catedracosgaya.com.ar\/tipoblog\/2018\/el-origen-del-ampersand\/","title":{"rendered":"El Origen del Ampersand"},"content":{"rendered":"<p>Vemos a este famoso signo desde que aprendimos a leer y escribir, o m\u00e1s bien, para los que nos interesamos por el dise\u00f1o, desde que nos capturaron la atenci\u00f3n los llamativos t\u00edtulos o marcas anglosajonas que un\u00edan dos nombres con un &#8220;&amp;&#8221; en el medio. Nos lo apropiamos y lo utilizamos c\u00f3modamente pero, \u00bfqu\u00e9 significa exactamente y de d\u00f3nde sali\u00f3?<\/p>\n<p><img loading=\"lazy\" decoding=\"async\" data-attachment-id=\"4496\" data-permalink=\"https:\/\/www.catedracosgaya.com.ar\/tipoblog\/2018\/el-origen-del-ampersand\/evolucionsigno\/\" data-orig-file=\"https:\/\/www.catedracosgaya.com.ar\/tipoblog\/2018\/wp-content\/uploads\/2018\/06\/evolucionsigno.jpg\" data-orig-size=\"1408,448\" data-comments-opened=\"0\" data-image-meta=\"{&quot;aperture&quot;:&quot;0&quot;,&quot;credit&quot;:&quot;&quot;,&quot;camera&quot;:&quot;&quot;,&quot;caption&quot;:&quot;&quot;,&quot;created_timestamp&quot;:&quot;0&quot;,&quot;copyright&quot;:&quot;&quot;,&quot;focal_length&quot;:&quot;0&quot;,&quot;iso&quot;:&quot;0&quot;,&quot;shutter_speed&quot;:&quot;0&quot;,&quot;title&quot;:&quot;&quot;,&quot;orientation&quot;:&quot;1&quot;}\" data-image-title=\"evolucionsigno\" data-image-description=\"\" data-image-caption=\"\" data-large-file=\"https:\/\/www.catedracosgaya.com.ar\/tipoblog\/2018\/wp-content\/uploads\/2018\/06\/evolucionsigno-1024x326.jpg\" class=\" wp-image-4496 alignleft\" src=\"http:\/\/www.catedracosgaya.com.ar\/tipoblog\/2018\/wp-content\/uploads\/2018\/06\/evolucionsigno-300x95.jpg\" alt=\"\" width=\"328\" height=\"104\" srcset=\"https:\/\/www.catedracosgaya.com.ar\/tipoblog\/2018\/wp-content\/uploads\/2018\/06\/evolucionsigno-300x95.jpg 300w, https:\/\/www.catedracosgaya.com.ar\/tipoblog\/2018\/wp-content\/uploads\/2018\/06\/evolucionsigno-768x244.jpg 768w, https:\/\/www.catedracosgaya.com.ar\/tipoblog\/2018\/wp-content\/uploads\/2018\/06\/evolucionsigno-1024x326.jpg 1024w, https:\/\/www.catedracosgaya.com.ar\/tipoblog\/2018\/wp-content\/uploads\/2018\/06\/evolucionsigno.jpg 1408w\" sizes=\"auto, (max-width: 328px) 100vw, 328px\" \/><\/p>\n<h5 style=\"text-align: left\">Evoluci\u00f3n de la ligadura &amp;:<br \/>\n1-3, cursivas romanas de los siglos II &#8211; IV<br \/>\n4-5, min\u00fasculas medievales de los siglos VI &#8211; VII<br \/>\n6, min\u00fascula carolingia, s. IX.<\/h5>\n<p>&nbsp;<\/p>\n<p>Los escribas romanos sol\u00edan escribir en cursiva para aumentar la velocidad de sus transcripciones, usualmente combinando letras de forma que les permit\u00eda ahorrar tiempo y mejorar la legibilidad. De esta manera ciertos caracteres pod\u00edan encimarse, surgiendo as\u00ed la ligadura de las letras E y T. La conjunci\u00f3n latina <strong>et\u00a0<\/strong>en espa\u00f1ol equivale a \u00aby\u00bb, y\u00a0el signo &#8220;&amp;&#8221; es tan s\u00f3lo su representaci\u00f3n gr\u00e1fica. En ingl\u00e9s este signo recibe el nombre de <strong>ampersand<\/strong>, una alteraci\u00f3n de \u00aband (&amp;) per se and\u00bb, que significa \u00abel s\u00edmbolo &amp; por s\u00ed mismo significa y\u00bb.<\/p>\n<p><img loading=\"lazy\" decoding=\"async\" data-attachment-id=\"4490\" data-permalink=\"https:\/\/www.catedracosgaya.com.ar\/tipoblog\/2018\/el-origen-del-ampersand\/uqwhy\/\" data-orig-file=\"https:\/\/www.catedracosgaya.com.ar\/tipoblog\/2018\/wp-content\/uploads\/2018\/06\/UQwhy.jpg\" data-orig-size=\"309,410\" data-comments-opened=\"0\" data-image-meta=\"{&quot;aperture&quot;:&quot;0&quot;,&quot;credit&quot;:&quot;&quot;,&quot;camera&quot;:&quot;&quot;,&quot;caption&quot;:&quot;&quot;,&quot;created_timestamp&quot;:&quot;0&quot;,&quot;copyright&quot;:&quot;&quot;,&quot;focal_length&quot;:&quot;0&quot;,&quot;iso&quot;:&quot;0&quot;,&quot;shutter_speed&quot;:&quot;0&quot;,&quot;title&quot;:&quot;&quot;,&quot;orientation&quot;:&quot;0&quot;}\" data-image-title=\"UQwhy\" data-image-description=\"\" data-image-caption=\"\" data-large-file=\"https:\/\/www.catedracosgaya.com.ar\/tipoblog\/2018\/wp-content\/uploads\/2018\/06\/UQwhy.jpg\" class=\"alignleft wp-image-4490 size-medium\" src=\"http:\/\/www.catedracosgaya.com.ar\/tipoblog\/2018\/wp-content\/uploads\/2018\/06\/UQwhy-226x300.jpg\" alt=\"\" width=\"226\" height=\"300\" srcset=\"https:\/\/www.catedracosgaya.com.ar\/tipoblog\/2018\/wp-content\/uploads\/2018\/06\/UQwhy-226x300.jpg 226w, https:\/\/www.catedracosgaya.com.ar\/tipoblog\/2018\/wp-content\/uploads\/2018\/06\/UQwhy.jpg 309w\" sizes=\"auto, (max-width: 226px) 100vw, 226px\" \/><\/p>\n<p style=\"text-align: left\">La creaci\u00f3n de este s\u00edmbolo se le atribuye a <strong>Marco Tulio Tir\u00f3n<\/strong>, esclavo liberto que actuaba como secretario del gran orador romano <strong>Marco Tulio Cicer\u00f3n<\/strong>. Para poder registrar los discursos de su amo, Tir\u00f3n desarroll\u00f3 su propio sistema de abreviaciones para acelerar la escritura, y una de las abreviaciones que cre\u00f3 fue el signo &amp;. Este sistema de escritura es conocido como \u00abnotas tironianas\u00bb y se lo considera el primer antecedente de la <strong>taquigraf\u00eda<\/strong>. \u00c9ste \u00faltimo es un m\u00e9todo de &#8220;escribir r\u00e1pido&#8221; utilizando signos en vez de palabras completas, anotando a la par del habla de la persona. Actualmente se utiliza en las cortes, para crear un documento oficial de todo lo dicho.<\/p>\n<p style=\"text-align: left\">El signo deriva del lat\u00edn y pas\u00f3 a diversos idiomas, incluido el espa\u00f1ol. Su uso en esta lengua no resulta econ\u00f3mico ya que la conjunci\u00f3n copulativa\u00a0<b>y<\/b>\u00a0tiene una graf\u00eda m\u00e1s breve y sencilla. En textos espa\u00f1oles antiguos es frecuente encontrarlo empleado en la expresi\u00f3n latina adoptada\u00a0<i>et cetera<\/i>, en las formas\u00a0<i>&amp;c.<\/i>\u00a0o\u00a0<i>&amp;cetera<\/i>. En cambio, en el ingl\u00e9s, a\u00a0principios del siglo XIX, el signo &amp; formaba parte del alfabeto, siendo este el signo n\u00famero 27 como la representaci\u00f3n gr\u00e1fica de la palabra &#8220;and&#8221;.<\/p>\n<p>&nbsp;<\/p>\n<h3>Su uso m\u00e1s frecuente en la actualidad<\/h3>\n<p>La funci\u00f3n de &amp; es la de ser una c\u00f3pula breve. Por lo tanto, en el idioma espa\u00f1ol no es tan utilizado ya que la conjunci\u00f3n\u00a0\u00aby\u00bb es de por s\u00ed breve y escribir &amp; significa una complicaci\u00f3n innecesaria, limit\u00e1ndolo a aparecer en pocas situaciones. En el ingl\u00e9s,\u00a0 su uso se debe estrechamente a la econom\u00eda ling\u00fc\u00edstica, y estamos m\u00e1s acostumbrados a verlo en marcas y nombres comerciales (Ej.: Johnson &amp; Johnson, M&amp;M,\u00a0Dolce &amp; Gabanna). Tambi\u00e9n es utilizado en expresiones aceptadas en forma de siglas, como las de\u00a0R&amp;D (Research and Development), S&amp;T (Science and Technology).<\/p>\n<ul>\n<li><strong>Citas acad\u00e9micas<\/strong>, cuando se cita a m\u00e1s de un autor, por ejemplo \u00ab(Nevid, Rathus, &amp; Greene, 2008)\u00bb. Hay que tener en cuenta que algunas gu\u00edas de estilo usan el signo &amp; en estos casos mientras que otras recomiendan escribir <em>and<\/em>. En cada caso, se deber\u00e1 consultar la gu\u00eda de estilo adecuada.<\/li>\n<\/ul>\n<ul>\n<li>En <strong>expresiones <\/strong>aceptadas como R&amp;D (Research and Development), S&amp;T (Science and Technology).<\/li>\n<\/ul>\n<ul>\n<li>En<strong> programaci\u00f3n<\/strong>. En algunos lenguajes de programaci\u00f3n, se lo usa para concatenaci\u00f3n de cadenas, operaciones de comparaci\u00f3n, etc. Por supuesto, este uso del &amp; se extiende al espa\u00f1ol ya que los lenguajes de programaci\u00f3n son universales.<\/li>\n<\/ul>\n<p>&nbsp;<\/p>\n<h3>Evoluci\u00f3n del &amp;<\/h3>\n<p style=\"text-align: left\">Mientras los Romanos expand\u00edan su imperio por el globo, muchas lenguas se apropiaron del ampersand para su alfabeto. No obstante, estos idiomas evolucionaron y la conexi\u00f3n entre la ligadura original y su representaci\u00f3n gr\u00e1fica de hoy ha disminuido, ya que presenta diversas versiones, mucho menos representativas de su forma original.<\/p>\n<p>En algunas tipograf\u00edas de la Edad Moderna, el ampersand se ve representado de forma similar a la ligadura et.<\/p>\n<p><img loading=\"lazy\" decoding=\"async\" data-attachment-id=\"4492\" data-permalink=\"https:\/\/www.catedracosgaya.com.ar\/tipoblog\/2018\/el-origen-del-ampersand\/ampersands\/\" data-orig-file=\"https:\/\/www.catedracosgaya.com.ar\/tipoblog\/2018\/wp-content\/uploads\/2018\/06\/ampersands.jpg\" data-orig-size=\"2480,863\" data-comments-opened=\"0\" data-image-meta=\"{&quot;aperture&quot;:&quot;0&quot;,&quot;credit&quot;:&quot;&quot;,&quot;camera&quot;:&quot;&quot;,&quot;caption&quot;:&quot;&quot;,&quot;created_timestamp&quot;:&quot;0&quot;,&quot;copyright&quot;:&quot;&quot;,&quot;focal_length&quot;:&quot;0&quot;,&quot;iso&quot;:&quot;0&quot;,&quot;shutter_speed&quot;:&quot;0&quot;,&quot;title&quot;:&quot;&quot;,&quot;orientation&quot;:&quot;1&quot;}\" data-image-title=\"ampersands\" data-image-description=\"\" data-image-caption=\"\" data-large-file=\"https:\/\/www.catedracosgaya.com.ar\/tipoblog\/2018\/wp-content\/uploads\/2018\/06\/ampersands-1024x356.jpg\" class=\"wp-image-4492 alignleft\" src=\"http:\/\/www.catedracosgaya.com.ar\/tipoblog\/2018\/wp-content\/uploads\/2018\/06\/ampersands-300x104.jpg\" alt=\"\" width=\"386\" height=\"134\" srcset=\"https:\/\/www.catedracosgaya.com.ar\/tipoblog\/2018\/wp-content\/uploads\/2018\/06\/ampersands-300x104.jpg 300w, https:\/\/www.catedracosgaya.com.ar\/tipoblog\/2018\/wp-content\/uploads\/2018\/06\/ampersands-768x267.jpg 768w, https:\/\/www.catedracosgaya.com.ar\/tipoblog\/2018\/wp-content\/uploads\/2018\/06\/ampersands-1024x356.jpg 1024w\" sizes=\"auto, (max-width: 386px) 100vw, 386px\" \/><\/p>\n<h5><\/h5>\n<h5 style=\"text-align: left\">1. Caslon 540 Italic<br \/>\n2. Poor Richard<br \/>\n3. Baskerville Italic<br \/>\n4. Custom Lettering.<\/h5>\n<p>&nbsp;<\/p>\n<p>Por otro lado, muchas tipograf\u00edas modernas manuscritas han deformado el signo de forma que no se encuentra ni se entiende su origen en el s\u00edmbolo.\u00a0Hoy en d\u00eda el uso de &amp; est\u00e1 ampliamente extendido en el mundo del dise\u00f1o para fines art\u00edsticos, como en la creaci\u00f3n de logotipos, monogramas o t\u00edtulos para agregar un atractivo visual a las creaciones.<\/p>\n<p>Sin embargo, como todos los ciclos de moda, estamos comenzando a ver una resurrecci\u00f3n de la ligadura &#8220;et&#8221; original. A medida que dise\u00f1adores de tipos se informan m\u00e1s acerca de la historia de este signo, hay un creciente deseo de re-introducir el glifo inicial. Es nuestra responsabilidad como dise\u00f1adores informarnos acerca de los or\u00edgenes de los signos y las formas para expandir conocimientos y contagiar inter\u00e9s por esta hermosa rama del arte, y a la vez no debemos conformarnos con lo preexistente ya que siempre es bueno renovar tendencias.<\/p>\n<h2 class=\"post-title entry-title\">\u00a1Arriba el &amp;!<\/h2>\n","protected":false},"excerpt":{"rendered":"<p>\u00bfQu\u00e9 es el signo &#8220;&amp;&#8221; y c\u00f3mo surgi\u00f3? <\/p>\n","protected":false},"author":30,"featured_media":4488,"comment_status":"closed","ping_status":"closed","sticky":false,"template":"","format":"standard","meta":{"jetpack_post_was_ever_published":false,"_jetpack_newsletter_access":"","_jetpack_dont_email_post_to_subs":false,"_jetpack_newsletter_tier_id":0,"_jetpack_memberships_contains_paywalled_content":false,"_jetpack_memberships_contains_paid_content":false,"footnotes":"","jetpack_publicize_message":"","jetpack_publicize_feature_enabled":true,"jetpack_social_post_already_shared":true,"jetpack_social_options":{"image_generator_settings":{"template":"highway","default_image_id":0,"font":"","enabled":false},"version":2}},"categories":[26,27,29],"tags":[],"class_list":["post-4485","post","type-post","status-publish","format-standard","has-post-thumbnail","hentry","category-arte","category-cultura","category-historia"],"jetpack_publicize_connections":[],"jetpack_featured_media_url":"https:\/\/www.catedracosgaya.com.ar\/tipoblog\/2018\/wp-content\/uploads\/2018\/06\/heavy-ampersand-ornament.png","jetpack_sharing_enabled":true,"jetpack_shortlink":"https:\/\/wp.me\/p9TJog-1al","_links":{"self":[{"href":"https:\/\/www.catedracosgaya.com.ar\/tipoblog\/2018\/wp-json\/wp\/v2\/posts\/4485","targetHints":{"allow":["GET"]}}],"collection":[{"href":"https:\/\/www.catedracosgaya.com.ar\/tipoblog\/2018\/wp-json\/wp\/v2\/posts"}],"about":[{"href":"https:\/\/www.catedracosgaya.com.ar\/tipoblog\/2018\/wp-json\/wp\/v2\/types\/post"}],"author":[{"embeddable":true,"href":"https:\/\/www.catedracosgaya.com.ar\/tipoblog\/2018\/wp-json\/wp\/v2\/users\/30"}],"replies":[{"embeddable":true,"href":"https:\/\/www.catedracosgaya.com.ar\/tipoblog\/2018\/wp-json\/wp\/v2\/comments?post=4485"}],"version-history":[{"count":4,"href":"https:\/\/www.catedracosgaya.com.ar\/tipoblog\/2018\/wp-json\/wp\/v2\/posts\/4485\/revisions"}],"predecessor-version":[{"id":4497,"href":"https:\/\/www.catedracosgaya.com.ar\/tipoblog\/2018\/wp-json\/wp\/v2\/posts\/4485\/revisions\/4497"}],"wp:featuredmedia":[{"embeddable":true,"href":"https:\/\/www.catedracosgaya.com.ar\/tipoblog\/2018\/wp-json\/wp\/v2\/media\/4488"}],"wp:attachment":[{"href":"https:\/\/www.catedracosgaya.com.ar\/tipoblog\/2018\/wp-json\/wp\/v2\/media?parent=4485"}],"wp:term":[{"taxonomy":"category","embeddable":true,"href":"https:\/\/www.catedracosgaya.com.ar\/tipoblog\/2018\/wp-json\/wp\/v2\/categories?post=4485"},{"taxonomy":"post_tag","embeddable":true,"href":"https:\/\/www.catedracosgaya.com.ar\/tipoblog\/2018\/wp-json\/wp\/v2\/tags?post=4485"}],"curies":[{"name":"wp","href":"https:\/\/api.w.org\/{rel}","templated":true}]}}