{"id":4454,"date":"2018-06-04T23:32:18","date_gmt":"2018-06-05T02:32:18","guid":{"rendered":"http:\/\/www.catedracosgaya.com.ar\/tipoblog\/2018\/?p=4454"},"modified":"2018-06-04T23:40:24","modified_gmt":"2018-06-05T02:40:24","slug":"tipografia-urbana-berlin","status":"publish","type":"post","link":"https:\/\/www.catedracosgaya.com.ar\/tipoblog\/2018\/tipografia-urbana-berlin\/","title":{"rendered":"Tipograf\u00eda urbana: Berl\u00edn"},"content":{"rendered":"<p><span style=\"font-weight: 400\"><strong>Berl\u00edn<\/strong>, la guerra, el muro. Pasaron m\u00e1s de 70 a\u00f1os del enfrentamiento mundial que dej\u00f3 a Alemania en ruinas y ya hace m\u00e1s de 25 desde que cay\u00f3 la gran pared que dividi\u00f3 a la ciudad -y al pa\u00eds- en dos. La ciudad fue bombardeada y pr\u00e1cticamente destruida durante la segunda guerra mundial, por lo que en su superficie parece como cualquier ciudad europea, pero debajo hay un mont\u00f3n de historias ocultas.<\/span><\/p>\n<p><img loading=\"lazy\" decoding=\"async\" data-attachment-id=\"4464\" data-permalink=\"https:\/\/www.catedracosgaya.com.ar\/tipoblog\/2018\/tipografia-urbana-berlin\/1-2\/\" data-orig-file=\"https:\/\/www.catedracosgaya.com.ar\/tipoblog\/2018\/wp-content\/uploads\/2018\/06\/1.jpeg\" data-orig-size=\"1720,1146\" data-comments-opened=\"0\" data-image-meta=\"{&quot;aperture&quot;:&quot;0&quot;,&quot;credit&quot;:&quot;&quot;,&quot;camera&quot;:&quot;&quot;,&quot;caption&quot;:&quot;&quot;,&quot;created_timestamp&quot;:&quot;0&quot;,&quot;copyright&quot;:&quot;&quot;,&quot;focal_length&quot;:&quot;0&quot;,&quot;iso&quot;:&quot;0&quot;,&quot;shutter_speed&quot;:&quot;0&quot;,&quot;title&quot;:&quot;&quot;,&quot;orientation&quot;:&quot;0&quot;}\" data-image-title=\"1\" data-image-description=\"\" data-image-caption=\"\" data-large-file=\"https:\/\/www.catedracosgaya.com.ar\/tipoblog\/2018\/wp-content\/uploads\/2018\/06\/1-1024x682.jpeg\" class=\" wp-image-4464 alignleft\" src=\"http:\/\/www.catedracosgaya.com.ar\/tipoblog\/2018\/wp-content\/uploads\/2018\/06\/1-300x200.jpeg\" alt=\"\" width=\"266\" height=\"177\" srcset=\"https:\/\/www.catedracosgaya.com.ar\/tipoblog\/2018\/wp-content\/uploads\/2018\/06\/1-300x200.jpeg 300w, https:\/\/www.catedracosgaya.com.ar\/tipoblog\/2018\/wp-content\/uploads\/2018\/06\/1-768x512.jpeg 768w, https:\/\/www.catedracosgaya.com.ar\/tipoblog\/2018\/wp-content\/uploads\/2018\/06\/1-1024x682.jpeg 1024w, https:\/\/www.catedracosgaya.com.ar\/tipoblog\/2018\/wp-content\/uploads\/2018\/06\/1.jpeg 1720w\" sizes=\"auto, (max-width: 266px) 100vw, 266px\" \/><\/p>\n<p><span style=\"font-weight: 400\">El sistema de subterr\u00e1neos (<em>U-bahn<\/em>) de la ciudad se inici\u00f3 hace 116 a\u00f1os y es una obra de arte en s\u00ed mismo, tiene m\u00e1s de 81 estaciones. \u00a0<\/span><span style=\"font-weight: 400\">Oficialmente la familia tipogr\u00e1fica usada para el sistema de transporte p\u00fablico de la ciudad es la <strong>FF Transit<\/strong> dise\u00f1ado por MetaDesign en 1997, pero la historia del sistema de transporte de Berlin no es tan simple, de hecho podes seguir la historia de la ciudad solamente mirando atentamente las infinidad de tipograf\u00edas que usa.\u00a0Dependiendo la l\u00ednea, y cuan afectada haya estado por los eventos hist\u00f3ricos podemos encontrar la <em>FF Transit, Octopuss, Helevetica<\/em> y muchas otras fuentes de estilo g\u00f3tico<\/span><\/p>\n<figure id=\"attachment_4478\" aria-describedby=\"caption-attachment-4478\" style=\"width: 383px\" class=\"wp-caption alignright\"><img loading=\"lazy\" decoding=\"async\" data-attachment-id=\"4478\" data-permalink=\"https:\/\/www.catedracosgaya.com.ar\/tipoblog\/2018\/tipografia-urbana-berlin\/u7-37\/\" data-orig-file=\"https:\/\/www.catedracosgaya.com.ar\/tipoblog\/2018\/wp-content\/uploads\/2018\/06\/u7-37.jpg\" data-orig-size=\"1200,764\" data-comments-opened=\"0\" data-image-meta=\"{&quot;aperture&quot;:&quot;2.2&quot;,&quot;credit&quot;:&quot;&quot;,&quot;camera&quot;:&quot;iPhone SE&quot;,&quot;caption&quot;:&quot;&quot;,&quot;created_timestamp&quot;:&quot;1499445125&quot;,&quot;copyright&quot;:&quot;&quot;,&quot;focal_length&quot;:&quot;4.15&quot;,&quot;iso&quot;:&quot;200&quot;,&quot;shutter_speed&quot;:&quot;0.0285714285714&quot;,&quot;title&quot;:&quot;&quot;,&quot;orientation&quot;:&quot;1&quot;}\" data-image-title=\"u7-37\" data-image-description=\"\" data-image-caption=\"\" data-large-file=\"https:\/\/www.catedracosgaya.com.ar\/tipoblog\/2018\/wp-content\/uploads\/2018\/06\/u7-37-1024x652.jpg\" class=\"wp-image-4478\" src=\"http:\/\/www.catedracosgaya.com.ar\/tipoblog\/2018\/wp-content\/uploads\/2018\/06\/u7-37-300x191.jpg\" alt=\"\" width=\"383\" height=\"244\" srcset=\"https:\/\/www.catedracosgaya.com.ar\/tipoblog\/2018\/wp-content\/uploads\/2018\/06\/u7-37-300x191.jpg 300w, https:\/\/www.catedracosgaya.com.ar\/tipoblog\/2018\/wp-content\/uploads\/2018\/06\/u7-37-768x489.jpg 768w, https:\/\/www.catedracosgaya.com.ar\/tipoblog\/2018\/wp-content\/uploads\/2018\/06\/u7-37-1024x652.jpg 1024w, https:\/\/www.catedracosgaya.com.ar\/tipoblog\/2018\/wp-content\/uploads\/2018\/06\/u7-37.jpg 1200w\" sizes=\"auto, (max-width: 383px) 100vw, 383px\" \/><figcaption id=\"caption-attachment-4478\" class=\"wp-caption-text\">Mosaico en la l\u00ednea U7<\/figcaption><\/figure>\n<p><span style=\"font-weight: 400\">El dise\u00f1ador gr\u00e1fico\u00a0<a href=\"http:\/\/files.korkork.com\/index.php?\/fonts\/u8\/\">Anton Koovit<\/a>\u00a0 qui\u00e9n estaba de visita en la ciudad, realizo una ardua investigaci\u00f3n para dar con el nombre de las familias tipogr\u00e1ficas de la U8, ya que\u00a0no se sab\u00eda el nombre, ni muchos menos los or\u00edgenes de las familias Descubri\u00f3 que\u00a0<\/span><span style=\"font-weight: 400\">&#8220;<strong>Neuzeit Grotesk&#8221;<\/strong> y <em>&#8220;<\/em><strong>Wiener Rundblock&#8221; <\/strong>son fuentes de utilizadas en esa l\u00ednea<\/span>. T<span style=\"font-weight: 400\">ambi\u00e9n que nadie se hab\u00eda molestado en digitalizarla\u00a0 ya que la l\u00ednea U8 fue construida en el tiempo de la primera guerra mundial.\u00a0<\/span><\/p>\n<p>En la estaci\u00f3n <em>AnhalterBahnhof<\/em>, la familia <a href=\"http:\/\/signalarchiv.de\/Meldungen\/10001011\"><strong>Tannenber Fraktur<\/strong><\/a>, fuente tipogr\u00e1fica alemana usada usualmente por los Nazis, es un recordatorio que antes de los tiempos de bombardeos esta era una de las estaciones mas importantes de la ciudad.<\/p>\n<figure id=\"attachment_4466\" aria-describedby=\"caption-attachment-4466\" style=\"width: 316px\" class=\"wp-caption alignright\"><img loading=\"lazy\" decoding=\"async\" data-attachment-id=\"4466\" data-permalink=\"https:\/\/www.catedracosgaya.com.ar\/tipoblog\/2018\/tipografia-urbana-berlin\/3-2\/\" data-orig-file=\"https:\/\/www.catedracosgaya.com.ar\/tipoblog\/2018\/wp-content\/uploads\/2018\/06\/3-e1528160797865.jpg\" data-orig-size=\"389,198\" data-comments-opened=\"0\" data-image-meta=\"{&quot;aperture&quot;:&quot;0&quot;,&quot;credit&quot;:&quot;&quot;,&quot;camera&quot;:&quot;&quot;,&quot;caption&quot;:&quot;&quot;,&quot;created_timestamp&quot;:&quot;0&quot;,&quot;copyright&quot;:&quot;&quot;,&quot;focal_length&quot;:&quot;0&quot;,&quot;iso&quot;:&quot;0&quot;,&quot;shutter_speed&quot;:&quot;0&quot;,&quot;title&quot;:&quot;&quot;,&quot;orientation&quot;:&quot;0&quot;}\" data-image-title=\"3\" data-image-description=\"\" data-image-caption=\"&lt;p&gt;Familia Tannenberg-Fraktur&lt;\/p&gt;\n\" data-large-file=\"https:\/\/www.catedracosgaya.com.ar\/tipoblog\/2018\/wp-content\/uploads\/2018\/06\/3-e1528160797865.jpg\" class=\" wp-image-4466\" src=\"http:\/\/www.catedracosgaya.com.ar\/tipoblog\/2018\/wp-content\/uploads\/2018\/06\/3-e1528160797865-300x153.jpg\" alt=\"\" width=\"316\" height=\"161\" srcset=\"https:\/\/www.catedracosgaya.com.ar\/tipoblog\/2018\/wp-content\/uploads\/2018\/06\/3-e1528160797865-300x153.jpg 300w, https:\/\/www.catedracosgaya.com.ar\/tipoblog\/2018\/wp-content\/uploads\/2018\/06\/3-e1528160797865.jpg 389w\" sizes=\"auto, (max-width: 316px) 100vw, 316px\" \/><figcaption id=\"caption-attachment-4466\" class=\"wp-caption-text\">Familia Tannenberg-Fraktur<\/figcaption><\/figure>\n<p>Algunas de las se\u00f1ales y estaciones tienen una grandeza acorde con la arrogancia de la \u00e9poca de Wilhelmine: muchas de las paradas\u00a0en la l\u00ednea U3, inauguradas en 1913, est\u00e1n construidas en estilo neocl\u00e1sico con paredes de estuco, columnas de \u00e9poca y se\u00f1ales de estaciones de mosaico que deletrean los nombres en may\u00fasculas confidenciales.\u00a0Sin embargo, la incongruencia es parte del juego. En <em>Fehrbelliner Platz<\/em>, los mosaicos cuelgan a solo unos metros de otro letrero que deletrea la misma parada a finales de los a\u00f1os 70 Helvetica, sobre un fondo de color marr\u00f3n y naranja. En <em>Wittenbergplatz<\/em>, una de las tres plataformas tiene un letrero de estaci\u00f3n al estilo del metro de Londres, regalado a la estaci\u00f3n por un comandante\u00a0de ciudad brit\u00e1nico en 1952.<\/p>\n<p><img loading=\"lazy\" decoding=\"async\" data-attachment-id=\"4471\" data-permalink=\"https:\/\/www.catedracosgaya.com.ar\/tipoblog\/2018\/tipografia-urbana-berlin\/5b\/\" data-orig-file=\"https:\/\/www.catedracosgaya.com.ar\/tipoblog\/2018\/wp-content\/uploads\/2018\/06\/5B.jpg\" data-orig-size=\"1200,720\" data-comments-opened=\"0\" data-image-meta=\"{&quot;aperture&quot;:&quot;2.2&quot;,&quot;credit&quot;:&quot;&quot;,&quot;camera&quot;:&quot;iPhone SE&quot;,&quot;caption&quot;:&quot;&quot;,&quot;created_timestamp&quot;:&quot;1498581114&quot;,&quot;copyright&quot;:&quot;&quot;,&quot;focal_length&quot;:&quot;4.15&quot;,&quot;iso&quot;:&quot;125&quot;,&quot;shutter_speed&quot;:&quot;0.0285714285714&quot;,&quot;title&quot;:&quot;&quot;,&quot;orientation&quot;:&quot;1&quot;}\" data-image-title=\"5B\" data-image-description=\"\" data-image-caption=\"\" data-large-file=\"https:\/\/www.catedracosgaya.com.ar\/tipoblog\/2018\/wp-content\/uploads\/2018\/06\/5B-1024x614.jpg\" class=\"wp-image-4471 alignright\" src=\"http:\/\/www.catedracosgaya.com.ar\/tipoblog\/2018\/wp-content\/uploads\/2018\/06\/5B-300x180.jpg\" alt=\"\" width=\"277\" height=\"166\" srcset=\"https:\/\/www.catedracosgaya.com.ar\/tipoblog\/2018\/wp-content\/uploads\/2018\/06\/5B-300x180.jpg 300w, https:\/\/www.catedracosgaya.com.ar\/tipoblog\/2018\/wp-content\/uploads\/2018\/06\/5B-768x461.jpg 768w, https:\/\/www.catedracosgaya.com.ar\/tipoblog\/2018\/wp-content\/uploads\/2018\/06\/5B-1024x614.jpg 1024w, https:\/\/www.catedracosgaya.com.ar\/tipoblog\/2018\/wp-content\/uploads\/2018\/06\/5B.jpg 1200w\" sizes=\"auto, (max-width: 277px) 100vw, 277px\" \/><\/p>\n<p><img loading=\"lazy\" decoding=\"async\" data-attachment-id=\"4472\" data-permalink=\"https:\/\/www.catedracosgaya.com.ar\/tipoblog\/2018\/tipografia-urbana-berlin\/attachment\/5\/\" data-orig-file=\"https:\/\/www.catedracosgaya.com.ar\/tipoblog\/2018\/wp-content\/uploads\/2018\/06\/5-e1528161846162.jpeg\" data-orig-size=\"1440,1006\" data-comments-opened=\"0\" data-image-meta=\"{&quot;aperture&quot;:&quot;0&quot;,&quot;credit&quot;:&quot;&quot;,&quot;camera&quot;:&quot;&quot;,&quot;caption&quot;:&quot;&quot;,&quot;created_timestamp&quot;:&quot;0&quot;,&quot;copyright&quot;:&quot;&quot;,&quot;focal_length&quot;:&quot;0&quot;,&quot;iso&quot;:&quot;0&quot;,&quot;shutter_speed&quot;:&quot;0&quot;,&quot;title&quot;:&quot;&quot;,&quot;orientation&quot;:&quot;0&quot;}\" data-image-title=\"5\" data-image-description=\"\" data-image-caption=\"\" data-large-file=\"https:\/\/www.catedracosgaya.com.ar\/tipoblog\/2018\/wp-content\/uploads\/2018\/06\/5-e1528161846162-1024x715.jpeg\" class=\"wp-image-4472 alignright\" src=\"http:\/\/www.catedracosgaya.com.ar\/tipoblog\/2018\/wp-content\/uploads\/2018\/06\/5-e1528161846162-300x210.jpeg\" alt=\"\" width=\"281\" height=\"197\" srcset=\"https:\/\/www.catedracosgaya.com.ar\/tipoblog\/2018\/wp-content\/uploads\/2018\/06\/5-e1528161846162-300x210.jpeg 300w, https:\/\/www.catedracosgaya.com.ar\/tipoblog\/2018\/wp-content\/uploads\/2018\/06\/5-e1528161846162-768x537.jpeg 768w, https:\/\/www.catedracosgaya.com.ar\/tipoblog\/2018\/wp-content\/uploads\/2018\/06\/5-e1528161846162-1024x715.jpeg 1024w, https:\/\/www.catedracosgaya.com.ar\/tipoblog\/2018\/wp-content\/uploads\/2018\/06\/5-e1528161846162.jpeg 1440w\" sizes=\"auto, (max-width: 281px) 100vw, 281px\" \/><span>En el U6, una l\u00ednea una vez salpicada de &#8220;estaciones fantasmas&#8221; se cerr\u00f3 durante la \u00e9poca comun<\/span>ista, todav\u00eda hay algunas paradas que se ven perdidas en el tiem<span>po, como <em>Platz der Luftbr\u00fccke<\/em><\/span>o <em>Naturkundemuseum<\/em>, susnombres est\u00e1n escritos enfuentes temblorosas talladas a mano.\u00a0En la U7 los l<span>etreros de la estaci\u00f3n est\u00e1n escritos en\u00a0<\/span><span><strong>Helvetica<\/strong>, la fuente de metro est\u00e1ndar en todo el mundo: podr\u00eda estar en Nueva York, Viena, Estocolmo\u00a0<\/span><span>o en cualquier otro lugar.<\/span><\/p>\n<p><span style=\"font-weight: 400\">\u00a0Por el contrario, en la estaci\u00f3n\u00a0\u00a0en el U8 a unos doscientos metros al sur de donde sol\u00eda\u00a0correr el muro de Berl\u00edn. Pero la fuente Octopuss en el letrero de la estaci\u00f3n es un recordatorio de que el 77 fue tambi\u00e9n el a\u00f1o de <em>I Feel Love<\/em> y <em>Saturday Night Fever<\/em>: el fin del mundo puede haber estado cerca, pero un rinc\u00f3n de Berl\u00edn estaba bailando la noche lejos para defender la civilizaci\u00f3n occidental.\u00a0<\/span><\/p>\n<p><span style=\"font-weight: 400\">En la U7, algunos signos han sido reemplazado y las letras de acero inoxidable en los letreros colgantes instalados entre los dos juegos de v\u00edas en <em>Mehringdamm<\/em> no carecen por completo de m\u00e9rito est\u00e9tico, sino que tambi\u00e9n presentan algunos de los peores interletra que han aparecido en cualquier estaci\u00f3n de <em>U-Bahn.<\/em><\/span><\/p>\n<figure id=\"attachment_4475\" aria-describedby=\"caption-attachment-4475\" style=\"width: 300px\" class=\"wp-caption alignleft\"><img loading=\"lazy\" decoding=\"async\" data-attachment-id=\"4475\" data-permalink=\"https:\/\/www.catedracosgaya.com.ar\/tipoblog\/2018\/tipografia-urbana-berlin\/u7-41-2\/\" data-orig-file=\"https:\/\/www.catedracosgaya.com.ar\/tipoblog\/2018\/wp-content\/uploads\/2018\/06\/u7-41-2.jpg\" data-orig-size=\"1200,720\" data-comments-opened=\"0\" data-image-meta=\"{&quot;aperture&quot;:&quot;2.2&quot;,&quot;credit&quot;:&quot;&quot;,&quot;camera&quot;:&quot;iPhone SE&quot;,&quot;caption&quot;:&quot;&quot;,&quot;created_timestamp&quot;:&quot;1499527527&quot;,&quot;copyright&quot;:&quot;&quot;,&quot;focal_length&quot;:&quot;4.15&quot;,&quot;iso&quot;:&quot;125&quot;,&quot;shutter_speed&quot;:&quot;0.0285714285714&quot;,&quot;title&quot;:&quot;&quot;,&quot;orientation&quot;:&quot;1&quot;}\" data-image-title=\"u7-41-2\" data-image-description=\"\" data-image-caption=\"\" data-large-file=\"https:\/\/www.catedracosgaya.com.ar\/tipoblog\/2018\/wp-content\/uploads\/2018\/06\/u7-41-2-1024x614.jpg\" class=\"wp-image-4475 size-medium\" src=\"http:\/\/www.catedracosgaya.com.ar\/tipoblog\/2018\/wp-content\/uploads\/2018\/06\/u7-41-2-300x180.jpg\" alt=\"\" width=\"300\" height=\"180\" srcset=\"https:\/\/www.catedracosgaya.com.ar\/tipoblog\/2018\/wp-content\/uploads\/2018\/06\/u7-41-2-300x180.jpg 300w, https:\/\/www.catedracosgaya.com.ar\/tipoblog\/2018\/wp-content\/uploads\/2018\/06\/u7-41-2-768x461.jpg 768w, https:\/\/www.catedracosgaya.com.ar\/tipoblog\/2018\/wp-content\/uploads\/2018\/06\/u7-41-2-1024x614.jpg 1024w, https:\/\/www.catedracosgaya.com.ar\/tipoblog\/2018\/wp-content\/uploads\/2018\/06\/u7-41-2.jpg 1200w\" sizes=\"auto, (max-width: 300px) 100vw, 300px\" \/><figcaption id=\"caption-attachment-4475\" class=\"wp-caption-text\">Helvetica U7<\/figcaption><\/figure>\n<figure id=\"attachment_4465\" aria-describedby=\"caption-attachment-4465\" style=\"width: 300px\" class=\"wp-caption alignnone\"><img loading=\"lazy\" decoding=\"async\" data-attachment-id=\"4465\" data-permalink=\"https:\/\/www.catedracosgaya.com.ar\/tipoblog\/2018\/tipografia-urbana-berlin\/2-2\/\" data-orig-file=\"https:\/\/www.catedracosgaya.com.ar\/tipoblog\/2018\/wp-content\/uploads\/2018\/06\/2.jpeg\" data-orig-size=\"760,456\" data-comments-opened=\"0\" data-image-meta=\"{&quot;aperture&quot;:&quot;0&quot;,&quot;credit&quot;:&quot;&quot;,&quot;camera&quot;:&quot;&quot;,&quot;caption&quot;:&quot;&quot;,&quot;created_timestamp&quot;:&quot;0&quot;,&quot;copyright&quot;:&quot;&quot;,&quot;focal_length&quot;:&quot;0&quot;,&quot;iso&quot;:&quot;0&quot;,&quot;shutter_speed&quot;:&quot;0&quot;,&quot;title&quot;:&quot;&quot;,&quot;orientation&quot;:&quot;0&quot;}\" data-image-title=\"\" data-image-description=\"\" data-image-caption=\"\" data-large-file=\"https:\/\/www.catedracosgaya.com.ar\/tipoblog\/2018\/wp-content\/uploads\/2018\/06\/2.jpeg\" class=\"wp-image-4465 size-medium\" src=\"http:\/\/www.catedracosgaya.com.ar\/tipoblog\/2018\/wp-content\/uploads\/2018\/06\/2-300x180.jpeg\" alt=\"\" width=\"300\" height=\"180\" srcset=\"https:\/\/www.catedracosgaya.com.ar\/tipoblog\/2018\/wp-content\/uploads\/2018\/06\/2-300x180.jpeg 300w, https:\/\/www.catedracosgaya.com.ar\/tipoblog\/2018\/wp-content\/uploads\/2018\/06\/2.jpeg 760w\" sizes=\"auto, (max-width: 300px) 100vw, 300px\" \/><figcaption id=\"caption-attachment-4465\" class=\"wp-caption-text\">Fuente Octupus U8<\/figcaption><\/figure>\n<figure id=\"attachment_4477\" aria-describedby=\"caption-attachment-4477\" style=\"width: 299px\" class=\"wp-caption alignleft\"><img loading=\"lazy\" decoding=\"async\" data-attachment-id=\"4477\" data-permalink=\"https:\/\/www.catedracosgaya.com.ar\/tipoblog\/2018\/tipografia-urbana-berlin\/u7-8\/\" data-orig-file=\"https:\/\/www.catedracosgaya.com.ar\/tipoblog\/2018\/wp-content\/uploads\/2018\/06\/u7-8.jpg\" data-orig-size=\"1200,748\" data-comments-opened=\"0\" data-image-meta=\"{&quot;aperture&quot;:&quot;2.2&quot;,&quot;credit&quot;:&quot;&quot;,&quot;camera&quot;:&quot;iPhone SE&quot;,&quot;caption&quot;:&quot;&quot;,&quot;created_timestamp&quot;:&quot;1485628778&quot;,&quot;copyright&quot;:&quot;&quot;,&quot;focal_length&quot;:&quot;4.15&quot;,&quot;iso&quot;:&quot;160&quot;,&quot;shutter_speed&quot;:&quot;0.0285714285714&quot;,&quot;title&quot;:&quot;&quot;,&quot;orientation&quot;:&quot;1&quot;}\" data-image-title=\"u7-8\" data-image-description=\"\" data-image-caption=\"\" data-large-file=\"https:\/\/www.catedracosgaya.com.ar\/tipoblog\/2018\/wp-content\/uploads\/2018\/06\/u7-8-1024x638.jpg\" class=\"wp-image-4477\" src=\"http:\/\/www.catedracosgaya.com.ar\/tipoblog\/2018\/wp-content\/uploads\/2018\/06\/u7-8-300x187.jpg\" alt=\"\" width=\"299\" height=\"186\" srcset=\"https:\/\/www.catedracosgaya.com.ar\/tipoblog\/2018\/wp-content\/uploads\/2018\/06\/u7-8-300x187.jpg 300w, https:\/\/www.catedracosgaya.com.ar\/tipoblog\/2018\/wp-content\/uploads\/2018\/06\/u7-8-768x479.jpg 768w, https:\/\/www.catedracosgaya.com.ar\/tipoblog\/2018\/wp-content\/uploads\/2018\/06\/u7-8-1024x638.jpg 1024w, https:\/\/www.catedracosgaya.com.ar\/tipoblog\/2018\/wp-content\/uploads\/2018\/06\/u7-8.jpg 1200w\" sizes=\"auto, (max-width: 299px) 100vw, 299px\" \/><figcaption id=\"caption-attachment-4477\" class=\"wp-caption-text\">Mal uso de la interletra en la U7<\/figcaption><\/figure>\n<p>&nbsp;<\/p>\n<p>&nbsp;<\/p>\n<p>&nbsp;<\/p>\n<p>&nbsp;<\/p>\n<p>&nbsp;<\/p>\n<p>&nbsp;<\/p>\n<p>Links de interes:<\/p>\n<p><a href=\"https:\/\/berlintypography.wordpress.com\/\">https:\/\/berlintypography.wordpress.com\/<\/a><\/p>\n<p><a href=\"http:\/\/endbahnhof.tumblr.com\">http:\/\/endbahnhof.tumblr.com<\/a><\/p>\n<p><a href=\"https:\/\/patrickthomas.com\/\">https:\/\/patrickthomas.com\/<\/a><\/p>\n<p>&nbsp;<\/p>\n","protected":false},"excerpt":{"rendered":"<p>Podemos conocer la historia de la ciudad de Berl\u00edn solamente mirando atentamente las infinidad de tipograf\u00edas que usa.<\/p>\n","protected":false},"author":31,"featured_media":4478,"comment_status":"closed","ping_status":"closed","sticky":false,"template":"","format":"standard","meta":{"jetpack_post_was_ever_published":false,"_jetpack_newsletter_access":"","_jetpack_dont_email_post_to_subs":false,"_jetpack_newsletter_tier_id":0,"_jetpack_memberships_contains_paywalled_content":false,"_jetpack_memberships_contains_paid_content":false,"footnotes":"","jetpack_publicize_message":"Tipograf\u00eda urbana: Berl\u00edn  #\u200eTipoblog #Tipograf&iacute;a2 #C&aacute;tedraCosgaya #\u200eFADU #\u200eUBA","jetpack_publicize_feature_enabled":true,"jetpack_social_post_already_shared":true,"jetpack_social_options":{"image_generator_settings":{"template":"highway","default_image_id":0,"font":"","enabled":false},"version":2}},"categories":[27,29,24],"tags":[89,90,67,73,70,52,91,92,93],"class_list":["post-4454","post","type-post","status-publish","format-standard","has-post-thumbnail","hentry","category-cultura","category-historia","category-sociedad","tag-alemania","tag-berlin","tag-clasificacion-tipografica-familia-tipografica","tag-diseno","tag-interletra","tag-sistemas-2","tag-subtes","tag-tipografia","tag-transporte"],"jetpack_publicize_connections":[],"jetpack_featured_media_url":"https:\/\/www.catedracosgaya.com.ar\/tipoblog\/2018\/wp-content\/uploads\/2018\/06\/u7-37.jpg","jetpack_sharing_enabled":true,"jetpack_shortlink":"https:\/\/wp.me\/p9TJog-19Q","_links":{"self":[{"href":"https:\/\/www.catedracosgaya.com.ar\/tipoblog\/2018\/wp-json\/wp\/v2\/posts\/4454","targetHints":{"allow":["GET"]}}],"collection":[{"href":"https:\/\/www.catedracosgaya.com.ar\/tipoblog\/2018\/wp-json\/wp\/v2\/posts"}],"about":[{"href":"https:\/\/www.catedracosgaya.com.ar\/tipoblog\/2018\/wp-json\/wp\/v2\/types\/post"}],"author":[{"embeddable":true,"href":"https:\/\/www.catedracosgaya.com.ar\/tipoblog\/2018\/wp-json\/wp\/v2\/users\/31"}],"replies":[{"embeddable":true,"href":"https:\/\/www.catedracosgaya.com.ar\/tipoblog\/2018\/wp-json\/wp\/v2\/comments?post=4454"}],"version-history":[{"count":6,"href":"https:\/\/www.catedracosgaya.com.ar\/tipoblog\/2018\/wp-json\/wp\/v2\/posts\/4454\/revisions"}],"predecessor-version":[{"id":4484,"href":"https:\/\/www.catedracosgaya.com.ar\/tipoblog\/2018\/wp-json\/wp\/v2\/posts\/4454\/revisions\/4484"}],"wp:featuredmedia":[{"embeddable":true,"href":"https:\/\/www.catedracosgaya.com.ar\/tipoblog\/2018\/wp-json\/wp\/v2\/media\/4478"}],"wp:attachment":[{"href":"https:\/\/www.catedracosgaya.com.ar\/tipoblog\/2018\/wp-json\/wp\/v2\/media?parent=4454"}],"wp:term":[{"taxonomy":"category","embeddable":true,"href":"https:\/\/www.catedracosgaya.com.ar\/tipoblog\/2018\/wp-json\/wp\/v2\/categories?post=4454"},{"taxonomy":"post_tag","embeddable":true,"href":"https:\/\/www.catedracosgaya.com.ar\/tipoblog\/2018\/wp-json\/wp\/v2\/tags?post=4454"}],"curies":[{"name":"wp","href":"https:\/\/api.w.org\/{rel}","templated":true}]}}