{"id":4398,"date":"2018-06-01T07:58:35","date_gmt":"2018-06-01T10:58:35","guid":{"rendered":"http:\/\/www.catedracosgaya.com.ar\/tipoblog\/2018\/?p=4398"},"modified":"2018-06-01T14:19:01","modified_gmt":"2018-06-01T17:19:01","slug":"tu-forma-de-ver-el-mundo","status":"publish","type":"post","link":"https:\/\/www.catedracosgaya.com.ar\/tipoblog\/2018\/tu-forma-de-ver-el-mundo\/","title":{"rendered":"Tu forma de ver el mundo"},"content":{"rendered":"<p>Puede que sea solamente una idea remota que ha pasado por mi cabeza (en mas de una oportunidad), pero a medida que van pasando los a\u00f1os uno se pone mas obsesivo, mas compenetrado en lo que nos apasiona, nos aborda una cierta &#8220;<em>man\u00eda compulsiva<\/em>&#8220;. Bueno, el que estamos un poco locos es algo que podemos dar por sentado a esta altura, pero todos podemos concordar que ciertos detalles, ciertos conceptos son cada vez mas y mas importantes.<\/p>\n<p>Desde el punto de vista de un lector mas, hay cuestiones que bastante alejadas de parecer triviales; pueden hacer que adquiera o no, o compre o no un libro que su contenido me interese por el simple hecho que es algo que no condice con lo que &#8220;<em>dice ser<\/em>&#8220;. El famoso &#8220;<em>juzgar un libro por su portada<\/em>&#8220;.<\/p>\n<p>Entre esas cuestiones de la bendita y tan amada &#8220;<em>edici\u00f3n<\/em>&#8220;, la tipograf\u00eda como tal posee un papel fundamental. Entonces, podr\u00edamos afirmar que la tipograf\u00eda es algo que; mientras mas inadvertida pase, mejor. Esto puede ser un claro ejemplo de que esta haciendo bien su trabajo.<\/p>\n<blockquote><p><em>&#8220;&#8230; The spoon and the letter are tools; one to take food from the bowl, the other to take information off the page&#8230; When it is a good design, the reader has to feel comfortable because the letter is both banal and beautiful<\/em>.&#8221;<br \/>\n&#8211; A. Frutiger<\/p><\/blockquote>\n<p>\u201c&#8230; La cuchara y la letra son herramientas; la primera para tomar comida del plato, la segunda para obtener informaci\u00f3n de la p\u00e1gina. Cuando un dise\u00f1o es bueno, el lector puede sentirse c\u00f3modo y para ello la letra ha de ser a la vez trivial y bella\u201d. Una tipograf\u00eda err\u00f3nea puede alejar al lector, porque la forma y lo que ello cuenta, en este caso, est\u00e1n unidos de forma casi inseparable. H. Combs (una de las lideres mas representativas del enfrentamiento por sobre la fuente tipogr\u00e1fica mas atacada de la historia), por su parte y tambi\u00e9n en la misma linea, compara el uso de una tipograf\u00eda incorrecta con presentarse a una cena formal vestido de payaso.<\/p>\n<p><img loading=\"lazy\" decoding=\"async\" data-attachment-id=\"4425\" data-permalink=\"https:\/\/www.catedracosgaya.com.ar\/tipoblog\/2018\/tu-forma-de-ver-el-mundo\/index\/\" data-orig-file=\"https:\/\/www.catedracosgaya.com.ar\/tipoblog\/2018\/wp-content\/uploads\/2018\/06\/index.jpg\" data-orig-size=\"259,194\" data-comments-opened=\"0\" data-image-meta=\"{&quot;aperture&quot;:&quot;0&quot;,&quot;credit&quot;:&quot;&quot;,&quot;camera&quot;:&quot;&quot;,&quot;caption&quot;:&quot;&quot;,&quot;created_timestamp&quot;:&quot;0&quot;,&quot;copyright&quot;:&quot;&quot;,&quot;focal_length&quot;:&quot;0&quot;,&quot;iso&quot;:&quot;0&quot;,&quot;shutter_speed&quot;:&quot;0&quot;,&quot;title&quot;:&quot;&quot;,&quot;orientation&quot;:&quot;0&quot;}\" data-image-title=\"index\" data-image-description=\"\" data-image-caption=\"\" data-large-file=\"https:\/\/www.catedracosgaya.com.ar\/tipoblog\/2018\/wp-content\/uploads\/2018\/06\/index.jpg\" class=\"wp-image-4425 aligncenter\" src=\"http:\/\/www.catedracosgaya.com.ar\/tipoblog\/2018\/wp-content\/uploads\/2018\/06\/index.jpg\" alt=\"\" width=\"360\" height=\"270\" \/><\/p>\n<p>A esto, estoy refiri\u00e9ndome claramente a la <strong>Comic Sans<\/strong>.<br \/>\nLa fuente fue creada en 1994 por Vincent Connare, (empleado de Microsoft) quien buscaba una fuente que se adapte mejor que la tambi\u00e9n famosa Times, destacando supuestamente su versatilidad por sobre todas las cosas. \u00bfLo habra logrado?<\/p>\n<blockquote><p>&#8220;Debido a su car\u00e1cter irreverente e ingenuo, quiz\u00e1 pareciese m\u00e1s adecuada para encabezar un trabajo escolar que otro tipo de letra m\u00e1s formal.&#8221;<\/p><\/blockquote>\n<p>El inconveniente surge ya que fue que al poco tiempo comenz\u00f3 a aparecer en otras partes: publicidad, ambulancias, l\u00e1pidas, textos de uso legal, grafica de uso comercial, sistemas usados por bancos y toda una gama de lugares inapropiados para una letra tan infantil.<\/p>\n<p>Esto tambi\u00e9n comenz\u00f3 y genero &#8220;<em>una ofensiva en su contra marcada fuertemente en un odio cibern\u00e9tico&#8221;<\/em> hacia la fuente en un movimiento iniciado por Holly y Dave Combs, llamado <strong>Ban Comic Sans<\/strong> (\u201cProh\u00edban Comic Sans\u201d).<\/p>\n<p>En muchas y reiteradas ocasiones, podemos destacar que puede que destacase su uso indebido o de desmerecer el concepto tratado por un texto, la tipograf\u00eda ha derivado en much\u00edsimos inconvenientes a la hora de destacar la seriedad de un tema en cuesti\u00f3n. Ejemplos varios y celebres a ellos pueden incluir: el \u00e1lbum de despedida del Papa Benedicto XVI, sitios web que detallan su correcto uso\u00a0 (<strong><a href=\"http:\/\/www.comicsanscriminal.com\/\">Comic Sans Criminal<\/a><\/strong>); y proyectos ambiciosos que buscan re-configurar todo sistema gr\u00e1fico acorde a la infame tipograf\u00eda (<a href=\"http:\/\/comicsansproject.tumblr.com\/\"><strong>Comic Sans Project<\/strong><\/a>).<\/p>\n<p><img loading=\"lazy\" decoding=\"async\" data-attachment-id=\"4428\" data-permalink=\"https:\/\/www.catedracosgaya.com.ar\/tipoblog\/2018\/tu-forma-de-ver-el-mundo\/f24\/\" data-orig-file=\"https:\/\/www.catedracosgaya.com.ar\/tipoblog\/2018\/wp-content\/uploads\/2018\/06\/f24.png\" data-orig-size=\"635,175\" data-comments-opened=\"0\" data-image-meta=\"{&quot;aperture&quot;:&quot;0&quot;,&quot;credit&quot;:&quot;&quot;,&quot;camera&quot;:&quot;&quot;,&quot;caption&quot;:&quot;&quot;,&quot;created_timestamp&quot;:&quot;0&quot;,&quot;copyright&quot;:&quot;&quot;,&quot;focal_length&quot;:&quot;0&quot;,&quot;iso&quot;:&quot;0&quot;,&quot;shutter_speed&quot;:&quot;0&quot;,&quot;title&quot;:&quot;&quot;,&quot;orientation&quot;:&quot;0&quot;}\" data-image-title=\"f24\" data-image-description=\"\" data-image-caption=\"\" data-large-file=\"https:\/\/www.catedracosgaya.com.ar\/tipoblog\/2018\/wp-content\/uploads\/2018\/06\/f24.png\" class=\" wp-image-4428 aligncenter\" src=\"http:\/\/www.catedracosgaya.com.ar\/tipoblog\/2018\/wp-content\/uploads\/2018\/06\/f24-300x83.png\" alt=\"\" width=\"456\" height=\"110\" \/><\/p>\n<p>Entonces, ahora que &#8220;<em>todos somos grandes<\/em>&#8221; y todos conocemos su debida forma de uso, \u00bfquien esta dispuesto a admitir los cr\u00edmenes ha cometido como dise\u00f1ador, usando Comic Sans como el arma homicida? Seguramente la usamos para destacar una s\u00e1tira o una burla, cosas muy inocentes. Quiz\u00e1 esto demuestre una forma de mirar lo que nos rodea.<\/p>\n<p>Nuestra visi\u00f3n como dise\u00f1adores y nuestra mirada quiz\u00e1 tenga un calibre, un &#8220;<em>toc<\/em>&#8221; mayor a la hora de detectar irregularidades al estar tan acostumbrados al uso de fuentes, y de an\u00e1lisis de puestas. Pero ante el ojo no entrenado, y tambi\u00e9n su grado de popularidad, esto derivase en lo que nosotros vivimos hoy en d\u00eda: Es una forma de ver.<\/p>\n<p>Quiz\u00e1 este mal, quiz\u00e1 este bien y tal vez en promedio su uso sea indebido en el 99% de los casos, pero no hay nadie que pueda negar que Comic Sans; con esos caracteres tan peculiares, ha hecho historia.<\/p>\n<p><img loading=\"lazy\" decoding=\"async\" data-attachment-id=\"4429\" data-permalink=\"https:\/\/www.catedracosgaya.com.ar\/tipoblog\/2018\/tu-forma-de-ver-el-mundo\/2fb\/\" data-orig-file=\"https:\/\/www.catedracosgaya.com.ar\/tipoblog\/2018\/wp-content\/uploads\/2018\/06\/2fb.png\" data-orig-size=\"680,566\" data-comments-opened=\"0\" data-image-meta=\"{&quot;aperture&quot;:&quot;0&quot;,&quot;credit&quot;:&quot;&quot;,&quot;camera&quot;:&quot;&quot;,&quot;caption&quot;:&quot;&quot;,&quot;created_timestamp&quot;:&quot;0&quot;,&quot;copyright&quot;:&quot;&quot;,&quot;focal_length&quot;:&quot;0&quot;,&quot;iso&quot;:&quot;0&quot;,&quot;shutter_speed&quot;:&quot;0&quot;,&quot;title&quot;:&quot;&quot;,&quot;orientation&quot;:&quot;0&quot;}\" data-image-title=\"2fb\" data-image-description=\"\" data-image-caption=\"\" data-large-file=\"https:\/\/www.catedracosgaya.com.ar\/tipoblog\/2018\/wp-content\/uploads\/2018\/06\/2fb.png\" class=\"size-medium wp-image-4429 aligncenter\" src=\"http:\/\/www.catedracosgaya.com.ar\/tipoblog\/2018\/wp-content\/uploads\/2018\/06\/2fb-300x250.png\" alt=\"\" width=\"300\" height=\"250\" srcset=\"https:\/\/www.catedracosgaya.com.ar\/tipoblog\/2018\/wp-content\/uploads\/2018\/06\/2fb-300x250.png 300w, https:\/\/www.catedracosgaya.com.ar\/tipoblog\/2018\/wp-content\/uploads\/2018\/06\/2fb.png 680w\" sizes=\"auto, (max-width: 300px) 100vw, 300px\" \/><\/p>\n","protected":false},"excerpt":{"rendered":"<p>La tipograf\u00eda que elegimos dice mucho de nuestros gustos y nuestro car\u00e1cter, de quienes somos y donde estamos parados. Esto tambi\u00e9n habla nuestra forma de ser y por supuesto tambi\u00e9n detalla nuestra forma de ver el mundo. &#8220;Sobre gustos, no hay nada escrito&#8221;; dice el dicho, mucho menos cuando despu\u00e9s de tantos a\u00f1os uno quiere defender &#8220;lo indefendible&#8221;.<\/p>\n","protected":false},"author":29,"featured_media":4431,"comment_status":"closed","ping_status":"closed","sticky":false,"template":"","format":"standard","meta":{"jetpack_post_was_ever_published":false,"_jetpack_newsletter_access":"","_jetpack_dont_email_post_to_subs":false,"_jetpack_newsletter_tier_id":0,"_jetpack_memberships_contains_paywalled_content":false,"_jetpack_memberships_contains_paid_content":false,"footnotes":"","jetpack_publicize_message":"Tu forma de ver el mundo  #\u200eTipoblog #Tipograf&iacute;a2 #C&aacute;tedraCosgaya #\u200eFADU #\u200eUBA","jetpack_publicize_feature_enabled":true,"jetpack_social_post_already_shared":true,"jetpack_social_options":{"image_generator_settings":{"template":"highway","default_image_id":0,"font":"","enabled":false},"version":2}},"categories":[27,29,24],"tags":[],"class_list":["post-4398","post","type-post","status-publish","format-standard","has-post-thumbnail","hentry","category-cultura","category-historia","category-sociedad"],"jetpack_publicize_connections":[],"jetpack_featured_media_url":"https:\/\/www.catedracosgaya.com.ar\/tipoblog\/2018\/wp-content\/uploads\/2018\/06\/flat1000x1000075f.jpg","jetpack_sharing_enabled":true,"jetpack_shortlink":"https:\/\/wp.me\/p9TJog-18W","_links":{"self":[{"href":"https:\/\/www.catedracosgaya.com.ar\/tipoblog\/2018\/wp-json\/wp\/v2\/posts\/4398","targetHints":{"allow":["GET"]}}],"collection":[{"href":"https:\/\/www.catedracosgaya.com.ar\/tipoblog\/2018\/wp-json\/wp\/v2\/posts"}],"about":[{"href":"https:\/\/www.catedracosgaya.com.ar\/tipoblog\/2018\/wp-json\/wp\/v2\/types\/post"}],"author":[{"embeddable":true,"href":"https:\/\/www.catedracosgaya.com.ar\/tipoblog\/2018\/wp-json\/wp\/v2\/users\/29"}],"replies":[{"embeddable":true,"href":"https:\/\/www.catedracosgaya.com.ar\/tipoblog\/2018\/wp-json\/wp\/v2\/comments?post=4398"}],"version-history":[{"count":9,"href":"https:\/\/www.catedracosgaya.com.ar\/tipoblog\/2018\/wp-json\/wp\/v2\/posts\/4398\/revisions"}],"predecessor-version":[{"id":4434,"href":"https:\/\/www.catedracosgaya.com.ar\/tipoblog\/2018\/wp-json\/wp\/v2\/posts\/4398\/revisions\/4434"}],"wp:featuredmedia":[{"embeddable":true,"href":"https:\/\/www.catedracosgaya.com.ar\/tipoblog\/2018\/wp-json\/wp\/v2\/media\/4431"}],"wp:attachment":[{"href":"https:\/\/www.catedracosgaya.com.ar\/tipoblog\/2018\/wp-json\/wp\/v2\/media?parent=4398"}],"wp:term":[{"taxonomy":"category","embeddable":true,"href":"https:\/\/www.catedracosgaya.com.ar\/tipoblog\/2018\/wp-json\/wp\/v2\/categories?post=4398"},{"taxonomy":"post_tag","embeddable":true,"href":"https:\/\/www.catedracosgaya.com.ar\/tipoblog\/2018\/wp-json\/wp\/v2\/tags?post=4398"}],"curies":[{"name":"wp","href":"https:\/\/api.w.org\/{rel}","templated":true}]}}