{"id":4332,"date":"2018-05-30T09:24:02","date_gmt":"2018-05-30T12:24:02","guid":{"rendered":"http:\/\/www.catedracosgaya.com.ar\/tipoblog\/2018\/?p=4332"},"modified":"2018-05-30T10:08:03","modified_gmt":"2018-05-30T13:08:03","slug":"el-diseno-arruino-mi-vida","status":"publish","type":"post","link":"https:\/\/www.catedracosgaya.com.ar\/tipoblog\/2018\/el-diseno-arruino-mi-vida\/","title":{"rendered":"El dise\u00f1o arruin\u00f3 mi vida"},"content":{"rendered":"<p>Hubo un momento en el que pod\u00eda ir por la vida sin cuestionarme ciertas cosas, simplemente porque desconoc\u00eda su funcionamiento interno, o simplemente por descuido, quiz\u00e1s. Pero en el proceso de aprendizaje, uno va redescubriendo el mundo, y comienza a cuestionarlo.<\/p>\n<p>Desde que comenc\u00e9 a estudiar dise\u00f1o, percib\u00ed los defectos que las pel\u00edculas pose\u00edan, desde encuadres mal hechos, hasta \u00e1ngulos de filmaci\u00f3n poco interesantes. Claro est\u00e1 que \u00e9sta es mi percepci\u00f3n. En cuanto a lo que concierne a la tipograf\u00eda del cine, hay afiches que me empezaron a despertar cierto rechazo, como el de <em>TERMINATOR, <\/em>que antes era perfecto para m\u00ed, pero ahora no dejo de ver un &#8220;buraco&#8221; entre la <em>A<\/em> y la <em>T<\/em>, y cuando antes eran simples letras del t\u00edtulo, ahora las llamo &#8220;el par cr\u00edtico&#8221;. <strong>Qu\u00e9 me paso?!<\/strong><\/p>\n<p><img loading=\"lazy\" decoding=\"async\" data-attachment-id=\"4334\" data-permalink=\"https:\/\/www.catedracosgaya.com.ar\/tipoblog\/2018\/el-diseno-arruino-mi-vida\/attachment\/2\/\" data-orig-file=\"https:\/\/www.catedracosgaya.com.ar\/tipoblog\/2018\/wp-content\/uploads\/2018\/05\/2.jpg\" data-orig-size=\"580,158\" data-comments-opened=\"0\" data-image-meta=\"{&quot;aperture&quot;:&quot;0&quot;,&quot;credit&quot;:&quot;&quot;,&quot;camera&quot;:&quot;&quot;,&quot;caption&quot;:&quot;&quot;,&quot;created_timestamp&quot;:&quot;0&quot;,&quot;copyright&quot;:&quot;&quot;,&quot;focal_length&quot;:&quot;0&quot;,&quot;iso&quot;:&quot;0&quot;,&quot;shutter_speed&quot;:&quot;0&quot;,&quot;title&quot;:&quot;&quot;,&quot;orientation&quot;:&quot;0&quot;}\" data-image-title=\"2\" data-image-description=\"\" data-image-caption=\"\" data-large-file=\"https:\/\/www.catedracosgaya.com.ar\/tipoblog\/2018\/wp-content\/uploads\/2018\/05\/2.jpg\" class=\"alignnone wp-image-4334\" src=\"http:\/\/www.catedracosgaya.com.ar\/tipoblog\/2018\/wp-content\/uploads\/2018\/05\/2-300x82.jpg\" alt=\"\" width=\"449\" height=\"122\" srcset=\"https:\/\/www.catedracosgaya.com.ar\/tipoblog\/2018\/wp-content\/uploads\/2018\/05\/2-300x82.jpg 300w, https:\/\/www.catedracosgaya.com.ar\/tipoblog\/2018\/wp-content\/uploads\/2018\/05\/2.jpg 580w\" sizes=\"auto, (max-width: 449px) 100vw, 449px\" \/><\/p>\n<p>\u00c9sto me sucede tambi\u00e9n con la intro de <em>STAR WARS<\/em>, esa intro plagiada de <em>FLASH GORDON<\/em>, en la que el texto se hund\u00eda en la pantalla, tan elegante y con un toque futur\u00edstico espacial (si, todo eso), pero que ahora ya no lo es! El dise\u00f1o me lo robo, de golpe empec\u00e9 a ver que ese texto ya no era tal cosa, sino que se volvi\u00f3 un tumulto de palabras ilegibles, lleno de cosas raras que ahora llamo &#8220;r\u00edos&#8221;, a la vez que la tipograf\u00eda se deforma horriblemente en ese viaje al infinito. Otro afiche de pel\u00edcula, <em>GATO SOBRE EL TEJADO CALIENTE<\/em>, que antes resultaba completamente legible para mi, ahora ya no lo es: <em>&#8220;CAT ON A HOT&#8230; &#8220;<\/em>\u00a0que\u00a0ahora se lee <em>&#8220;CAT ON A CHOT&#8230; &#8220;<\/em>.<\/p>\n<p><img loading=\"lazy\" decoding=\"async\" data-attachment-id=\"4333\" data-permalink=\"https:\/\/www.catedracosgaya.com.ar\/tipoblog\/2018\/el-diseno-arruino-mi-vida\/attachment\/3\/\" data-orig-file=\"https:\/\/www.catedracosgaya.com.ar\/tipoblog\/2018\/wp-content\/uploads\/2018\/05\/3.jpg\" data-orig-size=\"383,417\" data-comments-opened=\"0\" data-image-meta=\"{&quot;aperture&quot;:&quot;0&quot;,&quot;credit&quot;:&quot;&quot;,&quot;camera&quot;:&quot;&quot;,&quot;caption&quot;:&quot;&quot;,&quot;created_timestamp&quot;:&quot;0&quot;,&quot;copyright&quot;:&quot;&quot;,&quot;focal_length&quot;:&quot;0&quot;,&quot;iso&quot;:&quot;0&quot;,&quot;shutter_speed&quot;:&quot;0&quot;,&quot;title&quot;:&quot;&quot;,&quot;orientation&quot;:&quot;0&quot;}\" data-image-title=\"3\" data-image-description=\"\" data-image-caption=\"\" data-large-file=\"https:\/\/www.catedracosgaya.com.ar\/tipoblog\/2018\/wp-content\/uploads\/2018\/05\/3.jpg\" class=\"alignnone wp-image-4333\" src=\"http:\/\/www.catedracosgaya.com.ar\/tipoblog\/2018\/wp-content\/uploads\/2018\/05\/3-276x300.jpg\" alt=\"\" width=\"410\" height=\"446\" srcset=\"https:\/\/www.catedracosgaya.com.ar\/tipoblog\/2018\/wp-content\/uploads\/2018\/05\/3-276x300.jpg 276w, https:\/\/www.catedracosgaya.com.ar\/tipoblog\/2018\/wp-content\/uploads\/2018\/05\/3.jpg 383w\" sizes=\"auto, (max-width: 410px) 100vw, 410px\" \/><\/p>\n<p>\u00c9ste &#8220;antes y despu\u00e9s&#8221; no se limita al cine, tambi\u00e9n est\u00e1 en la calle: desde dise\u00f1os hechos por sus propios due\u00f1os, hasta grandes empresas que subestiman los criterios de la tipograf\u00eda. De hecho, no hace mucho, me tope con un local, y me cost\u00f3 descifrar a qu\u00e9 rubro pertenec\u00eda. Supongo que era una &#8220;Diet\u00e9tica&#8221;&#8230; o una &#8220;Deeiactti&#8221;, pero bue, les dejo la foto en la portada del post, tal vez me puedan ayudar.<\/p>\n<p>Por culpa del dise\u00f1o, me horrorizan cosas que antes no, pero al igual que en la <em>alegor\u00eda de la caverna, <\/em>una vez visto el &#8220;mundo&#8221;, dif\u00edcil es ya olvidarlo, dif\u00edcil es verlo con ojos viejos.<\/p>\n","protected":false},"excerpt":{"rendered":"<p>Hay eventos en la vida que marcan un &#8220;antes y despu\u00e9s&#8221;. Muchas veces \u00e9ste l\u00edmite es bien definido y preciso, pero otras veces no lo es&#8230; en \u00e9ste \u00faltimo sentido, el dise\u00f1o no fue la excepci\u00f3n. <\/p>\n","protected":false},"author":15,"featured_media":4335,"comment_status":"closed","ping_status":"closed","sticky":false,"template":"","format":"standard","meta":{"jetpack_post_was_ever_published":false,"_jetpack_newsletter_access":"","_jetpack_dont_email_post_to_subs":false,"_jetpack_newsletter_tier_id":0,"_jetpack_memberships_contains_paywalled_content":false,"_jetpack_memberships_contains_paid_content":false,"footnotes":"","jetpack_publicize_message":"El dise\u00f1o arruin\u00f3 mi vida  #\u200eTipoblog #Tipograf&iacute;a2 #C&aacute;tedraCosgaya #\u200eFADU #\u200eUBA","jetpack_publicize_feature_enabled":true,"jetpack_social_post_already_shared":true,"jetpack_social_options":{"image_generator_settings":{"template":"highway","default_image_id":0,"font":"","enabled":false},"version":2}},"categories":[27,20,24],"tags":[],"class_list":["post-4332","post","type-post","status-publish","format-standard","has-post-thumbnail","hentry","category-cultura","category-educacion","category-sociedad"],"jetpack_publicize_connections":[],"jetpack_featured_media_url":"https:\/\/www.catedracosgaya.com.ar\/tipoblog\/2018\/wp-content\/uploads\/2018\/05\/1.png","jetpack_sharing_enabled":true,"jetpack_shortlink":"https:\/\/wp.me\/p9TJog-17S","_links":{"self":[{"href":"https:\/\/www.catedracosgaya.com.ar\/tipoblog\/2018\/wp-json\/wp\/v2\/posts\/4332","targetHints":{"allow":["GET"]}}],"collection":[{"href":"https:\/\/www.catedracosgaya.com.ar\/tipoblog\/2018\/wp-json\/wp\/v2\/posts"}],"about":[{"href":"https:\/\/www.catedracosgaya.com.ar\/tipoblog\/2018\/wp-json\/wp\/v2\/types\/post"}],"author":[{"embeddable":true,"href":"https:\/\/www.catedracosgaya.com.ar\/tipoblog\/2018\/wp-json\/wp\/v2\/users\/15"}],"replies":[{"embeddable":true,"href":"https:\/\/www.catedracosgaya.com.ar\/tipoblog\/2018\/wp-json\/wp\/v2\/comments?post=4332"}],"version-history":[{"count":9,"href":"https:\/\/www.catedracosgaya.com.ar\/tipoblog\/2018\/wp-json\/wp\/v2\/posts\/4332\/revisions"}],"predecessor-version":[{"id":4344,"href":"https:\/\/www.catedracosgaya.com.ar\/tipoblog\/2018\/wp-json\/wp\/v2\/posts\/4332\/revisions\/4344"}],"wp:featuredmedia":[{"embeddable":true,"href":"https:\/\/www.catedracosgaya.com.ar\/tipoblog\/2018\/wp-json\/wp\/v2\/media\/4335"}],"wp:attachment":[{"href":"https:\/\/www.catedracosgaya.com.ar\/tipoblog\/2018\/wp-json\/wp\/v2\/media?parent=4332"}],"wp:term":[{"taxonomy":"category","embeddable":true,"href":"https:\/\/www.catedracosgaya.com.ar\/tipoblog\/2018\/wp-json\/wp\/v2\/categories?post=4332"},{"taxonomy":"post_tag","embeddable":true,"href":"https:\/\/www.catedracosgaya.com.ar\/tipoblog\/2018\/wp-json\/wp\/v2\/tags?post=4332"}],"curies":[{"name":"wp","href":"https:\/\/api.w.org\/{rel}","templated":true}]}}