{"id":4312,"date":"2018-05-29T18:29:10","date_gmt":"2018-05-29T21:29:10","guid":{"rendered":"http:\/\/www.catedracosgaya.com.ar\/tipoblog\/2018\/?p=4312"},"modified":"2018-05-29T18:29:10","modified_gmt":"2018-05-29T21:29:10","slug":"pixar-e-humano","status":"publish","type":"post","link":"https:\/\/www.catedracosgaya.com.ar\/tipoblog\/2018\/pixar-e-humano\/","title":{"rendered":"PIXAR \u00c9 HUMANO"},"content":{"rendered":"<h4>P\u00a0 I\u00a0 X\u00a0 A\u00a0 \u00c7\u00a0\u00a0\u00c3\u00a0 O<\/p>\n<p>Sao Paulo (Brasil) es una metr\u00f3polis de 21 millones de habitantes, centenares de anchas avenidas y un n\u00famero incontable de edificios que superan la treintena de niveles. Tambi\u00e9n, o quiz\u00e1s por eso, es un mural sin l\u00edmites para unas bandas oriundas de esta urbe que graffitean cada rinc\u00f3n de la ciudad con su genuina y monocrom\u00e1tica tipograf\u00eda. Se llaman pixadores (Pichadores). El\u00a0pixa\u00e7\u00e3o (Pichaz\u00e1o), su estilo, cumple la paradoja de ser su manera de jugarse la vida, y a su vez, su m\u00e1s valiosa raz\u00f3n para vivirla.<\/h4>\n<p><span id=\"more-87625\"><\/span>Se hace dif\u00edcil dar un paseo por este gigante sudamericano sin toparse con cientos de estos escritos por todos los rincones donde uno mire. Muros, balcones, puentes, t\u00faneles, cornisas, vallas, monumentos, tableros de canastas, fachadas de comisar\u00edas y hasta en inveros\u00edmiles paredes planas de decenas de metros de altura. No importa lo inaccesible que sea el espont\u00e1neo lienzo, un pixador, llega.<\/p>\n<div data-carousel-extra='{&quot;blog_id&quot;:1,&quot;permalink&quot;:&quot;https:\/\/www.catedracosgaya.com.ar\/tipoblog\/2018\/pixar-e-humano\/&quot;}' id='gallery-1' class='gallery galleryid-4312 gallery-columns-1 gallery-size-full'><figure class='gallery-item'>\n\t\t\t<div class='gallery-icon portrait'>\n\t\t\t\t<a href='https:\/\/www.catedracosgaya.com.ar\/tipoblog\/2018\/pixar-e-humano\/tumblr_p35g2fzzq91u57tuso1_500\/'><img loading=\"lazy\" decoding=\"async\" width=\"498\" height=\"750\" src=\"https:\/\/www.catedracosgaya.com.ar\/tipoblog\/2018\/wp-content\/uploads\/2018\/05\/tumblr_p35g2fzzq91u57tuso1_500.jpg\" class=\"attachment-full size-full\" alt=\"\" srcset=\"https:\/\/www.catedracosgaya.com.ar\/tipoblog\/2018\/wp-content\/uploads\/2018\/05\/tumblr_p35g2fzzq91u57tuso1_500.jpg 498w, https:\/\/www.catedracosgaya.com.ar\/tipoblog\/2018\/wp-content\/uploads\/2018\/05\/tumblr_p35g2fzzq91u57tuso1_500-199x300.jpg 199w\" sizes=\"auto, (max-width: 498px) 100vw, 498px\" data-attachment-id=\"4314\" data-permalink=\"https:\/\/www.catedracosgaya.com.ar\/tipoblog\/2018\/pixar-e-humano\/tumblr_p35g2fzzq91u57tuso1_500\/\" data-orig-file=\"https:\/\/www.catedracosgaya.com.ar\/tipoblog\/2018\/wp-content\/uploads\/2018\/05\/tumblr_p35g2fzzq91u57tuso1_500.jpg\" data-orig-size=\"498,750\" data-comments-opened=\"0\" data-image-meta=\"{&quot;aperture&quot;:&quot;0&quot;,&quot;credit&quot;:&quot;&quot;,&quot;camera&quot;:&quot;&quot;,&quot;caption&quot;:&quot;&quot;,&quot;created_timestamp&quot;:&quot;0&quot;,&quot;copyright&quot;:&quot;&quot;,&quot;focal_length&quot;:&quot;0&quot;,&quot;iso&quot;:&quot;0&quot;,&quot;shutter_speed&quot;:&quot;0&quot;,&quot;title&quot;:&quot;&quot;,&quot;orientation&quot;:&quot;1&quot;}\" data-image-title=\"tumblr_p35g2fzzq91u57tuso1_500\" data-image-description=\"\" data-image-caption=\"\" data-large-file=\"https:\/\/www.catedracosgaya.com.ar\/tipoblog\/2018\/wp-content\/uploads\/2018\/05\/tumblr_p35g2fzzq91u57tuso1_500.jpg\" \/><\/a>\n\t\t\t<\/div><\/figure>\n\t\t<\/div>\n\n<p>El\u00a0<em>pixa\u00e7\u00e3o<\/em>\u00a0naci\u00f3 en Sao Paulo en los a\u00f1os 80 como un modo de expresi\u00f3n gr\u00e1fica urbana que tomaba el testigo de las pintadas protestatarias de los a\u00f1os 60, cuando grupos sindicales decoraban la urbe a base de tinta durante la dictadura militar brasile\u00f1a. Se trata de mensajes monocolor, escritos con una tipograf\u00eda propia, que recuerdan a las letras picudas de los alfabetos b\u00e1rbaros que se utilizan en las portadas de muchos discos heavy metal. Escaleras humanas, tuber\u00edas colgantes, alargadores caseros para plasmar la pintura. Ning\u00fan riesgo es demasiado para ejecutar esta modalidad pict\u00f3rica.<\/p>\n<p>El mensaje en aquellas marcas generalmente denuncia la pobreza y desigualdad, aunque en muchos casos son s\u00f3lo los nombres y sobrenombres de los autores y sus bandas. Pero lo que prevalece y sobresale es el estilo y la est\u00e9tica unitaria de todo el movimiento, pues se trata de una especial y \u00fanica caligraf\u00eda que deliberadamente crea una suerte de m\u00e1scaras gr\u00e1ficas que los hace poseer el espacio de una manera singular.<\/p>\n<p>No hay manera que los transe\u00fantes no vean estas huellas, est\u00e1n siempre presentes dada la magnitud del fen\u00f3meno se crean verdaderas unidades est\u00e9ticas que poco a poco se han vuelto parte del entorno citadino.<\/p>\n<p><img loading=\"lazy\" decoding=\"async\" data-attachment-id=\"4315\" data-permalink=\"https:\/\/www.catedracosgaya.com.ar\/tipoblog\/2018\/pixar-e-humano\/tumblr_mn5g9762wc1r1vyrko1_400\/\" data-orig-file=\"https:\/\/www.catedracosgaya.com.ar\/tipoblog\/2018\/wp-content\/uploads\/2018\/05\/tumblr_mn5g9762wc1r1vyrko1_400.jpg\" data-orig-size=\"375,500\" data-comments-opened=\"0\" data-image-meta=\"{&quot;aperture&quot;:&quot;0&quot;,&quot;credit&quot;:&quot;&quot;,&quot;camera&quot;:&quot;&quot;,&quot;caption&quot;:&quot;&quot;,&quot;created_timestamp&quot;:&quot;0&quot;,&quot;copyright&quot;:&quot;&quot;,&quot;focal_length&quot;:&quot;0&quot;,&quot;iso&quot;:&quot;0&quot;,&quot;shutter_speed&quot;:&quot;0&quot;,&quot;title&quot;:&quot;&quot;,&quot;orientation&quot;:&quot;0&quot;}\" data-image-title=\"tumblr_mn5g9762wc1r1vyrko1_400\" data-image-description=\"\" data-image-caption=\"\" data-large-file=\"https:\/\/www.catedracosgaya.com.ar\/tipoblog\/2018\/wp-content\/uploads\/2018\/05\/tumblr_mn5g9762wc1r1vyrko1_400.jpg\" class=\"alignnone wp-image-4315\" src=\"http:\/\/www.catedracosgaya.com.ar\/tipoblog\/2018\/wp-content\/uploads\/2018\/05\/tumblr_mn5g9762wc1r1vyrko1_400-225x300.jpg\" alt=\"\" width=\"314\" height=\"419\" srcset=\"https:\/\/www.catedracosgaya.com.ar\/tipoblog\/2018\/wp-content\/uploads\/2018\/05\/tumblr_mn5g9762wc1r1vyrko1_400-225x300.jpg 225w, https:\/\/www.catedracosgaya.com.ar\/tipoblog\/2018\/wp-content\/uploads\/2018\/05\/tumblr_mn5g9762wc1r1vyrko1_400.jpg 375w\" sizes=\"auto, (max-width: 314px) 100vw, 314px\" \/><\/p>\n<p>Busca romper con la est\u00e9tica\u00a0<i>graffitera<\/i>\u00a0de Nueva York. El\u00a0<i>graffiti<\/i>, en principio, es bien elaborado y est\u00e9tico, siendo aceptado como una forma de expresi\u00f3n art\u00edstica contempor\u00e1nea, adem\u00e1s de ser promovido y aceptado por el gobierno brasile\u00f1o.\u00a0La\u00a0pixa\u00e7\u00e3o\u00a0ha tenido una respuesta contraria debido a su fin de protesta. Es calificado como\u00a0vandalismo\u00a0y agresivo para el paisaje visual urbano. Su prohibici\u00f3n ha llegado a ser registrada en el art\u00edculo 65 de la ley brasile\u00f1a 9.605\/8 (Ley de Cr\u00edmenes Ambientales). En los envases de los aerosoles fueron obligados a llevar la etiqueta:\u00a0<i>\u00abPixa\u00e7\u00e3o \u00e9 crime\u00bb<\/i>.<\/p>\n<p>Sin embargo, el\u00a0<em>graffiti se\u00a0<\/em>\u00a0ha sido permitido por ley. Se realiz\u00f3 una alteraci\u00f3n de la ley de 1998 para clasificarlo como un movimiento que tiene como objetivo principal valorizar el patrimonio cultural p\u00fablico y privado mediante una manifestaci\u00f3n art\u00edstica popular. Por tanto, es legal.<\/p>\n<p><img loading=\"lazy\" decoding=\"async\" data-attachment-id=\"4313\" data-permalink=\"https:\/\/www.catedracosgaya.com.ar\/tipoblog\/2018\/pixar-e-humano\/tumblr_nqz0tb6ds01u83hqqo1_500\/\" data-orig-file=\"https:\/\/www.catedracosgaya.com.ar\/tipoblog\/2018\/wp-content\/uploads\/2018\/05\/tumblr_nqz0tb6ds01u83hqqo1_500.jpg\" data-orig-size=\"497,750\" data-comments-opened=\"0\" data-image-meta=\"{&quot;aperture&quot;:&quot;0&quot;,&quot;credit&quot;:&quot;&quot;,&quot;camera&quot;:&quot;&quot;,&quot;caption&quot;:&quot;&quot;,&quot;created_timestamp&quot;:&quot;0&quot;,&quot;copyright&quot;:&quot;&quot;,&quot;focal_length&quot;:&quot;0&quot;,&quot;iso&quot;:&quot;0&quot;,&quot;shutter_speed&quot;:&quot;0&quot;,&quot;title&quot;:&quot;&quot;,&quot;orientation&quot;:&quot;1&quot;}\" data-image-title=\"tumblr_nqz0tb6ds01u83hqqo1_500\" data-image-description=\"\" data-image-caption=\"\" data-large-file=\"https:\/\/www.catedracosgaya.com.ar\/tipoblog\/2018\/wp-content\/uploads\/2018\/05\/tumblr_nqz0tb6ds01u83hqqo1_500.jpg\" class=\"alignnone wp-image-4313\" src=\"http:\/\/www.catedracosgaya.com.ar\/tipoblog\/2018\/wp-content\/uploads\/2018\/05\/tumblr_nqz0tb6ds01u83hqqo1_500-199x300.jpg\" alt=\"\" width=\"311\" height=\"469\" srcset=\"https:\/\/www.catedracosgaya.com.ar\/tipoblog\/2018\/wp-content\/uploads\/2018\/05\/tumblr_nqz0tb6ds01u83hqqo1_500-199x300.jpg 199w, https:\/\/www.catedracosgaya.com.ar\/tipoblog\/2018\/wp-content\/uploads\/2018\/05\/tumblr_nqz0tb6ds01u83hqqo1_500.jpg 497w\" sizes=\"auto, (max-width: 311px) 100vw, 311px\" \/><\/p>\n<p>Paradojicamente numerosas marcas multinacionales se han apropiado de algo que pertenece a la calle para volcarlo hacia sus ganancias utilizando este estilo tipogr\u00e1fico en sus productos, tambi\u00e9n lo han llevado a galerias donde poco importa \u00a0lo real de esta practica, su significado, su esencia.<\/p>\n<p>Durante la 28a Bienal Internacional de Arte de Sao Paulo unos 40 j\u00f3venes pixadores aparecieron en el 26 de octubre de 2008, comenzaron a efectuar pixa\u00e7\u00e3o en las paredes del 2\u00b0 piso del edificio del pabell\u00f3n donde se desarrollaba la Bienal. Dicho piso estaba con las paredes en blanco, son obras art\u00edsticas, ya que era un espacio te\u00f3ricamente abierto a intervenciones art\u00edsticas libres. Adem\u00e1s de las firmas habituales, uno de los j\u00f3venes escribi\u00f3\u00a0<i>Abajo la dictadura<\/i>\u00a0criticando al arte contempor\u00e1neo\u00a0\u00a0<i>mainstream<\/i>.<\/p>\n<p>Una joven, Caroline Pivetta da Mota de 23 a\u00f1os, estuvo presa por m\u00e1s de 50 d\u00edas por haber participado en los incidentes. El hecho gener\u00f3 varias manifestaciones y reactiv\u00f3 la pol\u00e9mica sobre el acceso a la justicia por los m\u00e1s pobres, as\u00ed como sobre el valor art\u00edstico de la pixa\u00e7\u00e3o en el contexto del arte contempor\u00e1neo<\/p>\n<p>Mientras que para sus detractores la pixa\u00e7\u00e3o es simple vandalismo, sus defensores entienden que constituye un fen\u00f3meno art\u00edstico genuino y \u00fanico en el mundo. El fen\u00f3meno de la pixa\u00e7\u00e3o, m\u00e1s que aportar luces para una eventual respuesta definitiva, suma interrogantes que agrandan este inmenso e intrincado problema filos\u00f3fico y social.<\/p>\n<p>VIDEO<br \/>\n<a href=\"https:\/\/www.youtube.com\/watch?v=4ed9tjCM53s\" target=\"_blank\" rel=\"noopener\">PIXAR \u00c9 CRIME, PIXAR \u00c8 HUMANO<\/a><\/p>\n","protected":false},"excerpt":{"rendered":"<p>Letras, signos, n\u00fameros y c\u00f3digos son la particular respuesta a un sistema que reprime y excluye. En las alturas de las edificaciones de Sao Paulo nace el grito de una juventud marginada que esta dispuesta a dar la vida por hacerse ver. Solo se necesitan pinturas, rodillos, aerosoles y adrenalina para superar limites dentro del movimiento PIXA\u00c7\u00c3O.<\/p>\n","protected":false},"author":16,"featured_media":4316,"comment_status":"closed","ping_status":"closed","sticky":false,"template":"","format":"standard","meta":{"jetpack_post_was_ever_published":false,"_jetpack_newsletter_access":"","_jetpack_dont_email_post_to_subs":false,"_jetpack_newsletter_tier_id":0,"_jetpack_memberships_contains_paywalled_content":false,"_jetpack_memberships_contains_paid_content":false,"footnotes":"","jetpack_publicize_message":"PIXAR \u00c9 HUMANO  #\u200eTipoblog #Tipograf&iacute;a2 #C&aacute;tedraCosgaya #\u200eFADU #\u200eUBA","jetpack_publicize_feature_enabled":true,"jetpack_social_post_already_shared":true,"jetpack_social_options":{"image_generator_settings":{"template":"highway","default_image_id":0,"font":"","enabled":false},"version":2}},"categories":[26,27,24],"tags":[],"class_list":["post-4312","post","type-post","status-publish","format-standard","has-post-thumbnail","hentry","category-arte","category-cultura","category-sociedad"],"jetpack_publicize_connections":[],"jetpack_featured_media_url":"https:\/\/www.catedracosgaya.com.ar\/tipoblog\/2018\/wp-content\/uploads\/2018\/05\/tumblr_m2t7gnYCVX1ruro05o1_400.jpg","jetpack_sharing_enabled":true,"jetpack_shortlink":"https:\/\/wp.me\/p9TJog-17y","_links":{"self":[{"href":"https:\/\/www.catedracosgaya.com.ar\/tipoblog\/2018\/wp-json\/wp\/v2\/posts\/4312","targetHints":{"allow":["GET"]}}],"collection":[{"href":"https:\/\/www.catedracosgaya.com.ar\/tipoblog\/2018\/wp-json\/wp\/v2\/posts"}],"about":[{"href":"https:\/\/www.catedracosgaya.com.ar\/tipoblog\/2018\/wp-json\/wp\/v2\/types\/post"}],"author":[{"embeddable":true,"href":"https:\/\/www.catedracosgaya.com.ar\/tipoblog\/2018\/wp-json\/wp\/v2\/users\/16"}],"replies":[{"embeddable":true,"href":"https:\/\/www.catedracosgaya.com.ar\/tipoblog\/2018\/wp-json\/wp\/v2\/comments?post=4312"}],"version-history":[{"count":1,"href":"https:\/\/www.catedracosgaya.com.ar\/tipoblog\/2018\/wp-json\/wp\/v2\/posts\/4312\/revisions"}],"predecessor-version":[{"id":4317,"href":"https:\/\/www.catedracosgaya.com.ar\/tipoblog\/2018\/wp-json\/wp\/v2\/posts\/4312\/revisions\/4317"}],"wp:featuredmedia":[{"embeddable":true,"href":"https:\/\/www.catedracosgaya.com.ar\/tipoblog\/2018\/wp-json\/wp\/v2\/media\/4316"}],"wp:attachment":[{"href":"https:\/\/www.catedracosgaya.com.ar\/tipoblog\/2018\/wp-json\/wp\/v2\/media?parent=4312"}],"wp:term":[{"taxonomy":"category","embeddable":true,"href":"https:\/\/www.catedracosgaya.com.ar\/tipoblog\/2018\/wp-json\/wp\/v2\/categories?post=4312"},{"taxonomy":"post_tag","embeddable":true,"href":"https:\/\/www.catedracosgaya.com.ar\/tipoblog\/2018\/wp-json\/wp\/v2\/tags?post=4312"}],"curies":[{"name":"wp","href":"https:\/\/api.w.org\/{rel}","templated":true}]}}