{"id":4260,"date":"2018-05-24T12:57:25","date_gmt":"2018-05-24T15:57:25","guid":{"rendered":"http:\/\/www.catedracosgaya.com.ar\/tipoblog\/2018\/?p=4260"},"modified":"2018-05-24T12:57:25","modified_gmt":"2018-05-24T15:57:25","slug":"el-genio-maligno","status":"publish","type":"post","link":"https:\/\/www.catedracosgaya.com.ar\/tipoblog\/2018\/el-genio-maligno\/","title":{"rendered":"EL GENIO MALIGNO"},"content":{"rendered":"<p>24\/05\/2018:<\/p>\n<p>Veo el pulsor titilando en la pantalla y pienso\u2026 \u00bfQu\u00e9 significar\u00e1 eso? \u00bfMe est\u00e1 esperando? \u00bfSabe que no se ni por d\u00f3nde empezar? S\u00e9 que es lo que quiero decir, (o quiz\u00e1 no del todo) pero me es complejo hacerlo de esta manera. \u00bfC\u00f3mo comunicar para siempre a trav\u00e9s de algo escrito? Qu\u00e9 responsabilidad tan grande tenemos como dise\u00f1adores, <strong>COMUNICAR.<\/strong><\/p>\n<p>Creo que no tengo aun las certezas suficientes como para poder dejar registrado lo que pienso por escrito, tampoco tengo la practicidad de hacerlo. No es inseguridad, si no, que creo que somos seres en constante cambio y movimiento, que podemos hablar de cosas concretas estando instruidos y capacitados para hacerlo. Pero cuando se trata de opiniones tomo distancia en ver si realmente <em>pienso<\/em> lo que <em>pienso<\/em>, porque creo, que a veces mi cerebro me traiciona. Ser\u00eda lo que Descartes llam\u00f3 <em>&#8220;El Genio Maligno&#8221;<\/em>, versi\u00f3n 2018, rodeado de tecnolog\u00eda, estereotipos, contra estereotipos, influencers en Instagram, etc, etc, etc, etc, etc, etc. Pero no es tener pocos principios o ideales, sino que es la importancia de no aferrarme a las ideas y poder mutar en este mundo entendiendo que nada es como uno cree, si no que creemos como es la nada. Cualquier experiencia cotidiana, por m\u00e1s m\u00ednima que sea puede cambiar mi punto de vista respecto algo, lo importante es poder dejar llevar esos pensamientos, dejarlos equivocarse, que vuelvan a indagar, pero ser pasional y seguro al expresarlos. \u201cEsto es as\u00ed o asa\u201d aunque lo hago el 99% de las veces que me expreso, porque soy una convencida de lo que pienso, ser\u00e1 hasta que \u201cse demuestre (a m\u00ed misma) lo contrario\u201d, hasta que no sea m\u00e1s as\u00ed o asa para m\u00ed.<\/p>\n<p>Me es muy dif\u00edcil poder comunicar lo que pienso por escrito (importante tarea para el dise\u00f1ador). Debo ser impecable con mis palabras <em>(\u201cLos 4 acuerdos\u201d \u2013 Miguel Ruiz*)<\/em> pueden llegar a estar en el cosmos cibern\u00e9tico mucho tiempo, no hay vuelta atr\u00e1s,<em> no hay retractarse<\/em>. Esta inestabilidad que me genera el dejar mis pensamientos ser mutantes, rengl\u00f3n a rengl\u00f3n, me hacen sentir presi\u00f3n y miedo ya que las palabras siguen latiendo m\u00e1s arriba en este \u201cWord 2013\u201d que era al principio solo una hoja en blanco. M\u00e1s f\u00e1cil es cuando oralmente puedo decir \u201cNo fue lo que quise decir\u201d \u201cYo no dije eso\u201d. Ahora, apareci\u00f3 el<em> desaf\u00edo<\/em> y la <em>conciencia<\/em>.<\/p>\n<p>Cada vez que me detengo a pensar, hace lo mismo, sigue titilando el pulsor, como si no entendiera que quiz\u00e1 ya no soy la misma que al principio del texto, porque probablemente, ya no lo sea.<\/p>\n<p>Como he dicho, creo que no tengo aun las certezas suficientes como para poder dejar registrado lo que pienso, y espero nunca tenerlas, porque as\u00ed, no ser\u00e9 un ser en constante crecimiento.<\/p>\n<p>25\/05\/2018:<\/p>\n<p>Desestima lo que escrib\u00ed, no s\u00e9 si estoy de acuerdo\u2026<\/p>\n<p>&nbsp;<\/p>\n<p>&nbsp;<\/p>\n<p>&nbsp;<\/p>\n<p>*\u00a0 &#8220;<i><b>Los cuatro acuerdos<\/b><\/i>\u00a0es un ensayo de presunta soteriolog\u00eda tolteca escrito por el m\u00e9dico mexicano Miguel Ruiz\u00a0que, seg\u00fan \u00e9l mismo, est\u00e1 basado en la sabidur\u00eda de los antiguos toltecas. Relata la cosmovisi\u00f3n que deber\u00eda tener un ser humano para estar en <em>equilibrio personal, emocional, mental y social<\/em>; incorporando un sencillo procedimiento para eliminar creencias heredadas que limitan al ser humano.&#8221; &#8211; Wikipedia, la enciclopedia libre.<\/p>\n<p><img loading=\"lazy\" decoding=\"async\" data-attachment-id=\"4262\" data-permalink=\"https:\/\/www.catedracosgaya.com.ar\/tipoblog\/2018\/el-genio-maligno\/images\/\" data-orig-file=\"https:\/\/www.catedracosgaya.com.ar\/tipoblog\/2018\/wp-content\/uploads\/2018\/05\/images.jpg\" data-orig-size=\"744,1080\" data-comments-opened=\"0\" data-image-meta=\"{&quot;aperture&quot;:&quot;0&quot;,&quot;credit&quot;:&quot;&quot;,&quot;camera&quot;:&quot;&quot;,&quot;caption&quot;:&quot;&quot;,&quot;created_timestamp&quot;:&quot;0&quot;,&quot;copyright&quot;:&quot;&quot;,&quot;focal_length&quot;:&quot;0&quot;,&quot;iso&quot;:&quot;0&quot;,&quot;shutter_speed&quot;:&quot;0&quot;,&quot;title&quot;:&quot;&quot;,&quot;orientation&quot;:&quot;0&quot;}\" data-image-title=\"images\" data-image-description=\"\" data-image-caption=\"\" data-large-file=\"https:\/\/www.catedracosgaya.com.ar\/tipoblog\/2018\/wp-content\/uploads\/2018\/05\/images-705x1024.jpg\" class=\"alignnone size-medium wp-image-4262\" src=\"http:\/\/www.catedracosgaya.com.ar\/tipoblog\/2018\/wp-content\/uploads\/2018\/05\/images-207x300.jpg\" alt=\"\" width=\"207\" height=\"300\" srcset=\"https:\/\/www.catedracosgaya.com.ar\/tipoblog\/2018\/wp-content\/uploads\/2018\/05\/images-207x300.jpg 207w, https:\/\/www.catedracosgaya.com.ar\/tipoblog\/2018\/wp-content\/uploads\/2018\/05\/images-705x1024.jpg 705w, https:\/\/www.catedracosgaya.com.ar\/tipoblog\/2018\/wp-content\/uploads\/2018\/05\/images.jpg 744w\" sizes=\"auto, (max-width: 207px) 100vw, 207px\" \/><\/p>\n","protected":false},"excerpt":{"rendered":"<p>\u00bfQu\u00e9 pienso cuando pienso? &#8211;<br \/>\nLa comunicaci\u00f3n es para mi, un constante desaf\u00edo: Mi labor como dise\u00f1adora y mis pensamientos mutantes.<\/p>\n","protected":false},"author":14,"featured_media":4261,"comment_status":"closed","ping_status":"closed","sticky":false,"template":"","format":"standard","meta":{"jetpack_post_was_ever_published":false,"_jetpack_newsletter_access":"","_jetpack_dont_email_post_to_subs":false,"_jetpack_newsletter_tier_id":0,"_jetpack_memberships_contains_paywalled_content":false,"_jetpack_memberships_contains_paid_content":false,"footnotes":"","jetpack_publicize_message":"EL GENIO MALIGNO  #\u200eTipoblog #Tipograf&iacute;a2 #C&aacute;tedraCosgaya #\u200eFADU #\u200eUBA","jetpack_publicize_feature_enabled":true,"jetpack_social_post_already_shared":true,"jetpack_social_options":{"image_generator_settings":{"template":"highway","default_image_id":0,"font":"","enabled":false},"version":2}},"categories":[24],"tags":[74,73,72],"class_list":["post-4260","post","type-post","status-publish","format-standard","has-post-thumbnail","hentry","category-sociedad","tag-comunicar","tag-diseno","tag-pensamientos"],"jetpack_publicize_connections":[],"jetpack_featured_media_url":"https:\/\/www.catedracosgaya.com.ar\/tipoblog\/2018\/wp-content\/uploads\/2018\/05\/Agallas-01.jpg","jetpack_sharing_enabled":true,"jetpack_shortlink":"https:\/\/wp.me\/p9TJog-16I","_links":{"self":[{"href":"https:\/\/www.catedracosgaya.com.ar\/tipoblog\/2018\/wp-json\/wp\/v2\/posts\/4260","targetHints":{"allow":["GET"]}}],"collection":[{"href":"https:\/\/www.catedracosgaya.com.ar\/tipoblog\/2018\/wp-json\/wp\/v2\/posts"}],"about":[{"href":"https:\/\/www.catedracosgaya.com.ar\/tipoblog\/2018\/wp-json\/wp\/v2\/types\/post"}],"author":[{"embeddable":true,"href":"https:\/\/www.catedracosgaya.com.ar\/tipoblog\/2018\/wp-json\/wp\/v2\/users\/14"}],"replies":[{"embeddable":true,"href":"https:\/\/www.catedracosgaya.com.ar\/tipoblog\/2018\/wp-json\/wp\/v2\/comments?post=4260"}],"version-history":[{"count":1,"href":"https:\/\/www.catedracosgaya.com.ar\/tipoblog\/2018\/wp-json\/wp\/v2\/posts\/4260\/revisions"}],"predecessor-version":[{"id":4263,"href":"https:\/\/www.catedracosgaya.com.ar\/tipoblog\/2018\/wp-json\/wp\/v2\/posts\/4260\/revisions\/4263"}],"wp:featuredmedia":[{"embeddable":true,"href":"https:\/\/www.catedracosgaya.com.ar\/tipoblog\/2018\/wp-json\/wp\/v2\/media\/4261"}],"wp:attachment":[{"href":"https:\/\/www.catedracosgaya.com.ar\/tipoblog\/2018\/wp-json\/wp\/v2\/media?parent=4260"}],"wp:term":[{"taxonomy":"category","embeddable":true,"href":"https:\/\/www.catedracosgaya.com.ar\/tipoblog\/2018\/wp-json\/wp\/v2\/categories?post=4260"},{"taxonomy":"post_tag","embeddable":true,"href":"https:\/\/www.catedracosgaya.com.ar\/tipoblog\/2018\/wp-json\/wp\/v2\/tags?post=4260"}],"curies":[{"name":"wp","href":"https:\/\/api.w.org\/{rel}","templated":true}]}}